{"id":1397,"date":"2011-01-10T00:10:08","date_gmt":"2011-01-10T03:10:08","guid":{"rendered":"http:\/\/www.closetonline.com.br\/blogcarla\/?p=1397"},"modified":"2011-03-31T13:08:02","modified_gmt":"2011-03-31T16:08:02","slug":"domingo-de-folga","status":"publish","type":"post","link":"https:\/\/www.girosgourmet.com.br\/index.php\/domingo-de-folga\/","title":{"rendered":"Domingo de folga&#8230;"},"content":{"rendered":"<p style=\"text-align: justify;\">Ap\u00f3s banho de mar e tarde de praia em S\u00e3o Conrado com a turma da Luluzinha carioca, eu estou com a sensa\u00e7\u00e3o de que tudo nesta exist\u00eancia \u00e9 t\u00e3o vasto e a vida \u00e9 t\u00e3o interessante&#8230; Se todas as pessoas tivessem a oportunidade de embarcar nesta viagem imensa e maravilhosa&#8230; hahahahaha&#8230; Mas cada um tem\u00a0um ritmo diferente&#8230; E for\u00e7ar uma pessoa seria uma prova de n\u00e3o saber viver&#8230;<\/p>\n<p style=\"text-align: justify;\">Domingo de exageradas risadas, vis\u00f5es, planos para 2011&#8230; Eu particularmente estou tentando relaxar para a maratona que ir\u00e1 come\u00e7ar (Fashion Rio, SPFW e Fashion Cruise &#8211; prometo trazer not\u00edcias quentes deste universo)&#8230; E j\u00e1 ansiosa pelo reencontro com os amigos e partners do Brasil inteiro&#8230; E, claro, muita Moda&#8230; Cec\u00edlia j\u00e1 chegou ao Rio e logo, logo estaremos juntas!&#8230; Mas at\u00e9 tudo isso come\u00e7ar ainda estou sentindo todo este pouco tempo livre devagar e observando&#8230; Abrindo os caminhos mentais&#8230; Meios e fins n\u00e3o s\u00e3o problemas hoje&#8230; Afinal, estamos no 10\u00ba dia de 2011&#8230;<\/p>\n<p style=\"text-align: justify;\">Ahhhhhhhhhh! E \u00e1gua de mar faz bem a qualquer momento do ver\u00e3o brasileiro! E caminhada \u00e0s 8hs da matina no Leblon idem&#8230;<\/p>\n<p style=\"text-align: justify;\">Em resumo&#8230; Estou adorando esta energia! E que venha Amy Winehouse e Fashion Rio&#8230; Estou pront\u00edssima OFICIALMENTE! Risos&#8230; Beijos da paulistana!<\/p>\n<div id=\"attachment_1398\" style=\"width: 235px\" class=\"wp-caption aligncenter\"><a href=\"http:\/\/www.closetonline.com.br\/blogcarla\/wp-content\/uploads\/2011\/01\/DSC05792.jpg\"><img loading=\"lazy\" decoding=\"async\" aria-describedby=\"caption-attachment-1398\" class=\"size-medium wp-image-1398\" title=\"DSC05792\" src=\"http:\/\/www.closetonline.com.br\/blogcarla\/wp-content\/uploads\/2011\/01\/DSC05792-225x300.jpg\" alt=\"\" width=\"225\" height=\"300\" srcset=\"https:\/\/www.girosgourmet.com.br\/wp-content\/uploads\/2011\/01\/DSC05792-225x300.jpg 225w, https:\/\/www.girosgourmet.com.br\/wp-content\/uploads\/2011\/01\/DSC05792-112x150.jpg 112w, https:\/\/www.girosgourmet.com.br\/wp-content\/uploads\/2011\/01\/DSC05792.jpg 384w\" sizes=\"auto, (max-width: 225px) 100vw, 225px\" \/><\/a><p id=\"caption-attachment-1398\" class=\"wp-caption-text\">Fashion Rio - Junho 2010<\/p><\/div>\n<iframe src=\"http:\/\/www.facebook.com\/plugins\/like.php?href=https:\/\/www.girosgourmet.com.br\/index.php\/domingo-de-folga\/&amp;layout=standard&amp;show_faces=1&amp;width=450&amp;action=like&amp;colorscheme=light&amp;font=\" scrolling=\"no\" frameborder=\"0\" style=\"border:none; overflow:hidden; width:450px; height:60px\"><\/iframe>","protected":false},"excerpt":{"rendered":"<p>Ap\u00f3s banho de mar e tarde de praia em S\u00e3o Conrado com a turma da Luluzinha carioca, eu estou com a sensa\u00e7\u00e3o de que tudo nesta exist\u00eancia \u00e9 t\u00e3o vasto e a vida \u00e9 t\u00e3o interessante&#8230; Se todas as pessoas tivessem a oportunidade de embarcar nesta viagem imensa e maravilhosa&#8230; [&hellip;]<\/p>\n","protected":false},"author":3,"featured_media":0,"comment_status":"open","ping_status":"open","sticky":false,"template":"","format":"standard","meta":{"footnotes":""},"categories":[41],"tags":[],"class_list":["post-1397","post","type-post","status-publish","format-standard","hentry","category-viagens"],"_links":{"self":[{"href":"https:\/\/www.girosgourmet.com.br\/index.php\/wp-json\/wp\/v2\/posts\/1397","targetHints":{"allow":["GET"]}}],"collection":[{"href":"https:\/\/www.girosgourmet.com.br\/index.php\/wp-json\/wp\/v2\/posts"}],"about":[{"href":"https:\/\/www.girosgourmet.com.br\/index.php\/wp-json\/wp\/v2\/types\/post"}],"author":[{"embeddable":true,"href":"https:\/\/www.girosgourmet.com.br\/index.php\/wp-json\/wp\/v2\/users\/3"}],"replies":[{"embeddable":true,"href":"https:\/\/www.girosgourmet.com.br\/index.php\/wp-json\/wp\/v2\/comments?post=1397"}],"version-history":[{"count":6,"href":"https:\/\/www.girosgourmet.com.br\/index.php\/wp-json\/wp\/v2\/posts\/1397\/revisions"}],"predecessor-version":[{"id":1827,"href":"https:\/\/www.girosgourmet.com.br\/index.php\/wp-json\/wp\/v2\/posts\/1397\/revisions\/1827"}],"wp:attachment":[{"href":"https:\/\/www.girosgourmet.com.br\/index.php\/wp-json\/wp\/v2\/media?parent=1397"}],"wp:term":[{"taxonomy":"category","embeddable":true,"href":"https:\/\/www.girosgourmet.com.br\/index.php\/wp-json\/wp\/v2\/categories?post=1397"},{"taxonomy":"post_tag","embeddable":true,"href":"https:\/\/www.girosgourmet.com.br\/index.php\/wp-json\/wp\/v2\/tags?post=1397"}],"curies":[{"name":"wp","href":"https:\/\/api.w.org\/{rel}","templated":true}]}}