{"id":1383,"date":"2011-01-09T00:30:46","date_gmt":"2011-01-09T03:30:46","guid":{"rendered":"http:\/\/www.closetonline.com.br\/blogcarla\/?p=1383"},"modified":"2011-03-31T13:11:55","modified_gmt":"2011-03-31T16:11:55","slug":"clima-magico","status":"publish","type":"post","link":"https:\/\/www.girosgourmet.com.br\/index.php\/clima-magico\/","title":{"rendered":"Clima M\u00e1gico&#8230;"},"content":{"rendered":"<p style=\"text-align: justify;\">\u00c9 s\u00f3 chegar no Rio de Janeiro e beleza para mim passa a ser fundamental! E todos os anos \u00e9 assim&#8230; Eu sempre venho para c\u00e1 nos primeiros dias de janeiro, por conta do Fashion Rio, e admito: adoro!<\/p>\n<p style=\"text-align: justify;\">Porque sempre calha em uma \u00e9poca de mudan\u00e7as para todos n\u00f3s; seja no astral, na est\u00e9tica, nas finan\u00e7as&#8230; rs&#8230;<\/p>\n<p style=\"text-align: justify;\">No ver\u00e3o carioca somos obrigados a buscar o perfil da beleza saud\u00e1vel, esportiva&#8230; Em resumo, precisamos explorar mais os azuis e verdes, cores que t\u00eam a cara do Rio de Janeiro.<\/p>\n<p style=\"text-align: justify;\">Ah, que coisa boa \u00e9 curtir algumas horas com meus amigos cariocas, que sabem como ningu\u00e9m cultivar o meu espirito&#8230; Aqui os olhares s\u00e3o para horizontes infinitos onde tudo pode ser diferente! E se tem romance na hist\u00f3ria&#8230; Tudo ainda fica melhor&#8230; hehehe&#8230; Aqui tamb\u00e9m ap\u00f3s um banho de mar aumentamos a nossa f\u00e9, e enviamos doses mais poderosas de autoconfian\u00e7a e inspira\u00e7\u00e3o&#8230;<\/p>\n<p style=\"text-align: justify;\">Em v\u00e9spera de maratona fashionista, e com um inicio de ano meio zen&#8230; Nem t\u00f4 precisando me for\u00e7ar a ser feliz&#8230; Se felicidade est\u00e1 em algum lugar, neste momento ela est\u00e1 dentro de mim&#8230; S\u00f3 estou aguardando o ritmo da vida puxar-me para outro canto&#8230; Enquanto eu aguardo a minha participa\u00e7\u00e3o pela causa Fashion e o show da brit\u00e2nica Amy, eu apenas quero dizer que me sinto feliz por estar mais uma vez na Cidade Maravilhosa do Rio de Janeiro&#8230; Ahhhh! E s\u00f3 para constar, to um pouco al\u00e9rgica a mesquinharias e grosserias&#8230; Afinal, hoje ainda \u00e9 09 de janeiro&#8230; Vivam isso! Beijo com energia de Iemanj\u00e1.<\/p>\n<p style=\"text-align: center;\"><a href=\"http:\/\/www.closetonline.com.br\/blogcarla\/wp-content\/uploads\/2011\/01\/por-do-sol.jpg\"><img loading=\"lazy\" decoding=\"async\" class=\"alignnone size-medium wp-image-1394\" title=\"_por do sol\" src=\"http:\/\/www.closetonline.com.br\/blogcarla\/wp-content\/uploads\/2011\/01\/por-do-sol-300x225.jpg\" alt=\"\" width=\"300\" height=\"225\" srcset=\"https:\/\/www.girosgourmet.com.br\/wp-content\/uploads\/2011\/01\/por-do-sol-300x225.jpg 300w, https:\/\/www.girosgourmet.com.br\/wp-content\/uploads\/2011\/01\/por-do-sol-150x112.jpg 150w, https:\/\/www.girosgourmet.com.br\/wp-content\/uploads\/2011\/01\/por-do-sol.jpg 500w\" sizes=\"auto, (max-width: 300px) 100vw, 300px\" \/><\/a><\/p>\n<p style=\"text-align: center;\"><a href=\"http:\/\/www.closetonline.com.br\/blogcarla\/wp-content\/uploads\/2011\/01\/magico.jpg\"><\/a><\/p>\n<iframe src=\"http:\/\/www.facebook.com\/plugins\/like.php?href=https:\/\/www.girosgourmet.com.br\/index.php\/clima-magico\/&amp;layout=standard&amp;show_faces=1&amp;width=450&amp;action=like&amp;colorscheme=light&amp;font=\" scrolling=\"no\" frameborder=\"0\" style=\"border:none; overflow:hidden; width:450px; height:60px\"><\/iframe>","protected":false},"excerpt":{"rendered":"<p>\u00c9 s\u00f3 chegar no Rio de Janeiro e beleza para mim passa a ser fundamental! E todos os anos \u00e9 assim&#8230; Eu sempre venho para c\u00e1 nos primeiros dias de janeiro, por conta do Fashion Rio, e admito: adoro! Porque sempre calha em uma \u00e9poca de mudan\u00e7as para todos n\u00f3s; [&hellip;]<\/p>\n","protected":false},"author":3,"featured_media":0,"comment_status":"open","ping_status":"open","sticky":false,"template":"","format":"standard","meta":{"footnotes":""},"categories":[41],"tags":[119,111],"class_list":["post-1383","post","type-post","status-publish","format-standard","hentry","category-viagens","tag-amigos","tag-rio-de-janeiro"],"_links":{"self":[{"href":"https:\/\/www.girosgourmet.com.br\/index.php\/wp-json\/wp\/v2\/posts\/1383","targetHints":{"allow":["GET"]}}],"collection":[{"href":"https:\/\/www.girosgourmet.com.br\/index.php\/wp-json\/wp\/v2\/posts"}],"about":[{"href":"https:\/\/www.girosgourmet.com.br\/index.php\/wp-json\/wp\/v2\/types\/post"}],"author":[{"embeddable":true,"href":"https:\/\/www.girosgourmet.com.br\/index.php\/wp-json\/wp\/v2\/users\/3"}],"replies":[{"embeddable":true,"href":"https:\/\/www.girosgourmet.com.br\/index.php\/wp-json\/wp\/v2\/comments?post=1383"}],"version-history":[{"count":8,"href":"https:\/\/www.girosgourmet.com.br\/index.php\/wp-json\/wp\/v2\/posts\/1383\/revisions"}],"predecessor-version":[{"id":1453,"href":"https:\/\/www.girosgourmet.com.br\/index.php\/wp-json\/wp\/v2\/posts\/1383\/revisions\/1453"}],"wp:attachment":[{"href":"https:\/\/www.girosgourmet.com.br\/index.php\/wp-json\/wp\/v2\/media?parent=1383"}],"wp:term":[{"taxonomy":"category","embeddable":true,"href":"https:\/\/www.girosgourmet.com.br\/index.php\/wp-json\/wp\/v2\/categories?post=1383"},{"taxonomy":"post_tag","embeddable":true,"href":"https:\/\/www.girosgourmet.com.br\/index.php\/wp-json\/wp\/v2\/tags?post=1383"}],"curies":[{"name":"wp","href":"https:\/\/api.w.org\/{rel}","templated":true}]}}