{"id":1352,"date":"2011-01-03T17:59:42","date_gmt":"2011-01-03T20:59:42","guid":{"rendered":"http:\/\/www.closetonline.com.br\/blogcarla\/?p=1352"},"modified":"2011-03-31T13:26:19","modified_gmt":"2011-03-31T16:26:19","slug":"ano-novo-transcontinental","status":"publish","type":"post","link":"https:\/\/www.girosgourmet.com.br\/index.php\/ano-novo-transcontinental\/","title":{"rendered":"Ano Novo Transcontinental"},"content":{"rendered":"<p style=\"text-align: justify;\">O ano mal come\u00e7ou e eu j\u00e1 sinto novidades no ar&#8230; Voltando \u00e0 vida normal, algu\u00e9m pode me dizer como se faz isso? Ap\u00f3s dias maravilhosos entre tr\u00eas cidades diferentes, Paraty, Ubatuba e S\u00e3o Paulo, eu simplesmente posso dizer \u201cEstou feliz\u201d&#8230; Afinal, meus caros, natureza, simplicidade e cinema ajudam a me manter na linha! rs&#8230; Hey, j\u00e1 repararam como SP fica simplesmente um tes\u00e3o na primeira semana do ano?! Eu n\u00e3o troco isso aqui por nada&#8230; E por este motivo percorri tantas cidades para chegar aqui no dia 31 e estar com os amigos que valem a pena ficar at\u00e9 o \u00faltimo minuto do ano!! E claro, todos os demais guardados dentro do meu cora\u00e7\u00e3o&#8230;<\/p>\n<p style=\"text-align: justify;\">Ah, e ver a S\u00e3o Silvestre \u00e9 algo fant\u00e1stico, lugar altamente paquer\u00e1vel e a cada ano as probabilidades s\u00f3 aumentam e se multiplicam&#8230; Sem contar as figuras art\u00edsticas que d\u00e3o o colorido no evento&#8230;. Vale super \u00e1 pena vivenciar esta pequena, mas not\u00e1vel, experi\u00eancia, e quando um\u00a0 brasileiro ganha, como foi o caso, o meu cora\u00e7\u00e3o e a minha energia ficam satisfeitos.<\/p>\n<p style=\"text-align: justify;\">Come\u00e7o o ano entendendo definitivamente como o tempo est\u00e1 a meu favor&#8230; E procuro fazer amizade com ele como meu amigo e meu aliado&#8230; Porque \u00e0s vezes, meus caros, precisamos tamb\u00e9m viver dias de seguran\u00e7a&#8230; To aproveitando o impulso da minha f\u00e9 de inicio de ano e tomando atitudes inusitadas, como desfazer maus relacionamentos, tentando fazer as pazes comigo e com os outros&#8230; Irradiando a minha alegria e a vontade de compartilhar o melhor do meu cora\u00e7\u00e3o com o maior n\u00famero poss\u00edvel de pessoas&#8230; Esperando que com esta f\u00f3rmula tudo dar\u00e1 certo sempre&#8230;<\/p>\n<p style=\"text-align: justify;\">A chegada do recente ver\u00e3o tamb\u00e9m empolga, embora confesso estar gostando destes dias nublados e fresquinhos em SP, mas em 7 dias eu mais ou menos imagino o que me espera na cidade do Rio de Janeiro, quando cobrirei mais uma edi\u00e7\u00e3o do Fashion Rio&#8230; 5 dias de Moda, estou empolgada&#8230; H\u00e1 tempos precisava desta inje\u00e7\u00e3o de overdose fashion&#8230; Essencial para minha exist\u00eancia&#8230;<\/p>\n<p style=\"text-align: justify;\">Espero que em 2011 eu saia mais pelo mundo, porque s\u00f3 desta forma eu sinto que fa\u00e7o parte dele, e com esta sensa\u00e7\u00e3o, me torno um gr\u00e3ozinho de areia perdido na imensid\u00e3o do universo.<\/p>\n<p style=\"text-align: justify;\">Ah, sim, tamb\u00e9m quero me olhar para dentro com mais freq\u00fc\u00eancia, mesmo precisando de uma m\u00e3ozinha dos amigos, dos filmes e livros cabe\u00e7as&#8230;<\/p>\n<p style=\"text-align: justify;\">Pessoas queridas, vamos come\u00e7ar o ano bem&#8230; Tente trazer por mais alguns dias a vibra\u00e7\u00e3o (que s\u00f3 depende de voc\u00ea) do ano novo&#8230; Quanto a mim, preciso virar uma mulher comedora de alface urgente! Risos&#8230; Beijosssssssssssss<\/p>\n<div id=\"attachment_1353\" style=\"width: 310px\" class=\"wp-caption aligncenter\"><a href=\"http:\/\/www.closetonline.com.br\/blogcarla\/wp-content\/uploads\/2011\/01\/reveillon5.jpg\"><img loading=\"lazy\" decoding=\"async\" aria-describedby=\"caption-attachment-1353\" class=\"size-medium wp-image-1353\" title=\"_reveillon5\" src=\"http:\/\/www.closetonline.com.br\/blogcarla\/wp-content\/uploads\/2011\/01\/reveillon5-300x225.jpg\" alt=\"\" width=\"300\" height=\"225\" srcset=\"https:\/\/www.girosgourmet.com.br\/wp-content\/uploads\/2011\/01\/reveillon5-300x225.jpg 300w, https:\/\/www.girosgourmet.com.br\/wp-content\/uploads\/2011\/01\/reveillon5-150x112.jpg 150w, https:\/\/www.girosgourmet.com.br\/wp-content\/uploads\/2011\/01\/reveillon5.jpg 720w\" sizes=\"auto, (max-width: 300px) 100vw, 300px\" \/><\/a><p id=\"caption-attachment-1353\" class=\"wp-caption-text\">Jantar de reveillon em SP<\/p><\/div>\n<iframe src=\"http:\/\/www.facebook.com\/plugins\/like.php?href=https:\/\/www.girosgourmet.com.br\/index.php\/ano-novo-transcontinental\/&amp;layout=standard&amp;show_faces=1&amp;width=450&amp;action=like&amp;colorscheme=light&amp;font=\" scrolling=\"no\" frameborder=\"0\" style=\"border:none; overflow:hidden; width:450px; height:60px\"><\/iframe>","protected":false},"excerpt":{"rendered":"<p>O ano mal come\u00e7ou e eu j\u00e1 sinto novidades no ar&#8230; Voltando \u00e0 vida normal, algu\u00e9m pode me dizer como se faz isso? Ap\u00f3s dias maravilhosos entre tr\u00eas cidades diferentes, Paraty, Ubatuba e S\u00e3o Paulo, eu simplesmente posso dizer \u201cEstou feliz\u201d&#8230; Afinal, meus caros, natureza, simplicidade e cinema ajudam a [&hellip;]<\/p>\n","protected":false},"author":3,"featured_media":0,"comment_status":"open","ping_status":"open","sticky":false,"template":"","format":"standard","meta":{"footnotes":""},"categories":[39],"tags":[128,127,129],"class_list":["post-1352","post","type-post","status-publish","format-standard","hentry","category-gastronomia","tag-ano-novo","tag-sao-silvestre","tag-verao"],"_links":{"self":[{"href":"https:\/\/www.girosgourmet.com.br\/index.php\/wp-json\/wp\/v2\/posts\/1352","targetHints":{"allow":["GET"]}}],"collection":[{"href":"https:\/\/www.girosgourmet.com.br\/index.php\/wp-json\/wp\/v2\/posts"}],"about":[{"href":"https:\/\/www.girosgourmet.com.br\/index.php\/wp-json\/wp\/v2\/types\/post"}],"author":[{"embeddable":true,"href":"https:\/\/www.girosgourmet.com.br\/index.php\/wp-json\/wp\/v2\/users\/3"}],"replies":[{"embeddable":true,"href":"https:\/\/www.girosgourmet.com.br\/index.php\/wp-json\/wp\/v2\/comments?post=1352"}],"version-history":[{"count":6,"href":"https:\/\/www.girosgourmet.com.br\/index.php\/wp-json\/wp\/v2\/posts\/1352\/revisions"}],"predecessor-version":[{"id":1355,"href":"https:\/\/www.girosgourmet.com.br\/index.php\/wp-json\/wp\/v2\/posts\/1352\/revisions\/1355"}],"wp:attachment":[{"href":"https:\/\/www.girosgourmet.com.br\/index.php\/wp-json\/wp\/v2\/media?parent=1352"}],"wp:term":[{"taxonomy":"category","embeddable":true,"href":"https:\/\/www.girosgourmet.com.br\/index.php\/wp-json\/wp\/v2\/categories?post=1352"},{"taxonomy":"post_tag","embeddable":true,"href":"https:\/\/www.girosgourmet.com.br\/index.php\/wp-json\/wp\/v2\/tags?post=1352"}],"curies":[{"name":"wp","href":"https:\/\/api.w.org\/{rel}","templated":true}]}}