{"id":12314,"date":"2024-11-18T19:28:17","date_gmt":"2024-11-18T22:28:17","guid":{"rendered":"https:\/\/www.girosgourmet.com.br\/?p=12314"},"modified":"2024-11-18T19:28:45","modified_gmt":"2024-11-18T22:28:45","slug":"jardim-da-mantiqueira-um-oasis-no-meio-de-monte-verde","status":"publish","type":"post","link":"https:\/\/www.girosgourmet.com.br\/index.php\/jardim-da-mantiqueira-um-oasis-no-meio-de-monte-verde\/","title":{"rendered":"<strong>Jardim da Mantiqueira \u2013 Um o\u00e1sis no meio de Monte Verde.<\/strong>"},"content":{"rendered":"\n<figure class=\"wp-block-image size-large\"><a href=\"https:\/\/www.girosgourmet.com.br\/wp-content\/uploads\/2024\/11\/Marcio-Masulino-jardim-da-mantiqueira-50-002-scaled.jpg\"><img loading=\"lazy\" decoding=\"async\" width=\"1024\" height=\"683\" src=\"https:\/\/www.girosgourmet.com.br\/wp-content\/uploads\/2024\/11\/Marcio-Masulino-jardim-da-mantiqueira-50-002-1024x683.jpg\" alt=\"\" class=\"wp-image-12315\" srcset=\"https:\/\/www.girosgourmet.com.br\/wp-content\/uploads\/2024\/11\/Marcio-Masulino-jardim-da-mantiqueira-50-002-1024x683.jpg 1024w, https:\/\/www.girosgourmet.com.br\/wp-content\/uploads\/2024\/11\/Marcio-Masulino-jardim-da-mantiqueira-50-002-300x200.jpg 300w, https:\/\/www.girosgourmet.com.br\/wp-content\/uploads\/2024\/11\/Marcio-Masulino-jardim-da-mantiqueira-50-002-768x512.jpg 768w, https:\/\/www.girosgourmet.com.br\/wp-content\/uploads\/2024\/11\/Marcio-Masulino-jardim-da-mantiqueira-50-002-1536x1025.jpg 1536w, https:\/\/www.girosgourmet.com.br\/wp-content\/uploads\/2024\/11\/Marcio-Masulino-jardim-da-mantiqueira-50-002-2048x1366.jpg 2048w, https:\/\/www.girosgourmet.com.br\/wp-content\/uploads\/2024\/11\/Marcio-Masulino-jardim-da-mantiqueira-50-002-360x240.jpg 360w\" sizes=\"auto, (max-width: 1024px) 100vw, 1024px\" \/><\/a><\/figure>\n\n\n\n<p><\/p>\n\n\n\n<p style=\"text-align: justify;\">Natureza exuberante, cantinhos pitorescos para meditar, ler um livro ou simplesmente relaxar, e com uma \u00f3tima localiza\u00e7\u00e3o para quem quer curtir a cidade de <strong>Monte Verde, <\/strong>estes s\u00e3o apenas alguns motivos plaus\u00edveis para se hospedar no <strong>Jardim da Mantiqueira.<\/strong> Constru\u00edda em meio \u00e1 mata nativa, o lugar \u00e9 a escolha ideal para momentos memor\u00e1veis a dois.<\/p>\n\n\n\n<p><\/p>\n\n\n\n<figure class=\"wp-block-image size-large\"><a href=\"https:\/\/www.girosgourmet.com.br\/wp-content\/uploads\/2024\/11\/Marcio-Masulino-pousada-das-pedras-9-002-scaled.jpg\"><img loading=\"lazy\" decoding=\"async\" width=\"1024\" height=\"683\" src=\"https:\/\/www.girosgourmet.com.br\/wp-content\/uploads\/2024\/11\/Marcio-Masulino-pousada-das-pedras-9-002-1024x683.jpg\" alt=\"\" class=\"wp-image-12316\" srcset=\"https:\/\/www.girosgourmet.com.br\/wp-content\/uploads\/2024\/11\/Marcio-Masulino-pousada-das-pedras-9-002-1024x683.jpg 1024w, https:\/\/www.girosgourmet.com.br\/wp-content\/uploads\/2024\/11\/Marcio-Masulino-pousada-das-pedras-9-002-300x200.jpg 300w, https:\/\/www.girosgourmet.com.br\/wp-content\/uploads\/2024\/11\/Marcio-Masulino-pousada-das-pedras-9-002-768x512.jpg 768w, https:\/\/www.girosgourmet.com.br\/wp-content\/uploads\/2024\/11\/Marcio-Masulino-pousada-das-pedras-9-002-1536x1025.jpg 1536w, https:\/\/www.girosgourmet.com.br\/wp-content\/uploads\/2024\/11\/Marcio-Masulino-pousada-das-pedras-9-002-2048x1366.jpg 2048w, https:\/\/www.girosgourmet.com.br\/wp-content\/uploads\/2024\/11\/Marcio-Masulino-pousada-das-pedras-9-002-360x240.jpg 360w\" sizes=\"auto, (max-width: 1024px) 100vw, 1024px\" \/><\/a><\/figure>\n\n\n\n<p><\/p>\n\n\n\n<p style=\"text-align: justify;\">Os chal\u00e9s possuem tr\u00eas tipos de hospedagens distintos: <strong>Chales luxo com hidromassagem<\/strong>, Espa\u00e7o amplo, com lareira, varanda privativa e banheira de hidromassagem para dois. <strong>Su\u00edte luxo com vista<\/strong>, aqui voc\u00ea encontrar\u00e1 um espa\u00e7o mais aconchegante com uma linda vista para desfrutar. A pousada ainda oferece su\u00edtes com varandas privativas e aquecedores el\u00e9tricos, e que podem hospedar at\u00e9 tr\u00eas pessoas. Todas com camas confort\u00e1veis, TV, ar-condicionado e toda infraestrutura \u00fatil para que os visitantes possam aproveitar ao m\u00e1ximo sua estadia.<\/p>\n\n\n\n<p><\/p>\n\n\n\n<figure class=\"wp-block-image size-large\"><a href=\"https:\/\/www.girosgourmet.com.br\/wp-content\/uploads\/2024\/11\/Marcio-Masulino-jardim-da-mantiqueira-26-002-scaled.jpg\"><img loading=\"lazy\" decoding=\"async\" width=\"1024\" height=\"683\" src=\"https:\/\/www.girosgourmet.com.br\/wp-content\/uploads\/2024\/11\/Marcio-Masulino-jardim-da-mantiqueira-26-002-1024x683.jpg\" alt=\"\" class=\"wp-image-12317\" srcset=\"https:\/\/www.girosgourmet.com.br\/wp-content\/uploads\/2024\/11\/Marcio-Masulino-jardim-da-mantiqueira-26-002-1024x683.jpg 1024w, https:\/\/www.girosgourmet.com.br\/wp-content\/uploads\/2024\/11\/Marcio-Masulino-jardim-da-mantiqueira-26-002-300x200.jpg 300w, https:\/\/www.girosgourmet.com.br\/wp-content\/uploads\/2024\/11\/Marcio-Masulino-jardim-da-mantiqueira-26-002-768x512.jpg 768w, https:\/\/www.girosgourmet.com.br\/wp-content\/uploads\/2024\/11\/Marcio-Masulino-jardim-da-mantiqueira-26-002-1536x1025.jpg 1536w, https:\/\/www.girosgourmet.com.br\/wp-content\/uploads\/2024\/11\/Marcio-Masulino-jardim-da-mantiqueira-26-002-2048x1366.jpg 2048w, https:\/\/www.girosgourmet.com.br\/wp-content\/uploads\/2024\/11\/Marcio-Masulino-jardim-da-mantiqueira-26-002-360x240.jpg 360w\" sizes=\"auto, (max-width: 1024px) 100vw, 1024px\" \/><\/a><\/figure>\n\n\n\n<p><\/p>\n\n\n\n<p style=\"text-align: justify;\">Um outro motivo bacana e, para mim, uma \u201cgastroturista compulsiva\u201d, essencial, \u00e9 a gastronomia do lugar. Al\u00e9m de um caf\u00e9 da manh\u00e3 acolhedor, com coisinhas deliciosas para se aproveitar bem o dia, de quebra enquanto voc\u00ea degusta sua xicara de ch\u00e1, ter\u00e1 \u00e0 sua frente uma linda vista da mata para regular seu cortisol, garantindo um dia reparador. infelizmente o lugar n\u00e3o possui restaurante, mas h\u00e1 um km dali est\u00e1 localizado os melhores lugares para se comer e ser feliz.<\/p>\n\n\n\n<p><\/p>\n\n\n\n<figure class=\"wp-block-image size-large\"><a href=\"https:\/\/www.girosgourmet.com.br\/wp-content\/uploads\/2024\/11\/Marcio-Masulino-jardim-da-mantiqueira-22-002-scaled.jpg\"><img loading=\"lazy\" decoding=\"async\" width=\"1024\" height=\"683\" src=\"https:\/\/www.girosgourmet.com.br\/wp-content\/uploads\/2024\/11\/Marcio-Masulino-jardim-da-mantiqueira-22-002-1024x683.jpg\" alt=\"\" class=\"wp-image-12318\" srcset=\"https:\/\/www.girosgourmet.com.br\/wp-content\/uploads\/2024\/11\/Marcio-Masulino-jardim-da-mantiqueira-22-002-1024x683.jpg 1024w, https:\/\/www.girosgourmet.com.br\/wp-content\/uploads\/2024\/11\/Marcio-Masulino-jardim-da-mantiqueira-22-002-300x200.jpg 300w, https:\/\/www.girosgourmet.com.br\/wp-content\/uploads\/2024\/11\/Marcio-Masulino-jardim-da-mantiqueira-22-002-768x512.jpg 768w, https:\/\/www.girosgourmet.com.br\/wp-content\/uploads\/2024\/11\/Marcio-Masulino-jardim-da-mantiqueira-22-002-1536x1025.jpg 1536w, https:\/\/www.girosgourmet.com.br\/wp-content\/uploads\/2024\/11\/Marcio-Masulino-jardim-da-mantiqueira-22-002-2048x1366.jpg 2048w, https:\/\/www.girosgourmet.com.br\/wp-content\/uploads\/2024\/11\/Marcio-Masulino-jardim-da-mantiqueira-22-002-360x240.jpg 360w\" sizes=\"auto, (max-width: 1024px) 100vw, 1024px\" \/><\/a><\/figure>\n\n\n\n<p><\/p>\n\n\n\n<p style=\"text-align: justify;\">O ver\u00e3o est\u00e1 chegando e nada melhor do que pegar o amor de sua vida e dar uma descansada nos olhos nas sagradas montanhas de Monte Verde. Chegar l\u00e1, tomar um vinho, acender uma fogueira, tudo sem pressa, apenas respeitando seu tempo, ser\u00e1 um b\u00e1lsamo para sua mente e seu corpo. Ah! E rel\u00f3gios e celulares s\u00e3o dispens\u00e1veis neste para\u00edso sem frescura. Vale a visita!<\/p>\n\n\n\n<p>Servi\u00e7o<br><strong><a href=\"https:\/\/www.google.com\/search?sca_esv=0c2ba5a19502270d&amp;rlz=1C1RXQR_pt-PTBR1076BR1076&amp;sxsrf=ADLYWIJTLBTFbS7gYdd5UCRvgHMBQaA82g:1731966810260&amp;q=pousada+jardim+da+mantiqueira+endere%C3%A7o&amp;ludocid=14653566208393838745&amp;sa=X&amp;ved=2ahUKEwiQ1fOT7-aJAxVUr5UCHQRILmgQ6BN6BAg7EAI\">Endere\u00e7o<\/a>:&nbsp;<\/strong>R. da Mantiqueira, 473 &#8211; Monte Verde, Camanducaia &#8211; MG, 37650-000<\/p>\n\n\n\n<p><strong>Telefone:&nbsp;<\/strong><a href=\"https:\/\/www.google.com\/search?gs_ssp=eJwNxkEOQDAQAMC4SvyhDs7dlQr1BJ-QtrsoKVE0ns-cJi_kLBFptFu40gJZX8GrlXMIqkaEtmNDPbzONpYdKZwm24HWQ7maSD4IMiKY_fbnwz7-P_abReJI_AG87hzB&amp;q=jardim+da+mantiqueira+monte+verde&amp;rlz=1C1RXQR_pt-PTBR1076BR1076&amp;oq=Jardim+da+Mantiqueira+&amp;gs_lcrp=EgZjaHJvbWUqEwgCEC4YrwEYxwEYgAQYmAUYmQUyBggAEEUYOTIHCAEQABiABDITCAIQLhivARjHARiABBiYBRiZBTIICAMQABgWGB4yCAgEEAAYFhgeMggIBRAAGBYYHjIICAYQABgWGB4yCAgHEAAYFhgeMggICBAAGBYYHjIICAkQABgWGB7SAQoxNDM2MGoxajE1qAIIsAIB&amp;sourceid=chrome&amp;ie=UTF-8\">(35) 3438-1912<\/a><\/p>\n\n\n\n<p>Di\u00e1rias: A partir de R$490,00 (Durante a semana)<\/p>\n\n\n\n<p>Credito Imagens: M\u00e1rcio Masulino<\/p>\n<iframe src=\"http:\/\/www.facebook.com\/plugins\/like.php?href=https:\/\/www.girosgourmet.com.br\/index.php\/jardim-da-mantiqueira-um-oasis-no-meio-de-monte-verde\/&amp;layout=standard&amp;show_faces=1&amp;width=450&amp;action=like&amp;colorscheme=light&amp;font=\" scrolling=\"no\" frameborder=\"0\" style=\"border:none; overflow:hidden; width:450px; height:60px\"><\/iframe>","protected":false},"excerpt":{"rendered":"<p>Natureza exuberante, cantinhos pitorescos para meditar, ler um livro ou simplesmente relaxar, e com uma \u00f3tima localiza\u00e7\u00e3o para quem quer curtir a cidade de Monte Verde, estes s\u00e3o apenas alguns motivos plaus\u00edveis para se hospedar no Jardim da Mantiqueira. Constru\u00edda em meio \u00e1 mata nativa, o lugar \u00e9 a escolha [&hellip;]<\/p>\n","protected":false},"author":3,"featured_media":12315,"comment_status":"open","ping_status":"closed","sticky":false,"template":"","format":"standard","meta":{"footnotes":""},"categories":[1703,41],"tags":[2874,2245,1925],"class_list":["post-12314","post","type-post","status-publish","format-standard","has-post-thumbnail","hentry","category-fique-aqui","category-viagens","tag-cafe-da-manha-2","tag-monte-verde","tag-pousada"],"_links":{"self":[{"href":"https:\/\/www.girosgourmet.com.br\/index.php\/wp-json\/wp\/v2\/posts\/12314","targetHints":{"allow":["GET"]}}],"collection":[{"href":"https:\/\/www.girosgourmet.com.br\/index.php\/wp-json\/wp\/v2\/posts"}],"about":[{"href":"https:\/\/www.girosgourmet.com.br\/index.php\/wp-json\/wp\/v2\/types\/post"}],"author":[{"embeddable":true,"href":"https:\/\/www.girosgourmet.com.br\/index.php\/wp-json\/wp\/v2\/users\/3"}],"replies":[{"embeddable":true,"href":"https:\/\/www.girosgourmet.com.br\/index.php\/wp-json\/wp\/v2\/comments?post=12314"}],"version-history":[{"count":2,"href":"https:\/\/www.girosgourmet.com.br\/index.php\/wp-json\/wp\/v2\/posts\/12314\/revisions"}],"predecessor-version":[{"id":12320,"href":"https:\/\/www.girosgourmet.com.br\/index.php\/wp-json\/wp\/v2\/posts\/12314\/revisions\/12320"}],"wp:featuredmedia":[{"embeddable":true,"href":"https:\/\/www.girosgourmet.com.br\/index.php\/wp-json\/wp\/v2\/media\/12315"}],"wp:attachment":[{"href":"https:\/\/www.girosgourmet.com.br\/index.php\/wp-json\/wp\/v2\/media?parent=12314"}],"wp:term":[{"taxonomy":"category","embeddable":true,"href":"https:\/\/www.girosgourmet.com.br\/index.php\/wp-json\/wp\/v2\/categories?post=12314"},{"taxonomy":"post_tag","embeddable":true,"href":"https:\/\/www.girosgourmet.com.br\/index.php\/wp-json\/wp\/v2\/tags?post=12314"}],"curies":[{"name":"wp","href":"https:\/\/api.w.org\/{rel}","templated":true}]}}