{"id":12059,"date":"2023-08-02T17:50:10","date_gmt":"2023-08-02T20:50:10","guid":{"rendered":"http:\/\/www.girosgourmet.com.br\/?p=12059"},"modified":"2023-08-02T17:50:30","modified_gmt":"2023-08-02T20:50:30","slug":"cinco-menus-harmonizados-para-celebrar-o-dia-dos-pais","status":"publish","type":"post","link":"https:\/\/www.girosgourmet.com.br\/index.php\/cinco-menus-harmonizados-para-celebrar-o-dia-dos-pais\/","title":{"rendered":"Cinco menus harmonizados para celebrar o Dia dos Pais."},"content":{"rendered":"\n<p style=\"text-align: justify;\">Pratos e drinques em sintonia em quatro bons restaurantes na cidade de S\u00e3o Paulo comp\u00f5em menus especiais para comemora\u00e7\u00e3o do <strong>Dia dos Pais<\/strong>, no domingo (13), com op\u00e7\u00f5es para todos os gostos, da comida japonesa e italiana,\u00a0 ao brunch com parrilla. Reservas s\u00e3o recomendadas. Confira:\u00a0<\/p>\n\n\n\n<p><strong>1 \u2013 AIM<\/strong>A<\/p>\n\n\n\n<figure class=\"wp-block-image size-large\"><a href=\"http:\/\/www.girosgourmet.com.br\/wp-content\/uploads\/2023\/08\/AIMA-FOTO-01-scaled.jpg\"><img loading=\"lazy\" decoding=\"async\" width=\"1024\" height=\"691\" src=\"http:\/\/www.girosgourmet.com.br\/wp-content\/uploads\/2023\/08\/AIMA-FOTO-01-1024x691.jpg\" alt=\"\" class=\"wp-image-12060\" srcset=\"https:\/\/www.girosgourmet.com.br\/wp-content\/uploads\/2023\/08\/AIMA-FOTO-01-1024x691.jpg 1024w, https:\/\/www.girosgourmet.com.br\/wp-content\/uploads\/2023\/08\/AIMA-FOTO-01-300x202.jpg 300w, https:\/\/www.girosgourmet.com.br\/wp-content\/uploads\/2023\/08\/AIMA-FOTO-01-768x518.jpg 768w, https:\/\/www.girosgourmet.com.br\/wp-content\/uploads\/2023\/08\/AIMA-FOTO-01-1536x1036.jpg 1536w, https:\/\/www.girosgourmet.com.br\/wp-content\/uploads\/2023\/08\/AIMA-FOTO-01-2048x1382.jpg 2048w\" sizes=\"auto, (max-width: 1024px) 100vw, 1024px\" \/><\/a><\/figure>\n\n\n\n<p style=\"text-align: justify;\">Inspirado na filosofia Wabi-Sabi e na arte do Kintsugi, o contempor\u00e2neo\u00a0<strong>AIMA<\/strong>\u00a0promove um menu especial &#8211;\u00a0<strong>de 6 a 13 de agosto<\/strong>\u00a0\u2013 com pratos autorais, no almo\u00e7o e jantar que v\u00e3o das Vieiras com crosta de cogumelos, passando pelo Sushi de Wagyu at\u00e9 o Sushi de Bijupir\u00e1 com Mel Trufado, entre outras op\u00e7\u00f5es incr\u00edveis.<\/p>\n\n\n\n<p style=\"text-align: justify;\"><strong>Para harmonizar:<\/strong>\u00a0Uma carta de coquet\u00e9is exclusivos com os drinques\u00a0<em>Sencha Collins<\/em>\u00a0com\u00a0<strong>Beefeater 24<\/strong>,\u00a0<em>Takana Smash<\/em>\u00a0com\u00a0<strong>The Glenlivet Founder&#8217;s Reserve<\/strong>\u00a0e\u00a0<em>Asama<\/em>\u00a0com\u00a0<strong>Absolut.<\/strong><\/p>\n\n\n\n<p><strong>Quanto:<\/strong>&nbsp;R$ 625 e serve duas pessoas.<\/p>\n\n\n\n<p><strong>Onde:<\/strong>&nbsp;Shopping Iguatemi. Avenida Brigadeiro Faria Lima, 2232.<\/p>\n\n\n\n<p><strong>2 \u2013 KITCHIN<\/strong><\/p>\n\n\n\n<figure class=\"wp-block-image size-large\"><a href=\"http:\/\/www.girosgourmet.com.br\/wp-content\/uploads\/2023\/08\/Kitchin-FOTO-O2-scaled.jpg\"><img loading=\"lazy\" decoding=\"async\" width=\"1024\" height=\"683\" src=\"http:\/\/www.girosgourmet.com.br\/wp-content\/uploads\/2023\/08\/Kitchin-FOTO-O2-1024x683.jpg\" alt=\"\" class=\"wp-image-12061\" srcset=\"https:\/\/www.girosgourmet.com.br\/wp-content\/uploads\/2023\/08\/Kitchin-FOTO-O2-1024x683.jpg 1024w, https:\/\/www.girosgourmet.com.br\/wp-content\/uploads\/2023\/08\/Kitchin-FOTO-O2-300x200.jpg 300w, https:\/\/www.girosgourmet.com.br\/wp-content\/uploads\/2023\/08\/Kitchin-FOTO-O2-768x512.jpg 768w, https:\/\/www.girosgourmet.com.br\/wp-content\/uploads\/2023\/08\/Kitchin-FOTO-O2-1536x1024.jpg 1536w, https:\/\/www.girosgourmet.com.br\/wp-content\/uploads\/2023\/08\/Kitchin-FOTO-O2-2048x1366.jpg 2048w, https:\/\/www.girosgourmet.com.br\/wp-content\/uploads\/2023\/08\/Kitchin-FOTO-O2-360x240.jpg 360w\" sizes=\"auto, (max-width: 1024px) 100vw, 1024px\" \/><\/a><\/figure>\n\n\n\n<p style=\"text-align: justify;\">O renomado e descoladodestino gastron\u00f4mico com unidades no Itaim e Shopping JK, em S\u00e3o Paulo, e no Leblon, no Rio de Janeiro, tamb\u00e9m oferece um menu especial para duas pessoas durante a semana,\u00a0<strong>de 6 a 13 de agosto<\/strong>. Com pratos como Carpaccio yellowtail, Sushi de vieira e Jyo centolla especial.<\/p>\n\n\n\n<p style=\"text-align: justify;\"><strong>Para harmonizar:<\/strong>\u00a0As op\u00e7\u00f5es White Lady com\u00a0<strong>Beefeater 24<\/strong>\u00a0e Wasabi Fresh, com\u00a0<strong>Absolut<\/strong>, s\u00e3o as pedidas perfeitas.<\/p>\n\n\n\n<p><strong>Quanto:&nbsp;<\/strong>R$ 530 e serve duas pessoas.<\/p>\n\n\n\n<p style=\"text-align: justify;\"><strong>Onde:<\/strong>\u00a0S\u00e3o Paulo &#8211; Itaim Bibi &#8211; Rua Iai\u00e1, 83 e Shopping JK &#8211; Av. Presidente Juscelino Kubitschek, 2041 | Rio de Janeiro &#8211; Av. Afr\u00e2nio de Melo Franco, 290 \u2013 Leblon.<\/p>\n\n\n\n<p>3 &#8211;&nbsp;<strong>LA SERENA<\/strong><\/p>\n\n\n\n<figure class=\"wp-block-image size-large\"><a href=\"http:\/\/www.girosgourmet.com.br\/wp-content\/uploads\/2023\/08\/La-Serena-FOTO-03-scaled.jpg\"><img loading=\"lazy\" decoding=\"async\" width=\"1024\" height=\"627\" src=\"http:\/\/www.girosgourmet.com.br\/wp-content\/uploads\/2023\/08\/La-Serena-FOTO-03-1024x627.jpg\" alt=\"\" class=\"wp-image-12062\" srcset=\"https:\/\/www.girosgourmet.com.br\/wp-content\/uploads\/2023\/08\/La-Serena-FOTO-03-1024x627.jpg 1024w, https:\/\/www.girosgourmet.com.br\/wp-content\/uploads\/2023\/08\/La-Serena-FOTO-03-300x184.jpg 300w, https:\/\/www.girosgourmet.com.br\/wp-content\/uploads\/2023\/08\/La-Serena-FOTO-03-768x470.jpg 768w, https:\/\/www.girosgourmet.com.br\/wp-content\/uploads\/2023\/08\/La-Serena-FOTO-03-1536x940.jpg 1536w, https:\/\/www.girosgourmet.com.br\/wp-content\/uploads\/2023\/08\/La-Serena-FOTO-03-2048x1254.jpg 2048w\" sizes=\"auto, (max-width: 1024px) 100vw, 1024px\" \/><\/a><\/figure>\n\n\n\n<p style=\"text-align: justify;\">Com conceito inspirado no Sul da It\u00e1lia, a casa possui ambiente divididos em bar e sal\u00e3o principal, culin\u00e1ria com op\u00e7\u00f5es criativas e refrescantes, al\u00e9m de um bar de crudos com diversas op\u00e7\u00f5es frescas como ostras e camar\u00f5es. Para a data comemorativa o La Serena apresenta o Filetto di Manzo &#8211; mignon black angus e fonduta de parmes\u00e3o, acompanhando de risoto de funghi (R$190), como sugest\u00e3o para\u00a0<strong>almo\u00e7o e jantar, no domingo (13)<\/strong>, Dia dos Pais.\u00a0<\/p>\n\n\n\n<p><strong>Para harmonizar:<\/strong>&nbsp;A melhor escolha \u00e9 o Insieme feito com&nbsp;<strong>Chivas Regal<\/strong>&nbsp;e&nbsp;<strong>Ramazzotti<\/strong>.<\/p>\n\n\n\n<p><strong>Onde:&nbsp;<\/strong>Shopping JK Iguatemi &#8211; Av.&nbsp;Pres. Juscelino Kubitschek, 2041 &#8211; Vila Ol\u00edmpia.<\/p>\n\n\n\n<p>4 \u2013\u00a0<strong>MUST BAR \u2013 TIVOLI MOFARREJ<\/strong><\/p>\n\n\n\n<figure class=\"wp-block-image size-large\"><a href=\"http:\/\/www.girosgourmet.com.br\/wp-content\/uploads\/2023\/08\/Foto-banco-de-imagens-Tivoli-Mofarrej.jpg\"><img loading=\"lazy\" decoding=\"async\" width=\"1024\" height=\"533\" src=\"http:\/\/www.girosgourmet.com.br\/wp-content\/uploads\/2023\/08\/Foto-banco-de-imagens-Tivoli-Mofarrej-1024x533.jpg\" alt=\"\" class=\"wp-image-12063\" srcset=\"https:\/\/www.girosgourmet.com.br\/wp-content\/uploads\/2023\/08\/Foto-banco-de-imagens-Tivoli-Mofarrej-1024x533.jpg 1024w, https:\/\/www.girosgourmet.com.br\/wp-content\/uploads\/2023\/08\/Foto-banco-de-imagens-Tivoli-Mofarrej-300x156.jpg 300w, https:\/\/www.girosgourmet.com.br\/wp-content\/uploads\/2023\/08\/Foto-banco-de-imagens-Tivoli-Mofarrej-768x400.jpg 768w, https:\/\/www.girosgourmet.com.br\/wp-content\/uploads\/2023\/08\/Foto-banco-de-imagens-Tivoli-Mofarrej.jpg 1300w\" sizes=\"auto, (max-width: 1024px) 100vw, 1024px\" \/><\/a><\/figure>\n\n\n\n<p style=\"text-align: justify;\">Para celebrar o momento em fam\u00edlia, a proposta do <strong>Must Bar,<\/strong> o incr\u00edvel bar da piscina do renomado Hotel Tivoli Mofarrej \u00e9 o Brunch com Parrilla que ser\u00e1 servido no dia 13\/08 (domingo), das 13h \u00e0s 16h. Com deliciosas op\u00e7\u00f5es de carnes nobres, como o entrec\u00f4te argentino, picanha e brisket, muitas op\u00e7\u00f5es de saladas, charcuterrie, viennoisserie, antepastos e tradicionais pratos de brunch como ovos Benedict e hash brown. Sem esquecer das sobremesas inclusas! O evento ter\u00e1 como atra\u00e7\u00e3o a <strong>banda Sonora 2<\/strong> com um repert\u00f3rio repleto de cl\u00e1ssicos do rock.\u00a0<\/p>\n\n\n\n<p style=\"text-align: justify;\"><strong>Para harmonizar:<\/strong>\u00a0Uma sele\u00e7\u00e3o de coquet\u00e9is especiais com o single malt The Glenlivet, conhaque Martell, al\u00e9m de vinhos diversos e open bar de bebidas n\u00e3o alco\u00f3licas.\u00a0<\/p>\n\n\n\n<p><strong>Quanto:<\/strong>&nbsp;R$ 390 por pessoa (Crian\u00e7as de 0 a 06 anos: Free \/ 07 a 12 anos: R$ 190)<\/p>\n\n\n\n<p><strong>Onde:<\/strong>&nbsp;Alameda Santos, 1437 &#8211; Jardim Paulista<\/p>\n\n\n\n<p><strong>Terraco It\u00e1lia<\/strong><\/p>\n\n\n\n<figure class=\"wp-block-image size-large\"><a href=\"http:\/\/www.girosgourmet.com.br\/wp-content\/uploads\/2023\/08\/Trittico-di-coccada-cremosa-scaled.jpg\"><img loading=\"lazy\" decoding=\"async\" width=\"1024\" height=\"683\" src=\"http:\/\/www.girosgourmet.com.br\/wp-content\/uploads\/2023\/08\/Trittico-di-coccada-cremosa-1024x683.jpg\" alt=\"\" class=\"wp-image-12064\" srcset=\"https:\/\/www.girosgourmet.com.br\/wp-content\/uploads\/2023\/08\/Trittico-di-coccada-cremosa-1024x683.jpg 1024w, https:\/\/www.girosgourmet.com.br\/wp-content\/uploads\/2023\/08\/Trittico-di-coccada-cremosa-300x200.jpg 300w, https:\/\/www.girosgourmet.com.br\/wp-content\/uploads\/2023\/08\/Trittico-di-coccada-cremosa-768x512.jpg 768w, https:\/\/www.girosgourmet.com.br\/wp-content\/uploads\/2023\/08\/Trittico-di-coccada-cremosa-1536x1024.jpg 1536w, https:\/\/www.girosgourmet.com.br\/wp-content\/uploads\/2023\/08\/Trittico-di-coccada-cremosa-2048x1365.jpg 2048w, https:\/\/www.girosgourmet.com.br\/wp-content\/uploads\/2023\/08\/Trittico-di-coccada-cremosa-360x240.jpg 360w\" sizes=\"auto, (max-width: 1024px) 100vw, 1024px\" \/><\/a><\/figure>\n\n\n\n<p style=\"text-align: justify;\">O <strong>Terra\u00e7o Italia<\/strong>, um dos mais cl\u00e1ssicos restaurantes italianos da cidade prepara um menu especial assinado pelo <strong>chef\u00a0 Pasquale Mancini<\/strong> para comemorar o Dia dos Pais a 165 metros de altura. A ocasi\u00e3o ser\u00e1 marcada por uma experi\u00eancia gastron\u00f4mica \u00fanica, trazendo pratos exclusivos com a rica tradi\u00e7\u00e3o da cozinha toscana. Tudo come\u00e7a com\u00a0<em>Welcome Drink<\/em>\u00a0 preparado com\u00a0\u00a0<strong>Prosecco<\/strong>\u00a0,suco de manga, mirtilo e manjeric\u00e3o. Uma combina\u00e7\u00e3o refrescante e saborosa para brindar ao amor e \u00e0 fam\u00edlia, ideal para acompanharo\u00a0\u00a0generoso couvert preparado com carinho pela equipe do Terra\u00e7o Italia, apresentando uma sele\u00e7\u00e3o de p\u00e3es frescos, azeitonas marinadas e azeite de oliva extra virgem.<\/p>\n\n\n\n<p>Para a entrada, os clientes poder\u00e3o escolher entre duas op\u00e7\u00f5es:<\/p>\n\n\n\n<p style=\"text-align: justify;\"><strong>Terrine de Alcachofra<\/strong>: Uma delicada terrine preparada com alcachofras frescas, temperada com ervas finas e acompanhada de uma sele\u00e7\u00e3o de folhas verdes ou <strong>Carpaccio de Salm\u00e3o com Espuma de Lim\u00e3o Siciliano<\/strong>: Finas fatias de salm\u00e3o fresco, marinado com lim\u00e3o siciliano e decorado com uma leve espuma de lim\u00e3o, proporcionando um sabor c\u00edtrico e refrescante.<\/p>\n\n\n\n<p style=\"text-align: justify;\">Como<strong> Primeiro Prato,\u00a0\u00a0<\/strong><strong>Gnocchi de Mandioquinha com Camar\u00e3o e Aspargos<\/strong>: Gnocchi artesanais de mandioquinha cozidos no ponto perfeito, acompanhados por camar\u00f5es suculentos e aspargos frescos.<\/p>\n\n\n\n<p style=\"text-align: justify;\">As op\u00e7\u00f5es de <strong>Prato Principal<\/strong> incluem: <strong>Bacalhau ao Forno com Risoto de A\u00e7afr\u00e3o<\/strong>: O bacalhau \u00e9 assado delicadamente e servido com um risoto cremoso de a\u00e7afr\u00e3o, proporcionando uma explos\u00e3o de sabores ou\u00a0<strong>Medalh\u00e3o de Fil\u00e9 ao Molho de Cogumelos e Mil Folhas de Batatas<\/strong>: Suculentos medalh\u00f5es de fil\u00e9 s\u00e3o preparados com um molho especial de cogumelos, acompanhados por camadas perfeitamente assadas de mil folhas de batatas.\u00a0<\/p>\n\n\n\n<p style=\"text-align: justify;\">Para finalizar,\u00a0<strong>Trittico de Cocada Cremosa, Semifreddo de Chocolate com Gelato de Natas e Amarena,\u00a0<\/strong>\u00a0trilogia de sobremesas que inclui a cremosidade da cocada, o sabor intenso do semifreddo de chocolate e a do\u00e7ura das amarenas.<\/p>\n\n\n\n<p>Valores:<\/p>\n\n\n\n<p>&#8211; R$ 308,00 por pessoa (taxa de servi\u00e7o 12% \u00e0 parte).<\/p>\n<iframe src=\"http:\/\/www.facebook.com\/plugins\/like.php?href=https:\/\/www.girosgourmet.com.br\/index.php\/cinco-menus-harmonizados-para-celebrar-o-dia-dos-pais\/&amp;layout=standard&amp;show_faces=1&amp;width=450&amp;action=like&amp;colorscheme=light&amp;font=\" scrolling=\"no\" frameborder=\"0\" style=\"border:none; overflow:hidden; width:450px; height:60px\"><\/iframe>","protected":false},"excerpt":{"rendered":"<p>Pratos e drinques em sintonia em quatro bons restaurantes na cidade de S\u00e3o Paulo comp\u00f5em menus especiais para comemora\u00e7\u00e3o do Dia dos Pais, no domingo (13), com op\u00e7\u00f5es para todos os gostos, da comida japonesa e italiana,\u00a0 ao brunch com parrilla. Reservas s\u00e3o recomendadas. Confira:\u00a0 1 \u2013 AIMA Inspirado na [&hellip;]<\/p>\n","protected":false},"author":3,"featured_media":12060,"comment_status":"open","ping_status":"closed","sticky":false,"template":"","format":"standard","meta":{"footnotes":""},"categories":[40,39],"tags":[1295],"class_list":["post-12059","post","type-post","status-publish","format-standard","has-post-thumbnail","hentry","category-culturamodabelezabem-estar","category-gastronomia","tag-dia-dos-pais"],"_links":{"self":[{"href":"https:\/\/www.girosgourmet.com.br\/index.php\/wp-json\/wp\/v2\/posts\/12059","targetHints":{"allow":["GET"]}}],"collection":[{"href":"https:\/\/www.girosgourmet.com.br\/index.php\/wp-json\/wp\/v2\/posts"}],"about":[{"href":"https:\/\/www.girosgourmet.com.br\/index.php\/wp-json\/wp\/v2\/types\/post"}],"author":[{"embeddable":true,"href":"https:\/\/www.girosgourmet.com.br\/index.php\/wp-json\/wp\/v2\/users\/3"}],"replies":[{"embeddable":true,"href":"https:\/\/www.girosgourmet.com.br\/index.php\/wp-json\/wp\/v2\/comments?post=12059"}],"version-history":[{"count":2,"href":"https:\/\/www.girosgourmet.com.br\/index.php\/wp-json\/wp\/v2\/posts\/12059\/revisions"}],"predecessor-version":[{"id":12067,"href":"https:\/\/www.girosgourmet.com.br\/index.php\/wp-json\/wp\/v2\/posts\/12059\/revisions\/12067"}],"wp:featuredmedia":[{"embeddable":true,"href":"https:\/\/www.girosgourmet.com.br\/index.php\/wp-json\/wp\/v2\/media\/12060"}],"wp:attachment":[{"href":"https:\/\/www.girosgourmet.com.br\/index.php\/wp-json\/wp\/v2\/media?parent=12059"}],"wp:term":[{"taxonomy":"category","embeddable":true,"href":"https:\/\/www.girosgourmet.com.br\/index.php\/wp-json\/wp\/v2\/categories?post=12059"},{"taxonomy":"post_tag","embeddable":true,"href":"https:\/\/www.girosgourmet.com.br\/index.php\/wp-json\/wp\/v2\/tags?post=12059"}],"curies":[{"name":"wp","href":"https:\/\/api.w.org\/{rel}","templated":true}]}}