{"id":12015,"date":"2023-06-01T12:59:17","date_gmt":"2023-06-01T15:59:17","guid":{"rendered":"http:\/\/www.girosgourmet.com.br\/?p=12015"},"modified":"2023-06-01T12:59:28","modified_gmt":"2023-06-01T15:59:28","slug":"cafe-da-manha-em-campos-do-jordao","status":"publish","type":"post","link":"https:\/\/www.girosgourmet.com.br\/index.php\/cafe-da-manha-em-campos-do-jordao\/","title":{"rendered":"Caf\u00e9 da Manh\u00e3 em Campos do Jord\u00e3o!"},"content":{"rendered":"\n<figure class=\"wp-block-image size-large\"><a href=\"http:\/\/www.girosgourmet.com.br\/wp-content\/uploads\/2023\/06\/Fachada_DonaChicanaHorta.jpg\"><img loading=\"lazy\" decoding=\"async\" width=\"1024\" height=\"814\" src=\"http:\/\/www.girosgourmet.com.br\/wp-content\/uploads\/2023\/06\/Fachada_DonaChicanaHorta-1024x814.jpg\" alt=\"\" class=\"wp-image-12016\" srcset=\"https:\/\/www.girosgourmet.com.br\/wp-content\/uploads\/2023\/06\/Fachada_DonaChicanaHorta-1024x814.jpg 1024w, https:\/\/www.girosgourmet.com.br\/wp-content\/uploads\/2023\/06\/Fachada_DonaChicanaHorta-300x238.jpg 300w, https:\/\/www.girosgourmet.com.br\/wp-content\/uploads\/2023\/06\/Fachada_DonaChicanaHorta-768x610.jpg 768w, https:\/\/www.girosgourmet.com.br\/wp-content\/uploads\/2023\/06\/Fachada_DonaChicanaHorta-1536x1220.jpg 1536w, https:\/\/www.girosgourmet.com.br\/wp-content\/uploads\/2023\/06\/Fachada_DonaChicanaHorta.jpg 1772w\" sizes=\"auto, (max-width: 1024px) 100vw, 1024px\" \/><\/a><\/figure>\n\n\n\n<p><\/p>\n\n\n\n<p style=\"text-align: justify;\">No ano de comemora\u00e7\u00e3o dos 10 anos de opera\u00e7\u00e3o do grupo Dona Chica Alimenta\u00e7\u00e3o de Campos do Jord\u00e3o, o chefe Anderson Oliveira, propriet\u00e1rio do conhecido Restaurante <strong>Dona Chica no Parque Campos do Jord\u00e3o &#8211; Horto Florestal,<\/strong> inaugurou no \u00faltimo dia 02 de mar\u00e7o, o novo <strong>Dona Chica na Horta<\/strong>, dentro do <strong>Espa\u00e7o Ch\u00e3o no bairro dos Mellos<\/strong>. Fomos conferir no ultimo final de semana o seu farto e maravilhoso caf\u00e9 da manh\u00e3, e sem arrependimentos.<\/p>\n\n\n\n<p style=\"text-align: justify;\">Uma mesa farta e caprichada foi o que encontramos numa grande estufa de legumes e hortali\u00e7as, o que proporciona um alimento ainda mais fresco nos novos pratos, no conceito do campo \u00e0 mesa. No menu, h\u00e1 diversos tipos de p\u00e3es, como o org\u00e2nico, o de Cacau (meu preferido), brioches entre outros. Para quem aprecia bons bolos, boas op\u00e7\u00f5es n\u00e3o faltam: Cenoura com cobertura de chocolate, pinh\u00e3o e de milho, todos fresquinhos e saborosos. O card\u00e1pio a La Carte tamb\u00e9m \u00e9 repleto de delicias. Tapiocas diversas, ovos mexidos e p\u00e3es na chapa. Tudo isso acompanhado de caf\u00e9 coado e sucos com insumos diretos da horta.<\/p>\n\n\n\n<p><\/p>\n\n\n\n<figure class=\"wp-block-image size-large\"><a href=\"http:\/\/www.girosgourmet.com.br\/wp-content\/uploads\/2023\/06\/DonaChicanaHorta_Cafedamanha-scaled.jpg\"><img loading=\"lazy\" decoding=\"async\" width=\"1024\" height=\"577\" src=\"http:\/\/www.girosgourmet.com.br\/wp-content\/uploads\/2023\/06\/DonaChicanaHorta_Cafedamanha-1024x577.jpg\" alt=\"\" class=\"wp-image-12017\" srcset=\"https:\/\/www.girosgourmet.com.br\/wp-content\/uploads\/2023\/06\/DonaChicanaHorta_Cafedamanha-1024x577.jpg 1024w, https:\/\/www.girosgourmet.com.br\/wp-content\/uploads\/2023\/06\/DonaChicanaHorta_Cafedamanha-300x169.jpg 300w, https:\/\/www.girosgourmet.com.br\/wp-content\/uploads\/2023\/06\/DonaChicanaHorta_Cafedamanha-768x432.jpg 768w, https:\/\/www.girosgourmet.com.br\/wp-content\/uploads\/2023\/06\/DonaChicanaHorta_Cafedamanha-1536x865.jpg 1536w, https:\/\/www.girosgourmet.com.br\/wp-content\/uploads\/2023\/06\/DonaChicanaHorta_Cafedamanha-2048x1153.jpg 2048w\" sizes=\"auto, (max-width: 1024px) 100vw, 1024px\" \/><\/a><\/figure>\n\n\n\n<p><\/p>\n\n\n\n<p style=\"text-align: justify;\">O restaurante tem espa\u00e7o de brincar para crian\u00e7as, \u00e9 <strong>pet friendly<\/strong> \u2013 com menu especial preparado pelo chef &#8211;\u00a0 <strong>Feira de Org\u00e2nicos e um Emp\u00f3rio com produtos artesanais locais<\/strong> como azeites, queijos, geleias e vinhos, entre outras del\u00edcias. Ainda \u00e9 poss\u00edvel apreciar lindas plantas cultivadas por <strong>Marco e Ingrid do Espa\u00e7o Ch\u00e3o.<\/strong><\/p>\n\n\n\n<p style=\"text-align: justify;\">Restaurante Dona Chica na Horta: uma experi\u00eancia imperd\u00edvel na Mantiqueira! Em breve quero voltar para o almo\u00e7o, que tamb\u00e9m promete!<\/p>\n\n\n\n<figure class=\"wp-block-image size-large\"><a href=\"http:\/\/www.girosgourmet.com.br\/wp-content\/uploads\/2023\/06\/Dona-Chica-na-Horta_Cafe-da-Manha-scaled.jpg\"><img loading=\"lazy\" decoding=\"async\" width=\"1024\" height=\"577\" src=\"http:\/\/www.girosgourmet.com.br\/wp-content\/uploads\/2023\/06\/Dona-Chica-na-Horta_Cafe-da-Manha-1024x577.jpg\" alt=\"\" class=\"wp-image-12018\" srcset=\"https:\/\/www.girosgourmet.com.br\/wp-content\/uploads\/2023\/06\/Dona-Chica-na-Horta_Cafe-da-Manha-1024x577.jpg 1024w, https:\/\/www.girosgourmet.com.br\/wp-content\/uploads\/2023\/06\/Dona-Chica-na-Horta_Cafe-da-Manha-300x169.jpg 300w, https:\/\/www.girosgourmet.com.br\/wp-content\/uploads\/2023\/06\/Dona-Chica-na-Horta_Cafe-da-Manha-768x432.jpg 768w, https:\/\/www.girosgourmet.com.br\/wp-content\/uploads\/2023\/06\/Dona-Chica-na-Horta_Cafe-da-Manha-1536x865.jpg 1536w, https:\/\/www.girosgourmet.com.br\/wp-content\/uploads\/2023\/06\/Dona-Chica-na-Horta_Cafe-da-Manha-2048x1153.jpg 2048w\" sizes=\"auto, (max-width: 1024px) 100vw, 1024px\" \/><\/a><\/figure>\n\n\n\n<p><\/p>\n\n\n\n<p><strong>@donachicanahorta<\/strong><br>R. El\u00eddio Gon\u00e7alves da Silva, 800 &#8211; Bairro dos Mellos, Campos do Jord\u00e3o \u2013 SP.<br>Hor\u00e1rio de Funcionamento: <br>Quinta a domingo e feriados &#8211; das 12h \u00e0s 17h.<br>Estacionamento pr\u00f3prio.<br>Reservas &#8211; WhatsApp e Cel. &#8211; 12 99714 0019.<\/p>\n\n\n\n<p><\/p>\n<iframe src=\"http:\/\/www.facebook.com\/plugins\/like.php?href=https:\/\/www.girosgourmet.com.br\/index.php\/cafe-da-manha-em-campos-do-jordao\/&amp;layout=standard&amp;show_faces=1&amp;width=450&amp;action=like&amp;colorscheme=light&amp;font=\" scrolling=\"no\" frameborder=\"0\" style=\"border:none; overflow:hidden; width:450px; height:60px\"><\/iframe>","protected":false},"excerpt":{"rendered":"<p>No ano de comemora\u00e7\u00e3o dos 10 anos de opera\u00e7\u00e3o do grupo Dona Chica Alimenta\u00e7\u00e3o de Campos do Jord\u00e3o, o chefe Anderson Oliveira, propriet\u00e1rio do conhecido Restaurante Dona Chica no Parque Campos do Jord\u00e3o &#8211; Horto Florestal, inaugurou no \u00faltimo dia 02 de mar\u00e7o, o novo Dona Chica na Horta, dentro [&hellip;]<\/p>\n","protected":false},"author":3,"featured_media":12018,"comment_status":"open","ping_status":"closed","sticky":false,"template":"","format":"standard","meta":{"footnotes":""},"categories":[39,41],"tags":[114,2874,1708],"class_list":["post-12015","post","type-post","status-publish","format-standard","has-post-thumbnail","hentry","category-gastronomia","category-viagens","tag-brunch","tag-cafe-da-manha-2","tag-campos-do-jordao"],"_links":{"self":[{"href":"https:\/\/www.girosgourmet.com.br\/index.php\/wp-json\/wp\/v2\/posts\/12015","targetHints":{"allow":["GET"]}}],"collection":[{"href":"https:\/\/www.girosgourmet.com.br\/index.php\/wp-json\/wp\/v2\/posts"}],"about":[{"href":"https:\/\/www.girosgourmet.com.br\/index.php\/wp-json\/wp\/v2\/types\/post"}],"author":[{"embeddable":true,"href":"https:\/\/www.girosgourmet.com.br\/index.php\/wp-json\/wp\/v2\/users\/3"}],"replies":[{"embeddable":true,"href":"https:\/\/www.girosgourmet.com.br\/index.php\/wp-json\/wp\/v2\/comments?post=12015"}],"version-history":[{"count":1,"href":"https:\/\/www.girosgourmet.com.br\/index.php\/wp-json\/wp\/v2\/posts\/12015\/revisions"}],"predecessor-version":[{"id":12019,"href":"https:\/\/www.girosgourmet.com.br\/index.php\/wp-json\/wp\/v2\/posts\/12015\/revisions\/12019"}],"wp:featuredmedia":[{"embeddable":true,"href":"https:\/\/www.girosgourmet.com.br\/index.php\/wp-json\/wp\/v2\/media\/12018"}],"wp:attachment":[{"href":"https:\/\/www.girosgourmet.com.br\/index.php\/wp-json\/wp\/v2\/media?parent=12015"}],"wp:term":[{"taxonomy":"category","embeddable":true,"href":"https:\/\/www.girosgourmet.com.br\/index.php\/wp-json\/wp\/v2\/categories?post=12015"},{"taxonomy":"post_tag","embeddable":true,"href":"https:\/\/www.girosgourmet.com.br\/index.php\/wp-json\/wp\/v2\/tags?post=12015"}],"curies":[{"name":"wp","href":"https:\/\/api.w.org\/{rel}","templated":true}]}}