{"id":11807,"date":"2022-10-13T17:59:27","date_gmt":"2022-10-13T20:59:27","guid":{"rendered":"http:\/\/www.girosgourmet.com.br\/?p=11807"},"modified":"2022-10-13T17:59:53","modified_gmt":"2022-10-13T20:59:53","slug":"festival-de-gastronomia-sabores","status":"publish","type":"post","link":"https:\/\/www.girosgourmet.com.br\/index.php\/festival-de-gastronomia-sabores\/","title":{"rendered":"Festival de Gastronomia Sabores!"},"content":{"rendered":"\n<p style=\"text-align: justify;\">O Memorial da Am\u00e9rica Latina ter\u00e1 mais orgulho de ser caipira nos dias 22 e 23 de outubro, ao acolher o Festival Gastron\u00f4mico Itinerante Sabores da Terra.<\/p>\n\n\n\n<div class=\"wp-block-image\"><figure class=\"aligncenter size-large is-resized\"><img loading=\"lazy\" decoding=\"async\" src=\"http:\/\/www.girosgourmet.com.br\/wp-content\/uploads\/2022\/10\/Imagem-Divulgacao-Sabores-da-Terra-Guilherme-White-1-683x1024.jpg\" alt=\"\" class=\"wp-image-11809\" width=\"589\" height=\"883\" srcset=\"https:\/\/www.girosgourmet.com.br\/wp-content\/uploads\/2022\/10\/Imagem-Divulgacao-Sabores-da-Terra-Guilherme-White-1-683x1024.jpg 683w, https:\/\/www.girosgourmet.com.br\/wp-content\/uploads\/2022\/10\/Imagem-Divulgacao-Sabores-da-Terra-Guilherme-White-1-200x300.jpg 200w, https:\/\/www.girosgourmet.com.br\/wp-content\/uploads\/2022\/10\/Imagem-Divulgacao-Sabores-da-Terra-Guilherme-White-1-768x1152.jpg 768w, https:\/\/www.girosgourmet.com.br\/wp-content\/uploads\/2022\/10\/Imagem-Divulgacao-Sabores-da-Terra-Guilherme-White-1-1024x1536.jpg 1024w, https:\/\/www.girosgourmet.com.br\/wp-content\/uploads\/2022\/10\/Imagem-Divulgacao-Sabores-da-Terra-Guilherme-White-1-1366x2048.jpg 1366w, https:\/\/www.girosgourmet.com.br\/wp-content\/uploads\/2022\/10\/Imagem-Divulgacao-Sabores-da-Terra-Guilherme-White-1.jpg 1633w\" sizes=\"auto, (max-width: 589px) 100vw, 589px\" \/><\/figure><\/div>\n\n\n\n<p><\/p>\n\n\n\n<p style=\"text-align: justify;\"><strong>O <em>Festival Gastron\u00f4mico Itinerante Sabores da Terra<\/em> chega a S\u00e3o Paulo, no Memorial da Am\u00e9rica Latina, nos dias 22 e 23 de outubro, pela primeira vez.<\/strong> Determinado a valorizar a <strong>cultura caipira<\/strong> por meio da culin\u00e1ria e seus pratos t\u00edpicos, do conhecimento compartilhado e em apresenta\u00e7\u00f5es art\u00edsticas, <strong>desde 2015<\/strong>, o evento j\u00e1 passou por mais de dez cidades do interior de S\u00e3o Paulo e atraiu um p\u00fablico de mais de 245 mil pessoas. Na moderna Sampa, <strong>Sabores da Terra<\/strong> contar\u00e1 com <strong>60 opera\u00e7\u00f5es<\/strong> divididas entre as Alameda Salgada e Alameda Doce e Alameda dos Produtores, esta\u00e7\u00f5es de chopes artesanais Bierimbox (patrocinadora do circuito) e atra\u00e7\u00f5es infantis (brinquedos). Cozinheiros, educadores e artes\u00e3os da gastronomia participar\u00e3o de aulas de culin\u00e1ria caipira (as vagas s\u00e3o limitadas e os ingressos devem ser reservados pelo Sympla). Haver\u00e1 shows de artistas locais e nacionais: Renato Teixeira coroa a festa, no domingo (23), \u00e0s 19h.\u00a0 Todas as atra\u00e7\u00f5es s\u00e3o gratuitas<\/p>\n\n\n\n<p style=\"text-align: justify;\">Exemplos de prepara\u00e7\u00f5es de dar \u00e1gua na boca que estar\u00e3o no Memorial da Am\u00e9rica Latina? <strong>Polenta com ragu de ossobuco e frango com quiabo feito no fog\u00e3o a lenha. Bai\u00e3o de dois, arroz com su\u00e3, arroz carreteiro, feij\u00e3o tropeiro, torresminho, lingui\u00e7a e torresmo de rolo todos feitos em tachos de \u00e1gata. Curau, pamonha, suco de milho e garapa. Arroz de costela, farofa de fava, paella caipira, carne de sol com mandioca, galinhada e bolinho caipira<\/strong><strong>.<\/strong><\/p>\n\n\n\n<figure class=\"wp-block-image\"><img decoding=\"async\" src=\"https:\/\/img.freepik.com\/fotos-premium\/ensopado-de-frango-com-quiabo-no-forno-a-lenha_538646-11254.jpg?w=2000\" alt=\"Ensopado de frango com quiabo no forno a lenha | Foto Premium\"\/><\/figure>\n\n\n\n<p style=\"text-align: justify;\">Outra excelente maneira de exercitar a musculatura do \u201ccaipir\u00eas\u201d \u00e9 conferir as palestras de <strong>Carlos Alberto D\u00f3ria e Gustavo Rodrigues; Ivan Achcar, Jo\u00e3o Laura e Rafa Bocaina; Cidinha Santiago <\/strong>e outros bambas na Cozinha Show do evento. A culinarista, que levar\u00e1 os quitutes de quitanda para o evento, destaca que a \u201cvaloriza\u00e7\u00e3o da ancestralidade e a melhoria da qualidade de vida\u201d s\u00e3o como \u201cpr\u00eamios\u201d da comida caipira a qualquer cozinheiro. D\u00f3ria, coautor de \u201cA culin\u00e1ria caipira da Paulist\u00e2nia\u201d (2019), obra que dita muitos dos fios de meada acerca da cozinha brasileira, antecipa: &#8211; \u201cAtrav\u00e9s da comida, queremos e buscamos preservar a mem\u00f3ria e cultura caipira\u201d.\u00a0<\/p>\n\n\n\n<p style=\"text-align: justify;\">As inscri\u00e7\u00f5es para as palestras da Cozinha Show, que ser\u00e3o coordenadas por alunos e professores do UniMetrocamp Wyden, s\u00e3o limitadas a 40 vagas por sess\u00e3o e devem ser feitas, antecipadamente, por meio do Sympla <span style=\"color: #0000ff;\"><strong>(<a style=\"color: #0000ff;\" href=\"https:\/\/www.sympla.com.br\/evento\/cozinha-show-sabores-da-terra-sao-paulo\/1722542\">https:\/\/www.sympla.com.br\/evento\/cozinha-show-sabores-da-terra-sao-paulo\/1722542<\/a>).<\/strong> <\/span>.<\/p>\n\n\n\n<p>Evento Imperd\u00edvel!<\/p>\n\n\n\n<p><strong>SERVI\u00c7O<\/strong><\/p>\n\n\n\n<p style=\"text-align: justify;\"><strong>Festival Gastron\u00f4mico Itinerante Sabores da Terra \u2013 Edi\u00e7\u00e3o S\u00e3o Paulo 2022<\/strong><br \/>QUANDO: dias 22 e 23 de outubro (s\u00e1bado e domingo), das 11 \u00e0s 21h &#8211; O encerramento, em ambos os dias, ser\u00e1 feito \u00e0s 21h, pontualmente. O local est\u00e1 sujeito a regras de capacidade m\u00e1xima por quest\u00f5es de seguran\u00e7a. Contamos com a compreens\u00e3o do p\u00fablico.<br \/>ONDE: Memorial da Am\u00e9rica Latina \u2013 S\u00e3o Paulo<br \/>QUANTO: Gr\u00e1tis<br \/>SAIBA MAIS: Festival Sabores da Terra (@saboresdaterrafgi)<\/p>\n<iframe src=\"http:\/\/www.facebook.com\/plugins\/like.php?href=https:\/\/www.girosgourmet.com.br\/index.php\/festival-de-gastronomia-sabores\/&amp;layout=standard&amp;show_faces=1&amp;width=450&amp;action=like&amp;colorscheme=light&amp;font=\" scrolling=\"no\" frameborder=\"0\" style=\"border:none; overflow:hidden; width:450px; height:60px\"><\/iframe>","protected":false},"excerpt":{"rendered":"<p>O Memorial da Am\u00e9rica Latina ter\u00e1 mais orgulho de ser caipira nos dias 22 e 23 de outubro, ao acolher o Festival Gastron\u00f4mico Itinerante Sabores da Terra. O Festival Gastron\u00f4mico Itinerante Sabores da Terra chega a S\u00e3o Paulo, no Memorial da Am\u00e9rica Latina, nos dias 22 e 23 de outubro, [&hellip;]<\/p>\n","protected":false},"author":3,"featured_media":0,"comment_status":"open","ping_status":"closed","sticky":false,"template":"","format":"standard","meta":{"footnotes":""},"categories":[39],"tags":[2854,1674,1357,2855],"class_list":["post-11807","post","type-post","status-publish","format-standard","hentry","category-gastronomia","tag-comida-caipira","tag-festival-gastronomico","tag-memorial-da-america-latina","tag-sabores-da-terra"],"_links":{"self":[{"href":"https:\/\/www.girosgourmet.com.br\/index.php\/wp-json\/wp\/v2\/posts\/11807","targetHints":{"allow":["GET"]}}],"collection":[{"href":"https:\/\/www.girosgourmet.com.br\/index.php\/wp-json\/wp\/v2\/posts"}],"about":[{"href":"https:\/\/www.girosgourmet.com.br\/index.php\/wp-json\/wp\/v2\/types\/post"}],"author":[{"embeddable":true,"href":"https:\/\/www.girosgourmet.com.br\/index.php\/wp-json\/wp\/v2\/users\/3"}],"replies":[{"embeddable":true,"href":"https:\/\/www.girosgourmet.com.br\/index.php\/wp-json\/wp\/v2\/comments?post=11807"}],"version-history":[{"count":3,"href":"https:\/\/www.girosgourmet.com.br\/index.php\/wp-json\/wp\/v2\/posts\/11807\/revisions"}],"predecessor-version":[{"id":11812,"href":"https:\/\/www.girosgourmet.com.br\/index.php\/wp-json\/wp\/v2\/posts\/11807\/revisions\/11812"}],"wp:attachment":[{"href":"https:\/\/www.girosgourmet.com.br\/index.php\/wp-json\/wp\/v2\/media?parent=11807"}],"wp:term":[{"taxonomy":"category","embeddable":true,"href":"https:\/\/www.girosgourmet.com.br\/index.php\/wp-json\/wp\/v2\/categories?post=11807"},{"taxonomy":"post_tag","embeddable":true,"href":"https:\/\/www.girosgourmet.com.br\/index.php\/wp-json\/wp\/v2\/tags?post=11807"}],"curies":[{"name":"wp","href":"https:\/\/api.w.org\/{rel}","templated":true}]}}