{"id":11802,"date":"2022-10-10T20:04:37","date_gmt":"2022-10-10T23:04:37","guid":{"rendered":"http:\/\/www.girosgourmet.com.br\/?p=11802"},"modified":"2022-10-10T20:05:02","modified_gmt":"2022-10-10T23:05:02","slug":"rio-coffee-nation","status":"publish","type":"post","link":"https:\/\/www.girosgourmet.com.br\/index.php\/rio-coffee-nation\/","title":{"rendered":"Rio Coffee Nation"},"content":{"rendered":"\n<p><strong><u>Encontro dedicado aos caf\u00e9s especiais e org\u00e2nicos do Brasil realiza 3a. edi\u00e7\u00e3o na Casa Fran\u00e7a Brasil (RJ) entre os \u00a0dias 15 e 16 de outubro<\/u><\/strong><\/p>\n\n\n\n<figure class=\"wp-block-image size-large\"><img loading=\"lazy\" decoding=\"async\" width=\"1024\" height=\"683\" src=\"http:\/\/www.girosgourmet.com.br\/wp-content\/uploads\/2022\/10\/Rio-Coffee-Nation_-Divulgacao-2-1024x683.jpg\" alt=\"\" class=\"wp-image-11803\" srcset=\"https:\/\/www.girosgourmet.com.br\/wp-content\/uploads\/2022\/10\/Rio-Coffee-Nation_-Divulgacao-2-1024x683.jpg 1024w, https:\/\/www.girosgourmet.com.br\/wp-content\/uploads\/2022\/10\/Rio-Coffee-Nation_-Divulgacao-2-300x200.jpg 300w, https:\/\/www.girosgourmet.com.br\/wp-content\/uploads\/2022\/10\/Rio-Coffee-Nation_-Divulgacao-2-768x512.jpg 768w, https:\/\/www.girosgourmet.com.br\/wp-content\/uploads\/2022\/10\/Rio-Coffee-Nation_-Divulgacao-2-1536x1024.jpg 1536w, https:\/\/www.girosgourmet.com.br\/wp-content\/uploads\/2022\/10\/Rio-Coffee-Nation_-Divulgacao-2-2048x1365.jpg 2048w\" sizes=\"auto, (max-width: 1024px) 100vw, 1024px\" \/><\/figure>\n\n\n\n<p style=\"text-align: justify;\"><span style=\"color: #000000;\">Um encontro dedicado aos caf\u00e9s especiais e org\u00e2nicos do Brasil: assim \u00e9 o <strong>Rio Coffee Nation<\/strong>, que ter\u00e1 a sua terceira edi\u00e7\u00e3o na <strong>Casa Fran\u00e7a Brasil<\/strong>, no Centro do Rio de Janeiro, nos dias 15 e 16 de Outubro de 2022. Com a miss\u00e3o de divulgar os caf\u00e9s especiais do nosso pa\u00eds, que \u00e9 l\u00edder na produ\u00e7\u00e3o e exporta\u00e7\u00e3o dos gr\u00e3os, o evento estimula a profissionaliza\u00e7\u00e3o e a cultura desse mercado, al\u00e9m de apoiar, promover e ajudar a agricultura familiar, unindo os elos da cadeia entre o campo, mercado, conhecimento e os amantes do segmento.<\/span><\/p>\n\n\n\n<figure class=\"wp-block-image size-large\"><img loading=\"lazy\" decoding=\"async\" width=\"1024\" height=\"683\" src=\"http:\/\/www.girosgourmet.com.br\/wp-content\/uploads\/2022\/10\/Rio-Coffee-Nation_Carolin-e-Martina_-Divulgacao-1024x683.jpg\" alt=\"\" class=\"wp-image-11804\" srcset=\"https:\/\/www.girosgourmet.com.br\/wp-content\/uploads\/2022\/10\/Rio-Coffee-Nation_Carolin-e-Martina_-Divulgacao-1024x683.jpg 1024w, https:\/\/www.girosgourmet.com.br\/wp-content\/uploads\/2022\/10\/Rio-Coffee-Nation_Carolin-e-Martina_-Divulgacao-300x200.jpg 300w, https:\/\/www.girosgourmet.com.br\/wp-content\/uploads\/2022\/10\/Rio-Coffee-Nation_Carolin-e-Martina_-Divulgacao-768x512.jpg 768w, https:\/\/www.girosgourmet.com.br\/wp-content\/uploads\/2022\/10\/Rio-Coffee-Nation_Carolin-e-Martina_-Divulgacao-1536x1024.jpg 1536w, https:\/\/www.girosgourmet.com.br\/wp-content\/uploads\/2022\/10\/Rio-Coffee-Nation_Carolin-e-Martina_-Divulgacao-2048x1365.jpg 2048w\" sizes=\"auto, (max-width: 1024px) 100vw, 1024px\" \/><\/figure>\n\n\n\n<p style=\"text-align: justify;\"><span style=\"color: #000000;\">Ser\u00e3o mais de 40 produtores de caf\u00e9s especiais e org\u00e2nicos, de todas as regi\u00f5es do Brasil, como <strong>Caf\u00e9<\/strong> <strong>Orfeu, Rituais da 3 Cora\u00e7\u00f5es, Caf\u00e9 Fl\u00f4, Caf\u00e9 Klem org\u00e2nico, Caf\u00e9 Fazenda Floren\u00e7a, Brasil em Gr\u00e3os, Madura Coffee, Cooperativa Caf\u00e9sul, Caf\u00e9 P\u00f3 de Mulheres, Matisse<\/strong> (cerveja com caf\u00e9), entre outros. Na ocasi\u00e3o, os expositores tamb\u00e9m explicar\u00e3o a import\u00e2ncia da sustentabilidade e da presen\u00e7a feminina no setor, do com\u00e9rcio justo, do turismo, das cafeterias, do <em>know-how<\/em> brasileiro em planta\u00e7\u00e3o e torrefa\u00e7\u00e3o, dos m\u00e9todos de extra\u00e7\u00e3o (soft, expresso, filtra\u00e7\u00e3o) e degusta\u00e7\u00f5es. <\/span><span style=\"color: #000000;\">Por l\u00e1, tamb\u00e9m acontecer\u00e1 mais de 12 palestras com especialistas da \u00e1rea e duas competi\u00e7\u00f5es que prometem encantar todos os presentes.<\/span><\/p>\n<div dir=\"ltr\">\n<div class=\"gmail_quote\">\n<div>\n<div style=\"text-align: justify;\"><span style=\"color: #000000; font-family: arial, sans-serif;\">O <b>Rio Coffee Nation<\/b> tamb\u00e9m contar\u00e1 com espa\u00e7os como:<br \/><br \/><b><u>Coffee Lab<\/u><\/b> &#8211; audit\u00f3rio com palestras e workshops realizados por especialistas em caf\u00e9s especiais, produtores e baristas<br \/><br \/><b><u>Palco Coffee Experi\u00eancia<\/u><\/b> &#8211; apresenta\u00e7\u00f5es de Baristas e Chefs, com muitas receitas e m\u00e9todos de preparo<br \/><br \/><b><u>Atelier Cafeinados<\/u><\/b> &#8211; aulas guiadas de degusta\u00e7\u00f5es de caf\u00e9s e de receitas mediante inscri\u00e7\u00e3o (vagas limitadas)<br \/><br \/><b><u>Espresso<\/u><\/b> &#8211; 3\u00aa competi\u00e7\u00e3o de \u201cMelhor caf\u00e9 torrado para Espresso\u201d<br \/><br \/><b><u>Origens<\/u><\/b> &#8211; exposi\u00e7\u00e3o sobre as Publicidades antigas de caf\u00e9 do Museu do Caf\u00e9 de Santos<br \/><br \/><b><u>Armaz\u00e9m<\/u><\/b> &#8211; loja com produtos do evento como x\u00edcaras, aventais, camisetas, biscoitos e utens\u00edlios<br \/><br \/><b><u>Slow<\/u><\/b> &#8211; Pra\u00e7a de alimenta\u00e7\u00e3o e de pic nic, com food trucks e \u00e1rea recreativa para crian\u00e7as<br \/><br \/>O <b>Sebrae Nacional<\/b> tamb\u00e9m estar\u00e1 presente com \u00a0uma \u00e1rea especial com mais de 12 caf\u00e9s de todas as regi\u00f5es produtoras do Brasil, a BSCA (Brazil Speciality Coffee Association &#8211; Associa\u00e7\u00e3o Brasileira de Caf\u00e9s Especiais) com diversos associados, assim como a ABIC (Associa\u00e7\u00e3o Brasileira da Ind\u00fastria do Caf\u00e9) e o Cecaf\u00e9 (conselho dos exportadores).<br \/><\/span><\/div>\n<\/div>\n<\/div>\n<\/div>\n\n\n\n<p>Evento imperdivel para os amantes do cafe!<\/p>\n\n\n\n<p><strong><u>Servi\u00e7o<\/u><\/strong>:<br><strong>Rio Coffee Nation<\/strong><br>Casa Fran\u00e7a Brasil Rua Visconde de Itabora\u00ed, 78 Centro\/Rio de Janeiro<br>Dias 15 e 16 de Outubro de 2022 S\u00e1bado e domingo<br>Hor\u00e1rios de funcionamento:<br>S\u00e1bado, 15\/10: Aberto ao p\u00fablico de 11h \u00e0s 19h<br>Fechado para profissionais do segmento de 19h \u00e0s 21h<br>Domingo, 16\/10: De 11h \u00e0s 19h<\/p>\n<iframe src=\"http:\/\/www.facebook.com\/plugins\/like.php?href=https:\/\/www.girosgourmet.com.br\/index.php\/rio-coffee-nation\/&amp;layout=standard&amp;show_faces=1&amp;width=450&amp;action=like&amp;colorscheme=light&amp;font=\" scrolling=\"no\" frameborder=\"0\" style=\"border:none; overflow:hidden; width:450px; height:60px\"><\/iframe>","protected":false},"excerpt":{"rendered":"<p>Encontro dedicado aos caf\u00e9s especiais e org\u00e2nicos do Brasil realiza 3a. edi\u00e7\u00e3o na Casa Fran\u00e7a Brasil (RJ) entre os \u00a0dias 15 e 16 de outubro Um encontro dedicado aos caf\u00e9s especiais e org\u00e2nicos do Brasil: assim \u00e9 o Rio Coffee Nation, que ter\u00e1 a sua terceira edi\u00e7\u00e3o na Casa Fran\u00e7a [&hellip;]<\/p>\n","protected":false},"author":3,"featured_media":0,"comment_status":"open","ping_status":"closed","sticky":false,"template":"","format":"standard","meta":{"footnotes":""},"categories":[39,41],"tags":[2853],"class_list":["post-11802","post","type-post","status-publish","format-standard","hentry","category-gastronomia","category-viagens","tag-rio-coffee-nation"],"_links":{"self":[{"href":"https:\/\/www.girosgourmet.com.br\/index.php\/wp-json\/wp\/v2\/posts\/11802","targetHints":{"allow":["GET"]}}],"collection":[{"href":"https:\/\/www.girosgourmet.com.br\/index.php\/wp-json\/wp\/v2\/posts"}],"about":[{"href":"https:\/\/www.girosgourmet.com.br\/index.php\/wp-json\/wp\/v2\/types\/post"}],"author":[{"embeddable":true,"href":"https:\/\/www.girosgourmet.com.br\/index.php\/wp-json\/wp\/v2\/users\/3"}],"replies":[{"embeddable":true,"href":"https:\/\/www.girosgourmet.com.br\/index.php\/wp-json\/wp\/v2\/comments?post=11802"}],"version-history":[{"count":2,"href":"https:\/\/www.girosgourmet.com.br\/index.php\/wp-json\/wp\/v2\/posts\/11802\/revisions"}],"predecessor-version":[{"id":11806,"href":"https:\/\/www.girosgourmet.com.br\/index.php\/wp-json\/wp\/v2\/posts\/11802\/revisions\/11806"}],"wp:attachment":[{"href":"https:\/\/www.girosgourmet.com.br\/index.php\/wp-json\/wp\/v2\/media?parent=11802"}],"wp:term":[{"taxonomy":"category","embeddable":true,"href":"https:\/\/www.girosgourmet.com.br\/index.php\/wp-json\/wp\/v2\/categories?post=11802"},{"taxonomy":"post_tag","embeddable":true,"href":"https:\/\/www.girosgourmet.com.br\/index.php\/wp-json\/wp\/v2\/tags?post=11802"}],"curies":[{"name":"wp","href":"https:\/\/api.w.org\/{rel}","templated":true}]}}