{"id":11781,"date":"2022-09-19T18:49:02","date_gmt":"2022-09-19T21:49:02","guid":{"rendered":"http:\/\/www.girosgourmet.com.br\/?p=11781"},"modified":"2022-09-19T18:49:19","modified_gmt":"2022-09-19T21:49:19","slug":"2a-temporada-sabores-e-cervejas-da-mantiqueira","status":"publish","type":"post","link":"https:\/\/www.girosgourmet.com.br\/index.php\/2a-temporada-sabores-e-cervejas-da-mantiqueira\/","title":{"rendered":"2\u00aa Temporada Sabores e Cervejas da Mantiqueira."},"content":{"rendered":"\n<div class=\"wp-block-image\"><figure class=\"aligncenter size-large is-resized\"><img loading=\"lazy\" decoding=\"async\" src=\"http:\/\/www.girosgourmet.com.br\/wp-content\/uploads\/2022\/09\/Cerveja-Avela-e-Dunkel-Campos-do-Jordao-682x1024.jpg\" alt=\"\" class=\"wp-image-11782\" width=\"529\" height=\"794\" srcset=\"https:\/\/www.girosgourmet.com.br\/wp-content\/uploads\/2022\/09\/Cerveja-Avela-e-Dunkel-Campos-do-Jordao-682x1024.jpg 682w, https:\/\/www.girosgourmet.com.br\/wp-content\/uploads\/2022\/09\/Cerveja-Avela-e-Dunkel-Campos-do-Jordao-200x300.jpg 200w, https:\/\/www.girosgourmet.com.br\/wp-content\/uploads\/2022\/09\/Cerveja-Avela-e-Dunkel-Campos-do-Jordao-768x1152.jpg 768w, https:\/\/www.girosgourmet.com.br\/wp-content\/uploads\/2022\/09\/Cerveja-Avela-e-Dunkel-Campos-do-Jordao-1024x1536.jpg 1024w, https:\/\/www.girosgourmet.com.br\/wp-content\/uploads\/2022\/09\/Cerveja-Avela-e-Dunkel-Campos-do-Jordao.jpg 1181w\" sizes=\"auto, (max-width: 529px) 100vw, 529px\" \/><\/figure><\/div>\n\n\n\n<p><\/p>\n\n\n\n<p style=\"text-align: justify;\">Ta rolando em Campos do Jord\u00e3o desde o dia 16 setembro, a <strong>2\u00aa Temporada<\/strong> <strong>Sabores e Cervejas da Mantiqueira<\/strong>, um evento promovido pela <strong>Associa\u00e7\u00e3o Cozinha da Mantiqueira<\/strong>, que re\u00fane os principais bares, restaurantes, chocolataria, vin\u00edcola e cervejarias artesanais da regi\u00e3o.<\/p>\n\n\n\n<p style=\"text-align: justify;\">Com in\u00fameras atividades para toda a fam\u00edlia, o evento ter\u00e1 a participa\u00e7\u00e3o de restaurantes e bares com pratos especiais da Temporada, uma agenda com jantares e festas tem\u00e1ticas e tamb\u00e9m com uma das maiores competi\u00e7\u00f5es do universo cervejeiro do Brasil, o <strong>Brau Akademie.<\/strong><\/p>\n\n\n\n<p style=\"text-align: justify;\">Com cerca de 30 jurados, o concurso Mestre Cervejeiro de Panela da <a href=\"https:\/\/brauakademie.com.br\/concurso\"><strong>Brau Akademie<\/strong>,<\/a> que foi lan\u00e7ado em junho e est\u00e1 em sua <strong>9\u00aa edi\u00e7\u00e3o<\/strong>, tem como pr\u00eamio principal a produ\u00e7\u00e3o da cerveja vencedora pela empresa <strong>Cerveja Campos do Jord\u00e3o<\/strong>.\u00a0 A competi\u00e7\u00e3o organizada pelo mestre cervejeiro Matheus Aredes, teve <strong>190 inscritos<\/strong> na modalidade livre que aceita qualquer tipo da bebida catalogada no BJCP &#8211; Beer Judge Certification Program. Foram aceitos somente participantes amadores que n\u00e3o possuem v\u00ednculo com nenhuma cervejaria. Ser\u00e3o 25 jurados analisando as amostras de cervejas e ainda em setembro ser\u00e1 anunciado o ganhador do Concurso Mestre Cervejeiro de Panela. A premia\u00e7\u00e3o acontecer\u00e1 no dia 29 de outubro no Bar e <strong>Cervejaria Play Pub<\/strong> em Capivari.\u00a0<\/p>\n\n\n\n<p style=\"text-align: justify;\">Al\u00e9m das cervejarias, participam do evento, alguns restaurantes locais da Mantiqueira que criaram pratos especiais para a Temporada: Alto da Brasa Brew Kitchen, A.R.T. BBQ, Bar Vemaguet 67, Bella Vista, Caras de Malte, Cine Bistr\u00f4, Dois Rios, Dona Chica, Donna Pinha, Elio Cucina, Esquina do Djalma, Gard Microcervejaria, La G\u00e1lia, Matterhorn, Mercearia, Moringa Mantiqueira, Nonna Mimi, Play Pub, Rango no Rancho, Sabor Chocolate, Trattoria Noce, Microcervejaria Vemaguet 67, Villa Gourmet, Vila Montese e Vin\u00edcola Vila Santa Maria. Ao visitar os restaurantes participantes, o cliente receber\u00e1 um PASSAPORTE com um carimbo. Com tr\u00eas carimbos ganhar\u00e1 uma caneca comemorativa do evento.<\/p>\n\n\n\n<p style=\"text-align: justify;\">Mais informa\u00e7\u00f5es sobre os pratos dos restaurantes, das cervejarias e dos eventos gastron\u00f4micos especiais em Campos do Jord\u00e3o voc\u00ea pode acompanhar atrav\u00e9s do <strong>instagram @cozinha.mantiqueira<\/strong><\/p>\n<p>O Festival acontece at\u00e9 dia 30 outubro. Imperd\u00edvel!<\/p>\n<iframe src=\"http:\/\/www.facebook.com\/plugins\/like.php?href=https:\/\/www.girosgourmet.com.br\/index.php\/2a-temporada-sabores-e-cervejas-da-mantiqueira\/&amp;layout=standard&amp;show_faces=1&amp;width=450&amp;action=like&amp;colorscheme=light&amp;font=\" scrolling=\"no\" frameborder=\"0\" style=\"border:none; overflow:hidden; width:450px; height:60px\"><\/iframe>","protected":false},"excerpt":{"rendered":"<p>Ta rolando em Campos do Jord\u00e3o desde o dia 16 setembro, a 2\u00aa Temporada Sabores e Cervejas da Mantiqueira, um evento promovido pela Associa\u00e7\u00e3o Cozinha da Mantiqueira, que re\u00fane os principais bares, restaurantes, chocolataria, vin\u00edcola e cervejarias artesanais da regi\u00e3o. Com in\u00fameras atividades para toda a fam\u00edlia, o evento ter\u00e1 [&hellip;]<\/p>\n","protected":false},"author":3,"featured_media":0,"comment_status":"open","ping_status":"closed","sticky":false,"template":"","format":"standard","meta":{"footnotes":""},"categories":[39,41],"tags":[2580,2463,1179,1674],"class_list":["post-11781","post","type-post","status-publish","format-standard","hentry","category-gastronomia","category-viagens","tag-associacao-cozinha-da-mantiqueira","tag-campos-de-jordao","tag-cervejas","tag-festival-gastronomico"],"_links":{"self":[{"href":"https:\/\/www.girosgourmet.com.br\/index.php\/wp-json\/wp\/v2\/posts\/11781","targetHints":{"allow":["GET"]}}],"collection":[{"href":"https:\/\/www.girosgourmet.com.br\/index.php\/wp-json\/wp\/v2\/posts"}],"about":[{"href":"https:\/\/www.girosgourmet.com.br\/index.php\/wp-json\/wp\/v2\/types\/post"}],"author":[{"embeddable":true,"href":"https:\/\/www.girosgourmet.com.br\/index.php\/wp-json\/wp\/v2\/users\/3"}],"replies":[{"embeddable":true,"href":"https:\/\/www.girosgourmet.com.br\/index.php\/wp-json\/wp\/v2\/comments?post=11781"}],"version-history":[{"count":2,"href":"https:\/\/www.girosgourmet.com.br\/index.php\/wp-json\/wp\/v2\/posts\/11781\/revisions"}],"predecessor-version":[{"id":11784,"href":"https:\/\/www.girosgourmet.com.br\/index.php\/wp-json\/wp\/v2\/posts\/11781\/revisions\/11784"}],"wp:attachment":[{"href":"https:\/\/www.girosgourmet.com.br\/index.php\/wp-json\/wp\/v2\/media?parent=11781"}],"wp:term":[{"taxonomy":"category","embeddable":true,"href":"https:\/\/www.girosgourmet.com.br\/index.php\/wp-json\/wp\/v2\/categories?post=11781"},{"taxonomy":"post_tag","embeddable":true,"href":"https:\/\/www.girosgourmet.com.br\/index.php\/wp-json\/wp\/v2\/tags?post=11781"}],"curies":[{"name":"wp","href":"https:\/\/api.w.org\/{rel}","templated":true}]}}