{"id":11757,"date":"2022-08-19T00:40:00","date_gmt":"2022-08-19T03:40:00","guid":{"rendered":"http:\/\/www.girosgourmet.com.br\/?p=11757"},"modified":"2022-08-18T19:54:52","modified_gmt":"2022-08-18T22:54:52","slug":"25o-festival-cultura-e-gastronomia-de-tiradentes","status":"publish","type":"post","link":"https:\/\/www.girosgourmet.com.br\/index.php\/25o-festival-cultura-e-gastronomia-de-tiradentes\/","title":{"rendered":"25\u00ba Festival Cultura e Gastronomia de Tiradentes."},"content":{"rendered":"\n<figure class=\"wp-block-image\"><img decoding=\"async\" src=\"https:\/\/images.squarespace-cdn.com\/content\/v1\/51ef2bf2e4b02bcf8471333b\/1630967008884-4YDBG0BBIGE4FQMYPT62\/festival-tiradentes-2021-eventos.jpg\" alt=\"Festival Cultura &amp; Gastronomia de Tiradentes \u2014 Beer Art - Portal da CERVEJA\"\/><\/figure>\n\n\n\n<p style=\"text-align: justify;\">O <strong>Festival Cultura e Gastronomia de Tiradentes<\/strong> completa 25 anos em 2022 e seu legado \u00e9 ineg\u00e1vel. O evento \u00e9 considerado o primeiro festival de gastronomia do pa\u00eds. E entre os dias <strong>19 e 28 de agosto<\/strong> acontece a 25\u00aa edi\u00e7\u00e3o, com o tema \u201cInconfid\u00eancia Mineira\u201d.<\/p>\n\n\n\n<p style=\"text-align: justify;\">Grandes nomes marcam a volta do evento \u00e0s ruas, como <strong>Jefferson Rueda<\/strong>, d\u2019A Casa do Porco, eleito o 7\u00b0 melhor restaurante do mundo no mais recente \u201cThe World\u2019s 50 Best Restaurants\u201d; o paraibano <strong>Onildo Rocha<\/strong>, que comanda o Noti\u00ea, Abaru e Cozinha Roccia; <strong>Rodolfo Mayer<\/strong>, do disputado Angatu; <strong>T\u00e1ssia Magalh\u00e3es<\/strong>, considerada uma das melhores chefs de sua gera\u00e7\u00e3o, do Nelita; <strong>Caio Soter<\/strong>, chef do Pacato, eleito Novidade do Ano pela Prazeres da Mesa; <strong>Ivo Faria<\/strong>, que participa desde a primeira edi\u00e7\u00e3o; o baiano <strong>Fabr\u00edcio Lemos<\/strong>; al\u00e9m de <strong>Monica Rangel, Rafael Pires, Beth Beltr\u00e3o, Matheus Paratella<\/strong> e muitos outros.<\/p>\n\n\n\n<p style=\"text-align: justify;\">\u201cSer\u00e1 uma edi\u00e7\u00e3o \u00e9pica, pois \u00e9 nosso reencontro com o grande p\u00fablico, celebrando nossos 25 anos. E estamos em Tiradentes, ber\u00e7o da Inconfid\u00eancia Mineira, que tamb\u00e9m foi um dos primeiros movimentos de emancipa\u00e7\u00e3o do pa\u00eds, neste ano em que se comemora o bicenten\u00e1rio da Independ\u00eancia do Brasil. Assim, n\u00e3o poder\u00edamos deixar de homenage\u00e1-lo\u201d, comenta Rodrigo Ferraz, diretor do Projeto Fartura \u2013 Gastronomia do Brasil, respons\u00e1vel pelo Festival.<\/p>\n\n\n\n<p style=\"text-align: justify;\">Cerca de 60 mil pessoas devem passar pelo Centro Hist\u00f3rico em dez dias do Festival, que re\u00fane mais de 200 atra\u00e7\u00f5es gastron\u00f4micas e culturais, concentradas em tr\u00eas espa\u00e7os: a <strong>Pra\u00e7a da Rodovi\u00e1ria, o Sant\u00edssimo Resort e o Largo das Forras.<\/strong><\/p>\n\n\n\n<p style=\"text-align: justify;\">A cidade respira gastronomia, dos c\u00e9lebres Festins aos chefs preparando receitas em pra\u00e7a p\u00fablica em seus estandes e nas Cozinhas ao vivo, passando por cursos, al\u00e9m da Mercearia Fartura com produtores regionais. Shows e apresenta\u00e7\u00f5es art\u00edsticas completam o cen\u00e1rio cultural.<\/p>\n\n\n\n<p style=\"text-align: justify;\">O Festival Cultura e Gastronomia de Tiradentes \u00e9 realizado pelo projeto Fartura, maior plataforma de gastronomia do Brasil, que inclui expedi\u00e7\u00f5es de pesquisa, conte\u00fado (livros, filmes e web) e festivais em todas as regi\u00f5es do Brasil.<\/p>\n<p style=\"text-align: justify;\">Quer saber mais? <a href=\"http:\/\/www.farturabrasil.com.br\"><strong>Clica aqui<\/strong><\/a><\/p>\n\n\n\n<p><strong>25\u00ba Festival Cultura e Gastronomia de Tiradentes<\/strong><\/p>\n\n\n\n<p><strong>De 19 a 28 de agosto | Tiradentes \u2013 MG<\/strong><\/p>\n\n\n\n<p><\/p>\n<iframe src=\"http:\/\/www.facebook.com\/plugins\/like.php?href=https:\/\/www.girosgourmet.com.br\/index.php\/25o-festival-cultura-e-gastronomia-de-tiradentes\/&amp;layout=standard&amp;show_faces=1&amp;width=450&amp;action=like&amp;colorscheme=light&amp;font=\" scrolling=\"no\" frameborder=\"0\" style=\"border:none; overflow:hidden; width:450px; height:60px\"><\/iframe>","protected":false},"excerpt":{"rendered":"<p>O Festival Cultura e Gastronomia de Tiradentes completa 25 anos em 2022 e seu legado \u00e9 ineg\u00e1vel. O evento \u00e9 considerado o primeiro festival de gastronomia do pa\u00eds. E entre os dias 19 e 28 de agosto acontece a 25\u00aa edi\u00e7\u00e3o, com o tema \u201cInconfid\u00eancia Mineira\u201d. Grandes nomes marcam a [&hellip;]<\/p>\n","protected":false},"author":3,"featured_media":0,"comment_status":"open","ping_status":"closed","sticky":false,"template":"","format":"standard","meta":{"footnotes":""},"categories":[39,41],"tags":[1674,1887,2363],"class_list":["post-11757","post","type-post","status-publish","format-standard","hentry","category-gastronomia","category-viagens","tag-festival-gastronomico","tag-minas-gerais","tag-tiradentes"],"_links":{"self":[{"href":"https:\/\/www.girosgourmet.com.br\/index.php\/wp-json\/wp\/v2\/posts\/11757","targetHints":{"allow":["GET"]}}],"collection":[{"href":"https:\/\/www.girosgourmet.com.br\/index.php\/wp-json\/wp\/v2\/posts"}],"about":[{"href":"https:\/\/www.girosgourmet.com.br\/index.php\/wp-json\/wp\/v2\/types\/post"}],"author":[{"embeddable":true,"href":"https:\/\/www.girosgourmet.com.br\/index.php\/wp-json\/wp\/v2\/users\/3"}],"replies":[{"embeddable":true,"href":"https:\/\/www.girosgourmet.com.br\/index.php\/wp-json\/wp\/v2\/comments?post=11757"}],"version-history":[{"count":1,"href":"https:\/\/www.girosgourmet.com.br\/index.php\/wp-json\/wp\/v2\/posts\/11757\/revisions"}],"predecessor-version":[{"id":11758,"href":"https:\/\/www.girosgourmet.com.br\/index.php\/wp-json\/wp\/v2\/posts\/11757\/revisions\/11758"}],"wp:attachment":[{"href":"https:\/\/www.girosgourmet.com.br\/index.php\/wp-json\/wp\/v2\/media?parent=11757"}],"wp:term":[{"taxonomy":"category","embeddable":true,"href":"https:\/\/www.girosgourmet.com.br\/index.php\/wp-json\/wp\/v2\/categories?post=11757"},{"taxonomy":"post_tag","embeddable":true,"href":"https:\/\/www.girosgourmet.com.br\/index.php\/wp-json\/wp\/v2\/tags?post=11757"}],"curies":[{"name":"wp","href":"https:\/\/api.w.org\/{rel}","templated":true}]}}