{"id":11632,"date":"2022-05-24T00:08:32","date_gmt":"2022-05-24T03:08:32","guid":{"rendered":"http:\/\/www.girosgourmet.com.br\/?p=11632"},"modified":"2022-05-23T19:46:32","modified_gmt":"2022-05-23T22:46:32","slug":"museu-do-cafe-promove-4a-ed-da-feira-mercado-coffee","status":"publish","type":"post","link":"https:\/\/www.girosgourmet.com.br\/index.php\/museu-do-cafe-promove-4a-ed-da-feira-mercado-coffee\/","title":{"rendered":"Museu do Caf\u00e9 promove 4\u00aa ed, da feira Mercado Coffee"},"content":{"rendered":"\n<div class=\"wp-block-image\"><figure class=\"aligncenter size-large is-resized\"><img loading=\"lazy\" decoding=\"async\" src=\"http:\/\/www.girosgourmet.com.br\/wp-content\/uploads\/2022\/05\/Museu-do-Cafe-801x1024.jpg\" alt=\"\" class=\"wp-image-11633\" width=\"615\" height=\"785\" srcset=\"https:\/\/www.girosgourmet.com.br\/wp-content\/uploads\/2022\/05\/Museu-do-Cafe-801x1024.jpg 801w, https:\/\/www.girosgourmet.com.br\/wp-content\/uploads\/2022\/05\/Museu-do-Cafe-235x300.jpg 235w, https:\/\/www.girosgourmet.com.br\/wp-content\/uploads\/2022\/05\/Museu-do-Cafe-768x982.jpg 768w, https:\/\/www.girosgourmet.com.br\/wp-content\/uploads\/2022\/05\/Museu-do-Cafe.jpg 1177w\" sizes=\"auto, (max-width: 615px) 100vw, 615px\" \/><\/figure><\/div>\n\n\n\n<p><\/p>\n\n\n\n<p style=\"text-align: justify;\">O <strong>Museu do Caf\u00e9 (MC)<\/strong> \u2013 institui\u00e7\u00e3o da Secretaria de Cultura e Economia Criativa do Estado de S\u00e3o Paulo \u2013 promover\u00e1 a 4\u00aa edi\u00e7\u00e3o do <strong>Mercado <em>Coffee<\/em> <\/strong>em 28 de maio (s\u00e1bado), das 11h \u00e0s 19h.. Em refer\u00eancia ao<strong> Dia Nacional do Caf\u00e9<\/strong> (24), a feira de produtos tem\u00e1ticos reunir\u00e1 diversas marcas e contar\u00e1 com atividades especiais.<\/p>\n\n\n\n<p style=\"text-align: justify;\">No evento, o p\u00fablico ter\u00e1 a oportunidade de conhecer op\u00e7\u00f5es de gr\u00e3os <em>gourmet<\/em>, m\u00e9todos de preparo, padaria artesanal, utens\u00edlios de madeira de caf\u00e9, papelaria, cerveja artesanal, sorvetes, doces e itens presente\u00e1veis. A programa\u00e7\u00e3o contar\u00e1 com a presen\u00e7a das marcas <strong>100% Caf\u00e9, Academia do Barista, Bella Vista Premium Coffee, Bendito Caf\u00e9, BRA Caf\u00e9, Caf\u00e9 Serra Morena, Caf\u00e9 Supreme, Cafeteria do Museu, Casa Baldoni \u2013 Fazenda de Caf\u00e9, Cesta B\u00e1sica Artesanal, Del\u00edcias do Caf\u00e9, Descubra Caf\u00e9 Sol\u00favel (ABICS), ESTIVA Cervejaria, K\u014da Caf\u00e9s, Loja do Museu, Madalena Brigadeiros, Nude., Porto Gelato Gelateria, Rei do Caf\u00e9, S\u00edtio S\u00e3o Sebasti\u00e3o, Soniarte Cria\u00e7\u00f5es, Souvenirs de Santos, Sweet Macaron, Tereziano Caf\u00e9, Tia Ada Caf\u00e9 e Wood n\u2019Coffee<\/strong>.<\/p>\n\n\n\n<p style=\"text-align: justify;\">Na programa\u00e7\u00e3o, os visitantes poder\u00e3o acompanhar apresenta\u00e7\u00f5es de m\u00fasica ao vivo com Patr\u00edcia Diegues e Maur\u00edcio Martins, \u00e0s 14h, e Gibi e Jr. Rivera, \u00e0s 17h30. Para a crian\u00e7ada, haver\u00e1 o espet\u00e1culo de circo-teatro <em>A heran\u00e7a do Tio Cano<\/em>, a partir das 16h.<\/p>\n\n\n\n<p style=\"text-align: justify;\">As oficinas gastron\u00f4micas ser\u00e3o outros destaques da agenda, garantindo o contato com as del\u00edcias envolvendo o cafezinho. Primeiro, haver\u00e1 a oficina \u201c<strong>Crie &amp; Curta \u2013 Caf\u00e9 Sol\u00favel Brasil: dicas e receitas<\/strong>\u201d, com <strong>Eliana Relvas,<\/strong> da Associa\u00e7\u00e3o Brasileira da Ind\u00fastria de Caf\u00e9 Sol\u00favel \u2013 ABICS, \u00e0s 14h, sendo transmitida ao vivo no Instagram do Museu. J\u00e1 \u00e0s 15h30 ser\u00e1 a vez da oficina gastron\u00f4mica \u201c<strong>Del\u00edcias do caf\u00e9<\/strong>\u201d, com <strong>Marina de Castro Barbosa<\/strong>, da Fazenda Beira Rio. Para finalizar, a aula \u201c<strong>A diferen\u00e7a entre caf\u00e9 tradicional e caf\u00e9 especia<\/strong>l\u201d, com<strong> Carolina Vono, da Moreira &amp; Alckmin Coffees<\/strong>, est\u00e1 marcada para as 17h. As vagas para essas a\u00e7\u00f5es s\u00e3o limitadas e as senhas ser\u00e3o distribu\u00eddas na bilheteria do Museu 30 minutos antes de cada uma.<\/p>\n\n\n\n<p style=\"text-align: justify;\">A visita\u00e7\u00e3o aos espa\u00e7os expositivos do MC ser\u00e1 gratuita na ocasi\u00e3o, das 9h \u00e0s 18h, e a bilheteria encerrar\u00e1 \u00e0s 17h.<\/p>\n\n\n\n<p><strong><u>Museu do Caf\u00e9<\/u><\/strong><\/p>\n\n\n\n<p style=\"text-align: justify;\"><strong>Servi\u00e7o<\/strong><br \/>Rua XV de Novembro, 95 \u2013 Centro Hist\u00f3rico \u2013 Santos\/SP<br \/>Telefone: (13) 3213-1750<br \/>Funcionamento: de ter\u00e7a a s\u00e1bado, das 9h \u00e0s 18h, e domingo, das 10h \u00e0s 18h (fechamento da bilheteria \u00e0s 17h)<br \/>R$ 10,00 e meia-entrada para pessoas com mais de 60 anos, aposentados, estudantes, crian\u00e7as e jovens entre 8 e 16 anos, professores da rede particular de ensino e jovens de baixa renda entre 15 e 29 anos<br \/>Gr\u00e1tis aos s\u00e1bados<br \/>Acessibilidade no local<br \/><a href=\"http:\/\/www.museudocafe.org.br\">www.museudocafe.org.br<\/a><\/p>\n<iframe src=\"http:\/\/www.facebook.com\/plugins\/like.php?href=https:\/\/www.girosgourmet.com.br\/index.php\/museu-do-cafe-promove-4a-ed-da-feira-mercado-coffee\/&amp;layout=standard&amp;show_faces=1&amp;width=450&amp;action=like&amp;colorscheme=light&amp;font=\" scrolling=\"no\" frameborder=\"0\" style=\"border:none; overflow:hidden; width:450px; height:60px\"><\/iframe>","protected":false},"excerpt":{"rendered":"<p>O Museu do Caf\u00e9 (MC) \u2013 institui\u00e7\u00e3o da Secretaria de Cultura e Economia Criativa do Estado de S\u00e3o Paulo \u2013 promover\u00e1 a 4\u00aa edi\u00e7\u00e3o do Mercado Coffee em 28 de maio (s\u00e1bado), das 11h \u00e0s 19h.. Em refer\u00eancia ao Dia Nacional do Caf\u00e9 (24), a feira de produtos tem\u00e1ticos reunir\u00e1 [&hellip;]<\/p>\n","protected":false},"author":3,"featured_media":0,"comment_status":"open","ping_status":"closed","sticky":false,"template":"","format":"standard","meta":{"footnotes":""},"categories":[39,41],"tags":[675,2820,2818,2819],"class_list":["post-11632","post","type-post","status-publish","format-standard","hentry","category-gastronomia","category-viagens","tag-cafe","tag-dia-nacional-do-cafe","tag-museu-do-cafe","tag-santos"],"_links":{"self":[{"href":"https:\/\/www.girosgourmet.com.br\/index.php\/wp-json\/wp\/v2\/posts\/11632","targetHints":{"allow":["GET"]}}],"collection":[{"href":"https:\/\/www.girosgourmet.com.br\/index.php\/wp-json\/wp\/v2\/posts"}],"about":[{"href":"https:\/\/www.girosgourmet.com.br\/index.php\/wp-json\/wp\/v2\/types\/post"}],"author":[{"embeddable":true,"href":"https:\/\/www.girosgourmet.com.br\/index.php\/wp-json\/wp\/v2\/users\/3"}],"replies":[{"embeddable":true,"href":"https:\/\/www.girosgourmet.com.br\/index.php\/wp-json\/wp\/v2\/comments?post=11632"}],"version-history":[{"count":1,"href":"https:\/\/www.girosgourmet.com.br\/index.php\/wp-json\/wp\/v2\/posts\/11632\/revisions"}],"predecessor-version":[{"id":11634,"href":"https:\/\/www.girosgourmet.com.br\/index.php\/wp-json\/wp\/v2\/posts\/11632\/revisions\/11634"}],"wp:attachment":[{"href":"https:\/\/www.girosgourmet.com.br\/index.php\/wp-json\/wp\/v2\/media?parent=11632"}],"wp:term":[{"taxonomy":"category","embeddable":true,"href":"https:\/\/www.girosgourmet.com.br\/index.php\/wp-json\/wp\/v2\/categories?post=11632"},{"taxonomy":"post_tag","embeddable":true,"href":"https:\/\/www.girosgourmet.com.br\/index.php\/wp-json\/wp\/v2\/tags?post=11632"}],"curies":[{"name":"wp","href":"https:\/\/api.w.org\/{rel}","templated":true}]}}