{"id":11512,"date":"2022-03-14T18:18:19","date_gmt":"2022-03-14T21:18:19","guid":{"rendered":"http:\/\/www.girosgourmet.com.br\/?p=11512"},"modified":"2022-03-14T18:18:24","modified_gmt":"2022-03-14T21:18:24","slug":"sabor-e-saude-as-receitas-do-spa-mais-desejado-do-brasil","status":"publish","type":"post","link":"https:\/\/www.girosgourmet.com.br\/index.php\/sabor-e-saude-as-receitas-do-spa-mais-desejado-do-brasil\/","title":{"rendered":"Sabor e Sa\u00fade: as Receitas do Spa mais desejado do Brasil"},"content":{"rendered":"\n<p style=\"text-align: justify;\"><em>Este \u00e9 o nome do livro que est\u00e1 sendo lan\u00e7ado pelo Kurotel, focado em alimenta\u00e7\u00e3o saud\u00e1vel, com pratos de baixo valor cal\u00f3rico e elevado valor nutricional, mas tamb\u00e9m aliando paladar e est\u00e9tica<\/em>.<\/p>\n\n\n\n<figure class=\"wp-block-image size-large\"><img loading=\"lazy\" decoding=\"async\" width=\"1024\" height=\"706\" src=\"http:\/\/www.girosgourmet.com.br\/wp-content\/uploads\/2022\/03\/sabor-e-saude-livro-1024x706.jpg\" alt=\"\" class=\"wp-image-11513\" srcset=\"https:\/\/www.girosgourmet.com.br\/wp-content\/uploads\/2022\/03\/sabor-e-saude-livro-1024x706.jpg 1024w, https:\/\/www.girosgourmet.com.br\/wp-content\/uploads\/2022\/03\/sabor-e-saude-livro-300x207.jpg 300w, https:\/\/www.girosgourmet.com.br\/wp-content\/uploads\/2022\/03\/sabor-e-saude-livro-768x530.jpg 768w, https:\/\/www.girosgourmet.com.br\/wp-content\/uploads\/2022\/03\/sabor-e-saude-livro-1536x1059.jpg 1536w, https:\/\/www.girosgourmet.com.br\/wp-content\/uploads\/2022\/03\/sabor-e-saude-livro-2048x1412.jpg 2048w\" sizes=\"auto, (max-width: 1024px) 100vw, 1024px\" \/><\/figure>\n\n\n\n<p style=\"text-align: justify;\">Quem j\u00e1 teve a oportunidade de passar alguns dias no <strong>Kurotel<\/strong>, em Gramado, sabe que um dos pontos fortes do Spa \u00e9 a gastronomia: as refei\u00e7\u00f5es servidas l\u00e1 s\u00e3o balanceadas e feitas para que os clientes atinjam os seus objetivos de emagrecimento ou bem-estar. Mas todos os pratos primam pela origem dos ingredientes, qualidade dos alimentos e tem uma bel\u00edssima apresenta\u00e7\u00e3o.<\/p>\n\n\n\n<p style=\"text-align: justify;\">Quem quiser agora ter acesso a essas receitas, pode adquirir o livro que acaba de ser lan\u00e7ado e \u00e9 o quinto da s\u00e9rie <em>Kur Sabor e Sa\u00fade. <\/em>Esta edi\u00e7\u00e3o conta com 63 receitas, todas f\u00e1ceis e pr\u00e1ticas, separadas por <em>Entradas<\/em> (12), <em>Pratos Principais<\/em> (21), <em>Sobremesas<\/em> (13) e <em>Lanches<\/em> (12), todas elas organizadas com a lista dos ingredientes, modo de preparo e uma foto ilustrativa do prato; tamb\u00e9m tem um selo indicando o rendimento das por\u00e7\u00f5es e se \u00e9 vegano e\/ou livre de gl\u00faten.<\/p>\n<center>\n<div>\n<div>\n<div>\n<p style=\"text-align: justify;\">Alguns dos destaques de pratos s\u00e3o: <em>Salada de vieiras e r\u00facula ao molho de laranja<\/em>; <em>Caboti\u00e1 assada com especiarias, molho de tahine e sementes de girassol<\/em>; <em>Atum selado com crosta de gergelim e pur\u00ea de alcachofra<\/em>; <em>Polenta de couve flor e c\u00farcuma com ragu de porcini<\/em>; <em>Fil\u00e9 de frango ao creme de alho por\u00f3 e pur\u00ea de car\u00e1 roxo com avel\u00e3<\/em>; <em>Cenoura em calda de \u00e1gua de rosas com passas de uva e pistache<\/em>; <em>Pera a\u00e7afronada com calda de curry<\/em>; <em>Bolo integral de ma\u00e7\u00e3 com canela<\/em>, entre outros.<\/p>\n<p style=\"text-align: justify;\">Al\u00e9m das receitas da equipe de nutri\u00e7\u00e3o do Kurotel, o livro conta com receitas especiais da <em>chef<\/em> ga\u00facha Stella Jawetz e do <em>chef<\/em> franc\u00eas Jean-Paul Bondoux, do renomado restaurante La Bourgogne de Punta del Este, que tamb\u00e9m colaboraram nesta edi\u00e7\u00e3o. Os pratos aliam paladar, est\u00e9tica e equil\u00edbrio. H\u00e1 op\u00e7\u00f5es para pessoas al\u00e9rgicas, intolerantes, vegetarianas e veganas, como tamb\u00e9m receitas sem gl\u00faten, sem leite, com baixas calorias, pouco sal, sem a\u00e7\u00facar, mas tudo com muito sabor.<\/p>\n<p style=\"text-align: justify;\">\u201c\u00c9 um prazer compartilhar essas receitas para al\u00e9m do Kur. A alimenta\u00e7\u00e3o e nutri\u00e7\u00e3o, al\u00e9m de serem pilares da longevidade, fazem parte de nossa hist\u00f3ria de quase 4 d\u00e9cadas\u201d, comenta Rochele Silveira, uma das s\u00f3cias e diretora. \u201cComo nosso card\u00e1pio se renova constantemente, temos sempre saborosas novidades, e a certeza que este card\u00e1pio aplicado no dia a dia traz muitos benef\u00edcios \u00e0 sa\u00fade\u201d.<\/p>\n<p style=\"text-align: left;\"><strong><u>Servi\u00e7o:<\/u><\/strong><\/p>\n<p style=\"text-align: left;\">Livro: Kur Sabor e Sa\u00fade: as receitas do Spa mais desejado do Brasil<\/p>\n<p style=\"text-align: left;\">Pre\u00e7o: R$ 139,00<\/p>\n<p style=\"text-align: justify;\">O livro pode ser adquirido no site <a href=\"http:\/\/www.kurmyhomespa.com\">www.kurmyhomespa.com<\/a> ou pelo whatsapp (54) 99272-0004 ou na loja f\u00edsica de Gramado, RS (Av Borges de Medeiros 2123). Em S\u00e3o Paulo, atende pelo whatsapp (11) 4326-9700.<\/p>\n<\/div>\n<\/div>\n<\/div>\n<\/center>\n\n\n\n\n\n<p><\/p>\n<iframe src=\"http:\/\/www.facebook.com\/plugins\/like.php?href=https:\/\/www.girosgourmet.com.br\/index.php\/sabor-e-saude-as-receitas-do-spa-mais-desejado-do-brasil\/&amp;layout=standard&amp;show_faces=1&amp;width=450&amp;action=like&amp;colorscheme=light&amp;font=\" scrolling=\"no\" frameborder=\"0\" style=\"border:none; overflow:hidden; width:450px; height:60px\"><\/iframe>","protected":false},"excerpt":{"rendered":"<p>Este \u00e9 o nome do livro que est\u00e1 sendo lan\u00e7ado pelo Kurotel, focado em alimenta\u00e7\u00e3o saud\u00e1vel, com pratos de baixo valor cal\u00f3rico e elevado valor nutricional, mas tamb\u00e9m aliando paladar e est\u00e9tica. Quem j\u00e1 teve a oportunidade de passar alguns dias no Kurotel, em Gramado, sabe que um dos pontos [&hellip;]<\/p>\n","protected":false},"author":3,"featured_media":0,"comment_status":"open","ping_status":"closed","sticky":false,"template":"","format":"standard","meta":{"footnotes":""},"categories":[39],"tags":[2792,58,386,2791],"class_list":["post-11512","post","type-post","status-publish","format-standard","hentry","category-gastronomia","tag-kurotel","tag-livro","tag-livro-de-receitas","tag-receitas-de-spa"],"_links":{"self":[{"href":"https:\/\/www.girosgourmet.com.br\/index.php\/wp-json\/wp\/v2\/posts\/11512","targetHints":{"allow":["GET"]}}],"collection":[{"href":"https:\/\/www.girosgourmet.com.br\/index.php\/wp-json\/wp\/v2\/posts"}],"about":[{"href":"https:\/\/www.girosgourmet.com.br\/index.php\/wp-json\/wp\/v2\/types\/post"}],"author":[{"embeddable":true,"href":"https:\/\/www.girosgourmet.com.br\/index.php\/wp-json\/wp\/v2\/users\/3"}],"replies":[{"embeddable":true,"href":"https:\/\/www.girosgourmet.com.br\/index.php\/wp-json\/wp\/v2\/comments?post=11512"}],"version-history":[{"count":1,"href":"https:\/\/www.girosgourmet.com.br\/index.php\/wp-json\/wp\/v2\/posts\/11512\/revisions"}],"predecessor-version":[{"id":11514,"href":"https:\/\/www.girosgourmet.com.br\/index.php\/wp-json\/wp\/v2\/posts\/11512\/revisions\/11514"}],"wp:attachment":[{"href":"https:\/\/www.girosgourmet.com.br\/index.php\/wp-json\/wp\/v2\/media?parent=11512"}],"wp:term":[{"taxonomy":"category","embeddable":true,"href":"https:\/\/www.girosgourmet.com.br\/index.php\/wp-json\/wp\/v2\/categories?post=11512"},{"taxonomy":"post_tag","embeddable":true,"href":"https:\/\/www.girosgourmet.com.br\/index.php\/wp-json\/wp\/v2\/tags?post=11512"}],"curies":[{"name":"wp","href":"https:\/\/api.w.org\/{rel}","templated":true}]}}