{"id":11086,"date":"2021-05-03T16:41:06","date_gmt":"2021-05-03T19:41:06","guid":{"rendered":"http:\/\/www.girosgourmet.com.br\/?p=11086"},"modified":"2021-05-03T16:41:11","modified_gmt":"2021-05-03T19:41:11","slug":"especial-giros-dias-das-maes-2","status":"publish","type":"post","link":"https:\/\/www.girosgourmet.com.br\/index.php\/especial-giros-dias-das-maes-2\/","title":{"rendered":"Especial Giros: Dias das M\u00e3es!"},"content":{"rendered":"\n<figure class=\"wp-block-image size-large\"><img loading=\"lazy\" decoding=\"async\" width=\"750\" height=\"452\" src=\"http:\/\/www.girosgourmet.com.br\/wp-content\/uploads\/2021\/05\/Dia-das-mamis.jpg\" alt=\"\" class=\"wp-image-11087\" srcset=\"https:\/\/www.girosgourmet.com.br\/wp-content\/uploads\/2021\/05\/Dia-das-mamis.jpg 750w, https:\/\/www.girosgourmet.com.br\/wp-content\/uploads\/2021\/05\/Dia-das-mamis-300x181.jpg 300w\" sizes=\"auto, (max-width: 750px) 100vw, 750px\" \/><\/figure>\n\n\n\n<p style=\"text-align: justify;\">Com a aproxima\u00e7\u00e3o do\u00a0<strong>Dia das M\u00e3es, <\/strong>muitos filhos se perguntam como paparicar as m\u00e3es nesta data t\u00e3o especial. Para ajudar a responder a essa pergunta e principalmente retribuir de um jeito bem gostoso, a Giros preparou um roteiro super bacana para voc\u00ea curtir com a mulher mais importante de nossas vidas. Bom domingo!<\/p>\n\n\n\n<p><strong>ANIMUS<\/strong><\/p>\n\n\n\n<figure class=\"wp-block-image size-large is-resized\"><img loading=\"lazy\" decoding=\"async\" src=\"http:\/\/www.girosgourmet.com.br\/wp-content\/uploads\/2021\/05\/Animus-torta.jpg\" alt=\"\" class=\"wp-image-11088\" width=\"476\" height=\"714\" srcset=\"https:\/\/www.girosgourmet.com.br\/wp-content\/uploads\/2021\/05\/Animus-torta.jpg 543w, https:\/\/www.girosgourmet.com.br\/wp-content\/uploads\/2021\/05\/Animus-torta-200x300.jpg 200w\" sizes=\"auto, (max-width: 476px) 100vw, 476px\" \/><\/figure>\n\n\n\n<p style=\"text-align: justify;\">Para celebrar o Dia das M\u00e3es, a Chef <strong>Giovanna Grossi<\/strong>, do Restaurante <strong>Animus<\/strong>, criou tr\u00eas sugest\u00f5es especiais para uma celebra\u00e7\u00e3o afetuosa. Uma sobremesa cortesia para os clientes que forem celebrar no restaurante, uma cesta de caf\u00e9 da manh\u00e3 e um menu especial para o almo\u00e7o sob encomenda para quem desejar celebrar em casa. As duas \u00faltimas estar\u00e3o dispon\u00edveis por encomenda via o aplicativo Goomer ou pelo telefone fixo (11) 2371-7981 e Whatsapp (11) 98181-5270. Os pedidos dever\u00e3o ser feitos at\u00e9 o dia 7.<\/p>\n\n\n\n<p style=\"text-align: justify;\">Uma Tortinha de chocolate branco, frutas vermelhas, creme de cumaru e am\u00eandoas de sobremesa ser\u00e1 o presente da chef para todas as m\u00e3es que escolherem o Animus para celebrar o seu dia.<\/p>\n\n\n\n<p style=\"text-align: justify;\">A <strong>cesta de caf\u00e9 da manh\u00e3,<\/strong> acomodada numa caixa de madeira, decorada com um vasinho com flores secas, acompanha um drinque, <strong>Bolo de chocolate 54% com avel\u00e3<\/strong> e nibs de cacau, <strong>Focaccia com tomilho e flor de sal,<\/strong> 3 conservas da casa e uma burrata e custa R$ 185.<\/p>\n\n\n\n<p style=\"text-align: justify;\">O Menu para o almo\u00e7o para duas pessoas (R$ 340) \u00e9 composto por<strong> Couvert<\/strong> (Crostata de ervas e flores, Manteiga noisette, Mix de picles da casa e Ratatuille de legumes), uma <strong>Polenta r\u00fastica com burrata<\/strong>, castanhas picantes, tomates caramelizados e manjeric\u00e3o acompanhada de focaccia feita na casa como entrada. Para o prato principal (escolher 1 op\u00e7\u00e3o) <strong>Fraldinha com crosta de bacon, mix de cogumelos salteados e fratin batatas<\/strong> coloridas, ou <strong>Peixe recheado com mousseline de ervas<\/strong>, arroz vermelho e saladinha de polvo com milho tostado, ou Ovo poche, ensopado de gr\u00e3o de bico, cebola confitada e pecan caramelizada. Para ado\u00e7ar pode-se escolher entre duas tortas, Chocolate 70% cacau, caramelo e castanhas ou Chocolate branco com frutas vermelhas.\u00a0<\/p>\n\n\n\n<p>Endere\u00e7o: Rua Vupabussu, 347 \u2013 Pinheiros \u2013 S\u00e3o Paulo\/SP\u00a0\u00a0\u00a0| Tel.: (11) 2371-7981<\/p>\n\n\n\n<p><strong>NEGRONI<\/strong><\/p>\n\n\n\n<figure class=\"wp-block-image size-large\"><img loading=\"lazy\" decoding=\"async\" width=\"1000\" height=\"667\" src=\"http:\/\/www.girosgourmet.com.br\/wp-content\/uploads\/2021\/05\/Bar-negroni.jpg\" alt=\"\" class=\"wp-image-11089\" srcset=\"https:\/\/www.girosgourmet.com.br\/wp-content\/uploads\/2021\/05\/Bar-negroni.jpg 1000w, https:\/\/www.girosgourmet.com.br\/wp-content\/uploads\/2021\/05\/Bar-negroni-300x200.jpg 300w, https:\/\/www.girosgourmet.com.br\/wp-content\/uploads\/2021\/05\/Bar-negroni-768x512.jpg 768w\" sizes=\"auto, (max-width: 1000px) 100vw, 1000px\" \/><\/figure>\n\n\n\n<p style=\"text-align: justify;\">N\u00e3o \u00e9 s\u00f3 de almo\u00e7os que vivem o dia das m\u00e3es. Quem quiser comemorar poder\u00e1 contar com duas op\u00e7\u00f5es de combos que o <strong>bar Negroni <\/strong>criou e vai colocar \u00e0 venda nas noites de sexta (7), s\u00e1bado (8) e domingo (9). O primeiro deles leva uma ta\u00e7a (enviados via delivery em garrafinhas) de vinho tinto <strong>T\u00edlia Malbec\/Syrah<\/strong>, uma <strong>pizza individual de Presunto Cru<\/strong> (Presunto Cru, queijo brie, parmes\u00e3o, alecrim, r\u00facula, manjeric\u00e3o e lim\u00e3o siciliano) e um <strong>tiramiss\u00fa<\/strong> de sobremesa. Tudo por R$ 80 no Ifood e R$ 70 pelo whatsapp do bar.<\/p>\n<p style=\"text-align: justify;\">J\u00e1 a segunda op\u00e7\u00e3o vai uma ta\u00e7a de vinho branco <strong>T\u00edlia Chardonnay,<\/strong> uma <strong>pizza Tr\u00eas Queijos<\/strong> (gorgonzola, queijo de cabra, parmes\u00e3o e s\u00e1lvia) e para finalizar, <strong>tiramiss\u00fa<\/strong> por R$ 76 no Ifood e R$ 67 diretamente com a casa e tamb\u00e9m no sal\u00e3o. Whatsapp para pedidos direto \u00e9 o 11.2337.4855<\/p>\n\n\n\n<p><strong>Negroni:<\/strong> Rua Padre Carvalho, 30 \u2013 Pinheiros \u2013 S\u00e3o Paulo\/SP &#8211; Fone (11) 2337-4855.<\/p>\n\n\n\n<p><strong>ICI Brasserie<\/strong><\/p>\n\n\n\n<figure class=\"wp-block-image size-large\"><img loading=\"lazy\" decoding=\"async\" width=\"1024\" height=\"682\" src=\"http:\/\/www.girosgourmet.com.br\/wp-content\/uploads\/2021\/05\/ICI-brasserie-dia-das-maes-1024x682.jpg\" alt=\"\" class=\"wp-image-11090\" srcset=\"https:\/\/www.girosgourmet.com.br\/wp-content\/uploads\/2021\/05\/ICI-brasserie-dia-das-maes-1024x682.jpg 1024w, https:\/\/www.girosgourmet.com.br\/wp-content\/uploads\/2021\/05\/ICI-brasserie-dia-das-maes-300x200.jpg 300w, https:\/\/www.girosgourmet.com.br\/wp-content\/uploads\/2021\/05\/ICI-brasserie-dia-das-maes-768x512.jpg 768w, https:\/\/www.girosgourmet.com.br\/wp-content\/uploads\/2021\/05\/ICI-brasserie-dia-das-maes.jpg 1120w\" sizes=\"auto, (max-width: 1024px) 100vw, 1024px\" \/><\/figure>\n\n\n\n<p style=\"text-align: justify;\">O chef <strong>Marcelo Tanus<\/strong> pensou em um card\u00e1pio especial para celebrar o Dia das M\u00e3es em casa. O menu (R$ 369) serve quatro pessoas e pode ser pedido pelos aplicativos Rappi, iFood e UberEats ou pelo whatsapp 2299-5331, com encomendas antecipadas, a partir de ter\u00e7a-feira, dia 27, at\u00e9 \u00e0s 16h de s\u00e1bado, dia 8. As unidades s\u00e3o limitadas.<\/p>\n\n\n\n<p style=\"text-align: justify;\">Para come\u00e7ar, um cl\u00e1ssico da culin\u00e1ria francesa: as <strong><em>goug\u00e9res<\/em><\/strong>, carolinas salgadas recheadas com queijo. Na sequ\u00eancia, <strong><em>salada Ch\u00e8vre Chaud,<\/em><\/strong>\u00a0que re\u00fane mix de folhas, queijo de cabra, ma\u00e7\u00e3 verde, pralin\u00ea e molho grenadine, e uma entrada quente, o <strong><em>Camar\u00e3o e mariscos &amp; velout\u00e9 de Martini, <\/em><\/strong><em>receita nova do chef<\/em>. Como prato principal, <strong><em>Tagine de cordeiro<\/em><\/strong><em>, <\/em>cordeiro cozido lentamente com especiarias e castanhas, servido com couscus marroquino, coalhada e salada de tomates, cebola e hortel\u00e3. Quem preferir pode pedir a vers\u00e3o vegetariana, o<strong> <em>Tagine de ab\u00f3bora kabocha<\/em><\/strong>.Asobremesa fica por conta do <strong><em>Riz au lait, caramel sal\u00e9 e nuts<\/em><\/strong>.<\/p>\n\n\n\n<p><strong>Servi\u00e7o:<\/strong><\/p>\n\n\n\n<p>DELIVERY<br>Pr\u00f3prio, pelos telefones:<\/p>\n\n\n\n<p><strong>Jardins<\/strong> &#8211; (11) 2883.5063<br>Domingo, das 11h \u00e0s 21h<br><br><strong>ICI JK<\/strong> &#8211; (11) 3078 \u2013 1313<br>Domingo, das 11h \u00e0s 20h45<\/p>\n\n\n\n<p>VILLA LOBOS &#8211; (11) 5555 \u2013 2351<br>Domingo, das 11h \u00e0s 19h<\/p>\n\n\n\n<p><strong>Capim Santo<\/strong><\/p>\n\n\n\n<figure class=\"wp-block-image size-large\"><img loading=\"lazy\" decoding=\"async\" width=\"1024\" height=\"683\" src=\"http:\/\/www.girosgourmet.com.br\/wp-content\/uploads\/2021\/05\/capim-santo_Galeto-assado_credito-mario-rodrigues-1024x683.jpg\" alt=\"\" class=\"wp-image-11091\" srcset=\"https:\/\/www.girosgourmet.com.br\/wp-content\/uploads\/2021\/05\/capim-santo_Galeto-assado_credito-mario-rodrigues-1024x683.jpg 1024w, https:\/\/www.girosgourmet.com.br\/wp-content\/uploads\/2021\/05\/capim-santo_Galeto-assado_credito-mario-rodrigues-300x200.jpg 300w, https:\/\/www.girosgourmet.com.br\/wp-content\/uploads\/2021\/05\/capim-santo_Galeto-assado_credito-mario-rodrigues-768x512.jpg 768w, https:\/\/www.girosgourmet.com.br\/wp-content\/uploads\/2021\/05\/capim-santo_Galeto-assado_credito-mario-rodrigues-1536x1024.jpg 1536w, https:\/\/www.girosgourmet.com.br\/wp-content\/uploads\/2021\/05\/capim-santo_Galeto-assado_credito-mario-rodrigues-2048x1365.jpg 2048w\" sizes=\"auto, (max-width: 1024px) 100vw, 1024px\" \/><\/figure>\n\n\n\n<p style=\"text-align: justify;\">O Capim Santo, da <strong>chef Morena Leite<\/strong>, est\u00e1 com card\u00e1pio elaborado especialmente para o Dia das M\u00e3es, que vem com um presente. Oferecida por delivery, a pedida chega em por\u00e7\u00e3o para 4 pessoas, com o prato principal servido numa linda travessa de cer\u00e2mica da marca francesa Le Creuset (26cm) que, al\u00e9m de embelezar a mesa durante a celebra\u00e7\u00e3o, fica de presente para a m\u00e3e.<\/p>\n\n\n\n<p style=\"text-align: justify;\">As possibilidades de receitas que v\u00eam na travessa s\u00e3o <strong>galeto assado com legumes tostados, estrogonofe de vitela com shimeji ou bob\u00f3 de palmito pupunha e castanha do Par\u00e1.<\/strong> Todas estas op\u00e7\u00f5es v\u00eam acompanhadas de arroz branco, farofa de lim\u00e3o, palha de ra\u00edzes brasileiras e salada de banana (R$ 459 a refei\u00e7\u00e3o para 4 pessoas + a travessa Le Creuset). Para completar a comemora\u00e7\u00e3o, tamb\u00e9m foram criadas as seguintes sobremesas: pudim de cumaru, manjar de coco com calda de baba de mo\u00e7a, e terrine de chocolate com calda de frutas vermelhas (R$ 63 cada).<\/p>\n\n\n\n<p>As encomendas podem ser feitas diretamente pelos telefones do Capim Santo:<\/p>\n\n\n\n<p>S\u00e3o Paulo: 11 98189-0082<\/p>\n\n\n\n<p><strong>Al Mare<\/strong><\/p>\n\n\n\n<figure class=\"wp-block-image size-large\"><img loading=\"lazy\" decoding=\"async\" width=\"1024\" height=\"1024\" src=\"http:\/\/www.girosgourmet.com.br\/wp-content\/uploads\/2021\/05\/Al-mare-Lagosta-Flambada_Al-Mare-1024x1024.jpg\" alt=\"\" class=\"wp-image-11093\" srcset=\"https:\/\/www.girosgourmet.com.br\/wp-content\/uploads\/2021\/05\/Al-mare-Lagosta-Flambada_Al-Mare-1024x1024.jpg 1024w, https:\/\/www.girosgourmet.com.br\/wp-content\/uploads\/2021\/05\/Al-mare-Lagosta-Flambada_Al-Mare-300x300.jpg 300w, https:\/\/www.girosgourmet.com.br\/wp-content\/uploads\/2021\/05\/Al-mare-Lagosta-Flambada_Al-Mare-150x150.jpg 150w, https:\/\/www.girosgourmet.com.br\/wp-content\/uploads\/2021\/05\/Al-mare-Lagosta-Flambada_Al-Mare-768x768.jpg 768w, https:\/\/www.girosgourmet.com.br\/wp-content\/uploads\/2021\/05\/Al-mare-Lagosta-Flambada_Al-Mare-1536x1536.jpg 1536w, https:\/\/www.girosgourmet.com.br\/wp-content\/uploads\/2021\/05\/Al-mare-Lagosta-Flambada_Al-Mare-2048x2048.jpg 2048w, https:\/\/www.girosgourmet.com.br\/wp-content\/uploads\/2021\/05\/Al-mare-Lagosta-Flambada_Al-Mare-100x100.jpg 100w\" sizes=\"auto, (max-width: 1024px) 100vw, 1024px\" \/><\/figure>\n\n\n\n<p style=\"text-align: justify;\"><strong>O Restaurante Al Mare<\/strong>, especializado em frutos do mar, completa 25 anos no bairro de Moema, em S\u00e3o Paulo, tendo \u00e0 frente o conhecido <strong>chef de cozinha Allan Vila Espejo<\/strong>, que acaba de lan\u00e7ar novos pratos no card\u00e1pio presencial e delivery, que \u00e9 rico em sugest\u00f5es de entradas e pratos principais com peixes, camar\u00f5es, lagostas, lulas, ostras, entre saladas, grelhados, massas, risotos e deliciosas moquecas.<\/p>\n\n\n\n<p style=\"text-align: justify;\">Para o especial Dia das M\u00e3es, o chef Allan criou novos pratos igualmente especiais, s\u00e3o deliciosas vers\u00f5es com lagosta: <strong>Lagosta do Soares<\/strong> &#8211; Cauda de baby Lagosta, na manteiga e castanha de caj\u00fa, acompanhada de risotto de banana e urucum \u2013 R$ 167 ou <strong>Lagosta flambada<\/strong> &#8211; Cauda de Lagosta, gratinada na manteiga e conhaque, acompanhada de arroz e batata palha- R$ 141<\/p>\n\n\n\n<p style=\"text-align: justify;\">Para compartilhar uma novidade para quem prefere um almo\u00e7o especial sem carne \u00e9 a deliciosa <strong>Moqueca Vegana<\/strong>, preparada com banana, ab\u00f3bora, shitake, urucum, cebola, piment\u00e3o, leite de coco e polenta de caju, que substitui o tradicional pir\u00e3o. Acompanhada de arroz, serve bem duas pessoas &#8211; R$ 145.E ainda vale destacar a especialidade da casa, a op\u00e7\u00e3o ideal para saborear com a fam\u00edlia \u2013 serve 4 a 5 pessoas, a <strong>Paella Marinara &#8211; <\/strong>Paella Marinara &#8211; \u00a0Camar\u00f5es, lulas, mexilh\u00f5es e lagostins \u2013 R$ 315<\/p>\n\n\n\n<p>Vale reservar mesa no restaurante caso j\u00e1 esteja com atendimento presencial.<br>Delivery:<br>&#x260e;(11) 5041-7179<br>&#x1f697;Drive Thru &#8211; Av. Pav\u00e3o, 109 &#8211; Moema SP.<\/p>\n\n\n\n<p><strong>GRUPO EME<\/strong><\/p>\n\n\n\n<p style=\"text-align: justify;\">Para comemorar o Dia das M\u00e3es, este ano em 9 de maio, a <strong>chef Renata Vanzetto<\/strong> criou op\u00e7\u00f5es exclusivas para oferecer <strong>no Muquifo, EMA e Matilda Lanches<\/strong><\/p>\n<p>\u00a0<\/p>\n\n\n\n<figure class=\"wp-block-image size-large is-resized\"><img loading=\"lazy\" decoding=\"async\" src=\"http:\/\/www.girosgourmet.com.br\/wp-content\/uploads\/2021\/05\/grupo-EME.jpg\" alt=\"\" class=\"wp-image-11096\" width=\"508\" height=\"761\" srcset=\"https:\/\/www.girosgourmet.com.br\/wp-content\/uploads\/2021\/05\/grupo-EME.jpg 528w, https:\/\/www.girosgourmet.com.br\/wp-content\/uploads\/2021\/05\/grupo-EME-200x300.jpg 200w\" sizes=\"auto, (max-width: 508px) 100vw, 508px\" \/><\/figure>\n\n\n\n<p style=\"text-align: justify;\">Quem optar por celebrar com o<strong> Muquifo<\/strong>, restaurante que traz receitas de fam\u00edlia da chef numa cesta linda para presentear composta pelos seguintes \u00edtens: <strong>P\u00e3o de fermenta\u00e7\u00e3o natural; Alcachofras com alho assado, ervas e lim\u00e3o<\/strong> (4 unidades de alcachofra em pote de 400g); <strong>Conserva de abobrinha frita com hortel\u00e3 e queijo de cabra<\/strong> (200g); <strong>Escabeche de sardinha<\/strong> (400g); <strong>Creme de parmes\u00e3o<\/strong> (150g); <strong>Antepasto de berinjela<\/strong> (200g); <strong>Saquinho de palha italiana<\/strong> caseira (120g); <strong>Bolo churros pequeno<\/strong> (4 peda\u00e7os de bolo + 200g de doce de leite); um pacote de <strong>massa fusilone<\/strong> e mais molho de tomate da casa (500g). Tudo por R$ 320 com validade de 7 dias. Os pedidos dever\u00e3o ser feitos at\u00e9 sexta-feira, dia 7 pelo whatsapp (11) 98232.7677<\/p>\n\n\n\n<p style=\"text-align: justify;\">Ainda no Muquifo, h\u00e1 op\u00e7\u00e3o de menu presencial com entrada, principal e sobremesa por R$ 98. <strong>Pastel de gorgonzola com goiabada picante <\/strong>para come\u00e7ar, segue com <strong>Costela com pur\u00ea de batata e espinafre <\/strong>e finaliza com <strong>Bolo de cenoura com brigadeiro<\/strong>. Reservas dever\u00e3o ser feitas pelo whatsapp (11) 98232.7677.<\/p>\n\n\n\n<p style=\"text-align: justify;\">J\u00e1 no <strong>EMA<\/strong>, haver\u00e1 um menu para encomenda composto por quatro entradas, principal e sobremesa para duas pessoas por R$ 370. <strong>P\u00e3o &amp; manteiga de lim\u00e3o e ovas<\/strong>; <strong>Vieira com tucupi<\/strong>; Pork tamarindo, um lombo empanado com molho de tamarindo e picles de mel\u00e3o; <strong>Mini sandubinha de camar\u00e3o com maionese pink e picles de couve flor<\/strong> s\u00e3o as entradinhas para come\u00e7ar. Para principal, pode-se escolher entre o <strong>Fideu\u00e1 de lula e polvo<\/strong> ou a <strong>Costela assada<\/strong> por 8 horas com pur\u00ea de mandioquinha e farofa de biscoito de polvilho. Para sobremesa, a sugest\u00e3o fica por conta de <strong>potes de vidro com o Romeu e Julieta<\/strong> da casa feito com creme de queijo especial, goiaba assada, crumble e goiabada e o outro com a Banoffee em camadas, massa crocante, brigadeiro de caramelo, banana e creme. Os pedidos dever\u00e3o ser feitos at\u00e9 sexta-feira, dia 7 pelo whatsapp (11) 98232.7677.<\/p>\n\n\n\n<p style=\"text-align: justify;\">No <strong>Matilda Lanches<\/strong>, a sugest\u00e3o especial para as homenageadas ser\u00e1 um <strong>Sanduba de Peixe frito<\/strong> com molho picante e agridoce, saladinha de vegetais c\u00edtrica e shiss\u00f4 (R$ 35).<\/p>\n\n\n\n<p><strong>Terra\u00e7o Italia<\/strong><\/p>\n\n\n\n<figure class=\"wp-block-image size-large\"><img loading=\"lazy\" decoding=\"async\" width=\"645\" height=\"397\" src=\"http:\/\/www.girosgourmet.com.br\/wp-content\/uploads\/2017\/09\/Terraco_Italia.jpg\" alt=\"\" class=\"wp-image-8114\" srcset=\"https:\/\/www.girosgourmet.com.br\/wp-content\/uploads\/2017\/09\/Terraco_Italia.jpg 645w, https:\/\/www.girosgourmet.com.br\/wp-content\/uploads\/2017\/09\/Terraco_Italia-300x185.jpg 300w\" sizes=\"auto, (max-width: 645px) 100vw, 645px\" \/><\/figure>\n\n\n\n<p style=\"text-align: justify;\">As mais emblem\u00e1ticas regi\u00f5es gastron\u00f4micas italianas s\u00e3o a fonte de inspira\u00e7\u00e3o do men\u00fa criado pelo chef toscano Pasquale Mancini, para o dia das M\u00e3es no Terra\u00e7o It\u00e1lia, domingo,\u00a09 de maio. A data merece ser celebrada com a vista espetacular da cidade de S\u00e3o Paulo, a 165 m de altura, e todos os cuidados que o complexo vem promovendo para garantir a seguran\u00e7a de clientes e colaboradores.<\/p>\n\n\n\n<p style=\"text-align: justify;\">No Menu, La Madallena, bel\u00edssima ilha da Sardenha, inspira a entrada, que traz <strong>Insalata di aragosta con carciofi in salsa di agrumi <\/strong>(Salada de lagosta, com alcachofra e salsa c\u00edtrica) ou <strong>Zucchine ripiene di ricotta fresca con mix di funghi<\/strong> (Abobrinha recheada com ricotta fresca e mix de cogumelos), prato saboroso e de origem campestre, muito comum em toda a It\u00e1lia.<\/p>\n\n\n\n<p style=\"text-align: justify;\">Como primeiro prato, de inspira\u00e7\u00e3o siciliana, o <strong>Linguine al Nero di Seppia com Scampi<\/strong> (massa seca com tinta de lula e lagostim) ou <strong>Raviolini di burrata in crema di Grana<\/strong> <strong>Padano profumato al tartufo<\/strong> (Massa fresca recheada com burrata em creme de Grana Padano ao perfume de trufa), do Piemonte, terra de trufas raras e desejadas.<\/p>\n\n\n\n<p style=\"text-align: justify;\">O segundo prato traz <strong>Medaglioni di filetto, brie con risotto di parmigiano<\/strong> (Medalh\u00e3o de filet com brie e risotto de parmes\u00e3o), receita da Emilia-Romagna, regi\u00e3o que inclui a gastron\u00f4mica cidade de Parma ou <strong>Gamberoni al burro di erbe aromatiche, profumato al limone siciliano con sformato di legumi<\/strong> (Camar\u00e3o na manteiga de ervas arom\u00e1ticas, perfumado ao lim\u00e3o siciliano e sformato de legumes), t\u00edpico da cozinha da Sardenha.<\/p>\n\n\n\n<p style=\"text-align: justify;\">O <strong>tiramis\u00f9,<\/strong> doce que n\u00e3o pode faltar na boa mesa toscana, o <strong>gelato de natas<\/strong> com amarena e <strong>cocada cremosa<\/strong> s\u00e3o o trio que comp\u00f5em uma tentadora degusta\u00e7\u00e3o de sobremesas, para finalizar esta viagem gastron\u00f4mica atrav\u00e9s de t\u00edpicas receitas italianas. O menu completo custa R$ 289,00. O almo\u00e7o ser\u00e1 servido dia 9 de maio a partir das 12h00 at\u00e9 as 19h00.<\/p>\n\n\n\n<p>Para reservas, ligue para 2189.2929.<\/p>\n\n\n\n<p><strong>Adega Santiago<\/strong><\/p>\n\n\n\n<figure class=\"wp-block-image size-large\"><img loading=\"lazy\" decoding=\"async\" width=\"1024\" height=\"683\" src=\"http:\/\/www.girosgourmet.com.br\/wp-content\/uploads\/2021\/05\/Adega-Santiago-Polvo-da-Mae-1024x683.jpg\" alt=\"\" class=\"wp-image-11097\" srcset=\"https:\/\/www.girosgourmet.com.br\/wp-content\/uploads\/2021\/05\/Adega-Santiago-Polvo-da-Mae-1024x683.jpg 1024w, https:\/\/www.girosgourmet.com.br\/wp-content\/uploads\/2021\/05\/Adega-Santiago-Polvo-da-Mae-300x200.jpg 300w, https:\/\/www.girosgourmet.com.br\/wp-content\/uploads\/2021\/05\/Adega-Santiago-Polvo-da-Mae-768x512.jpg 768w, https:\/\/www.girosgourmet.com.br\/wp-content\/uploads\/2021\/05\/Adega-Santiago-Polvo-da-Mae-1536x1024.jpg 1536w, https:\/\/www.girosgourmet.com.br\/wp-content\/uploads\/2021\/05\/Adega-Santiago-Polvo-da-Mae-2048x1365.jpg 2048w\" sizes=\"auto, (max-width: 1024px) 100vw, 1024px\" \/><\/figure>\n\n\n\n<p style=\"text-align: justify;\">Para comemorar o Dia das M\u00e3es, a Adega Santiago criou uma receita exclusiva: <strong>Polvo da M\u00e3e Adega &#8211; <\/strong>polvo assado com especiarias e vinho branco acompanhado de pur\u00ea r\u00fastico e cebolas echalota R$106.<\/p>\n\n\n\n<p style=\"text-align: justify;\">A novidade ficar\u00e1 dispon\u00edvel em todas as unidades da rede (Sampaio Vidal, Melo Alves e shopping Cidade Jardim) de 3 a 9 de maio, no sal\u00e3o e delivery \u2013 pelo iFood, app CJ Food e o app pr\u00f3prio do restaurante.<\/p>\n\n\n\n<p style=\"text-align: justify;\">Os sal\u00f5es s\u00e3o intimistas e aconchegantes, com decora\u00e7\u00e3o r\u00fastica e m\u00f3veis de madeira, e seguem todos os protocolos de seguran\u00e7a. O card\u00e1pio oferece receitas espanholas com influ\u00eancias portuguesas, incluindo muitas op\u00e7\u00f5es para compartilhar. Tamb\u00e9m vale destacar o balc\u00e3o de crus e frutos do mar.<\/p>\n\n\n\n<p style=\"text-align: justify;\"><strong>ADEGA SANTIAGO<br \/><\/strong>Rua Sampaio Vidal, 1.072 \u2013 Jardim Paulistano \u2013 Tel: (11) 3081-5211 e (11) 7791-9942<\/p>\n\n\n\n<p><strong>By Koji<\/strong><\/p>\n\n\n\n<figure class=\"wp-block-image size-large\"><img loading=\"lazy\" decoding=\"async\" width=\"1024\" height=\"766\" src=\"http:\/\/www.girosgourmet.com.br\/wp-content\/uploads\/2021\/05\/by-koji-dia-das-maes-1024x766.jpg\" alt=\"\" class=\"wp-image-11098\" srcset=\"https:\/\/www.girosgourmet.com.br\/wp-content\/uploads\/2021\/05\/by-koji-dia-das-maes-1024x766.jpg 1024w, https:\/\/www.girosgourmet.com.br\/wp-content\/uploads\/2021\/05\/by-koji-dia-das-maes-300x225.jpg 300w, https:\/\/www.girosgourmet.com.br\/wp-content\/uploads\/2021\/05\/by-koji-dia-das-maes-768x575.jpg 768w, https:\/\/www.girosgourmet.com.br\/wp-content\/uploads\/2021\/05\/by-koji-dia-das-maes-1536x1150.jpg 1536w, https:\/\/www.girosgourmet.com.br\/wp-content\/uploads\/2021\/05\/by-koji-dia-das-maes-2048x1533.jpg 2048w\" sizes=\"auto, (max-width: 1024px) 100vw, 1024px\" \/><\/figure>\n\n\n\n<p style=\"text-align: justify;\">Especialmente para o Dia das M\u00e3es, o restaurante By Koji, localizado dentro do est\u00e1dio do Morumbi, apresenta como sugest\u00e3o dedicada para a data, um combinado com o frescor \u00fanico dos pescados selecionados a dedo pelo chef <strong>Koji Yokomizo<\/strong>. O prato vai estar dispon\u00edvel no sal\u00e3o e tamb\u00e9m no servi\u00e7o de encomendas, que podem ser realizadas at\u00e9 o dia 08\u00a0de maio.<\/p>\n\n\n\n<p style=\"text-align: justify;\">O combinado de Dia das M\u00e3es serve 2\u00a0pessoas e oferece como op\u00e7\u00e3o de harmoniza\u00e7\u00e3o um vinho branco. A clientela pode degustar a sele\u00e7\u00e3o com o r\u00f3tulo por R$ 550, ou apenas o prato no valor de R$ 450. Entre os <strong>sashimis, Salm\u00e3o, Atum e Vieira, com quatro fatias cada; Robalo, Olho de Boi e Polvo<\/strong>, respectivamente com dois cortes. J\u00e1 as op\u00e7\u00f5es de Sushi, ser\u00e3o servidos em dupla com as seguintes sugest\u00f5es: <strong>Toro, Olho de Boi, Pargo, Lagostim, Barriga de Salm\u00e3o, Vieira e Lula.<\/strong> Ainda para complementar, <strong>2 Dyo de Codorna Trufado, Uramaki Ebitem<\/strong>, Bater\u00e1 de salm\u00e3o e Tekamaki em seis pe\u00e7as.\u00a0<\/p>\n\n\n\n<p style=\"text-align: justify;\">No servi\u00e7o de encomendas, o combinado ser\u00e1 servido e entregue em uma lou\u00e7a que ser\u00e1 retirada pela equipe do restaurante no dia seguinte. Pelo aplicativo Ifood, o prato ser\u00e1 entregue nas caixinhas de delivery<\/p>\n\n\n\n<p><strong>Servi\u00e7o<\/strong><strong><br><\/strong>Pra\u00e7a Roberto Gomes Pedrosa, 1 &#8211; Port\u00e3o 4<\/p>\n<iframe src=\"http:\/\/www.facebook.com\/plugins\/like.php?href=https:\/\/www.girosgourmet.com.br\/index.php\/especial-giros-dias-das-maes-2\/&amp;layout=standard&amp;show_faces=1&amp;width=450&amp;action=like&amp;colorscheme=light&amp;font=\" scrolling=\"no\" frameborder=\"0\" style=\"border:none; overflow:hidden; width:450px; height:60px\"><\/iframe>","protected":false},"excerpt":{"rendered":"<p>Com a aproxima\u00e7\u00e3o do\u00a0Dia das M\u00e3es, muitos filhos se perguntam como paparicar as m\u00e3es nesta data t\u00e3o especial. Para ajudar a responder a essa pergunta e principalmente retribuir de um jeito bem gostoso, a Giros preparou um roteiro super bacana para voc\u00ea curtir com a mulher mais importante de nossas [&hellip;]<\/p>\n","protected":false},"author":3,"featured_media":0,"comment_status":"open","ping_status":"closed","sticky":false,"template":"","format":"standard","meta":{"footnotes":""},"categories":[40,39],"tags":[2422,837,1207,2679,2467,726],"class_list":["post-11086","post","type-post","status-publish","format-standard","hentry","category-culturamodabelezabem-estar","category-gastronomia","tag-adega-santiago","tag-capim-santo","tag-dia-das-maes","tag-ema","tag-especial-giros","tag-terraco-italia"],"_links":{"self":[{"href":"https:\/\/www.girosgourmet.com.br\/index.php\/wp-json\/wp\/v2\/posts\/11086","targetHints":{"allow":["GET"]}}],"collection":[{"href":"https:\/\/www.girosgourmet.com.br\/index.php\/wp-json\/wp\/v2\/posts"}],"about":[{"href":"https:\/\/www.girosgourmet.com.br\/index.php\/wp-json\/wp\/v2\/types\/post"}],"author":[{"embeddable":true,"href":"https:\/\/www.girosgourmet.com.br\/index.php\/wp-json\/wp\/v2\/users\/3"}],"replies":[{"embeddable":true,"href":"https:\/\/www.girosgourmet.com.br\/index.php\/wp-json\/wp\/v2\/comments?post=11086"}],"version-history":[{"count":5,"href":"https:\/\/www.girosgourmet.com.br\/index.php\/wp-json\/wp\/v2\/posts\/11086\/revisions"}],"predecessor-version":[{"id":11100,"href":"https:\/\/www.girosgourmet.com.br\/index.php\/wp-json\/wp\/v2\/posts\/11086\/revisions\/11100"}],"wp:attachment":[{"href":"https:\/\/www.girosgourmet.com.br\/index.php\/wp-json\/wp\/v2\/media?parent=11086"}],"wp:term":[{"taxonomy":"category","embeddable":true,"href":"https:\/\/www.girosgourmet.com.br\/index.php\/wp-json\/wp\/v2\/categories?post=11086"},{"taxonomy":"post_tag","embeddable":true,"href":"https:\/\/www.girosgourmet.com.br\/index.php\/wp-json\/wp\/v2\/tags?post=11086"}],"curies":[{"name":"wp","href":"https:\/\/api.w.org\/{rel}","templated":true}]}}