{"id":1106,"date":"2010-11-02T12:20:08","date_gmt":"2010-11-02T15:20:08","guid":{"rendered":"http:\/\/www.closetonline.com.br\/blogcarla\/?p=1106"},"modified":"2011-03-31T15:45:53","modified_gmt":"2011-03-31T18:45:53","slug":"acougue-cultural","status":"publish","type":"post","link":"https:\/\/www.girosgourmet.com.br\/index.php\/acougue-cultural\/","title":{"rendered":"A\u00e7ougue Cultural"},"content":{"rendered":"<p style=\"text-align: justify;\">Dia 29 de outubro, para quem n\u00e3o sabe, foi o dia Nacional do Livro, e eu, considerada uma leitora nazista por muitos, n\u00e3o poderia deixar de mencionar esta data t\u00e3o importante para todas as pessoas. Todos os meus sentidos ficam agu\u00e7ados quando estou lendo&#8230; Adoro o cheiro do novo! E por isso contarei hoje a hist\u00f3ria do A\u00e7ougue Cultural T-Bone (1\u00b0 a\u00e7ougue cultural do mundo) e seu criador Luiz Amorim.<\/p>\n<p style=\"text-align: justify;\">Eu li sobre esta pessoa na semana passada e vale a pena mencion\u00e1-lo, porque trata-se apenas de\u00a0um relato\u00a0real, sem nenhum marketing de guerilha, nada disso&#8230; \u00c9 apenas a hist\u00f3ria de um homem que ama os livros como um amante insaci\u00e1vel&#8230; rs&#8230; E um eterno curioso que constr\u00f3i possibilidades\u00a0atrav\u00e9s da\u00a0paix\u00e3o pelas palavras.<\/p>\n<p style=\"text-align: justify;\">Luiz Amorim criou uma livraria dentro de um a\u00e7ougue, no qual trabalhou toda a sua juventude&#8230; No dia que comprou o estabelecimento ele uniu seus dois conhecimentos: carnes e livros!! Hahahahaha&#8230; Isso n\u00e3o \u00e9 fant\u00e1stico?!<\/p>\n<p style=\"text-align: justify;\">E suas id\u00e9ias n\u00e3o pararam por a\u00ed&#8230; Depois do sucesso do a\u00e7ougue cultural, ele teve uma outra id\u00e9ia no m\u00ednimo genial, o projeto \u201cParada Cultural&#8221;: em pontos de \u00f4nibus da cidade aonde mora (Brasilia), Luiz criou mini-livraria, ou seja, enquanto a pessoa espera seu \u00f4nibus, ela pode ficar lendo livros e at\u00e9 poder\u00e1 lev\u00e1-los para casa, podendo devolver quando quiser, sem prazo de devolu\u00e7\u00e3o&#8230; Detalhe importante: as mini-livrarias ficam abertas 24 horas.<\/p>\n<p style=\"text-align: justify;\">Bem eu o considero um cara que no m\u00ednimo sabe ousar e abusar bem da sua criatividade&#8230; Porque isso sim \u00e9 causar o in\u00e9dito!<\/p>\n<p style=\"text-align: justify;\">Ele \u00e9 o criador tamb\u00e9m da Noite Cultural T_Bone&#8230; Em mais de 10 anos de exist\u00eancia j\u00e1 passaram por l\u00e1 mais de 150 mil pessoas e mais de 500 artistas para participar desta celebra\u00e7\u00e3o \u00e0 arte na entrequadra 312\/13 da Asa Norte.\u00a0 Artistas de renome nacional j\u00e1 se apresentaram no projeto, entre eles: Moraes Moreira, Chico C\u00e9sar, Guilherme Arantes, C\u00e9lia Porto, Tom Z\u00e9, Manass\u00e9s, Jo\u00e3o Donato, Affonso Romano de Sant\u2019Anna, Fl\u00e1vio Venturine, entre outros.<\/p>\n<p style=\"text-align: justify;\">Id\u00e9ias originais atraem e aproximam pessoas&#8230; Luiz Amorim sem duvida \u00e9 um exemplo disso&#8230; E fica aqui registrada minha admira\u00e7\u00e3o por esta pessoa que se destaca por sua paix\u00e3o pelos livros, cuja vida eu gostaria de continuar acompanhando&#8230; E caro leitor indo a BSB, \u00e9 passeio obrigat\u00f3rio! Rs&#8230; Beijossssssssss<\/p>\n<p style=\"text-align: center;\">\n<div id=\"attachment_1107\" style=\"width: 310px\" class=\"wp-caption aligncenter\"><a href=\"http:\/\/www.closetonline.com.br\/blogcarla\/wp-content\/uploads\/2010\/11\/luiz.jpg\"><img loading=\"lazy\" decoding=\"async\" aria-describedby=\"caption-attachment-1107\" class=\"size-medium wp-image-1107\" title=\"_luiz\" src=\"http:\/\/www.closetonline.com.br\/blogcarla\/wp-content\/uploads\/2010\/11\/luiz-300x225.jpg\" alt=\"\" width=\"300\" height=\"225\" srcset=\"https:\/\/www.girosgourmet.com.br\/wp-content\/uploads\/2010\/11\/luiz-300x225.jpg 300w, https:\/\/www.girosgourmet.com.br\/wp-content\/uploads\/2010\/11\/luiz-150x112.jpg 150w, https:\/\/www.girosgourmet.com.br\/wp-content\/uploads\/2010\/11\/luiz.jpg 400w\" sizes=\"auto, (max-width: 300px) 100vw, 300px\" \/><\/a><p id=\"caption-attachment-1107\" class=\"wp-caption-text\">O Fundador<\/p><\/div>\n<p>A\u00c7OUGUE: SCLN 312 Bl B Lj 27 Bras\u00edlia-DF CEP 70.765-520<br \/>\nTel: +55 (61) 3274-1665<\/p>\n<iframe src=\"http:\/\/www.facebook.com\/plugins\/like.php?href=https:\/\/www.girosgourmet.com.br\/index.php\/acougue-cultural\/&amp;layout=standard&amp;show_faces=1&amp;width=450&amp;action=like&amp;colorscheme=light&amp;font=\" scrolling=\"no\" frameborder=\"0\" style=\"border:none; overflow:hidden; width:450px; height:60px\"><\/iframe>","protected":false},"excerpt":{"rendered":"<p>Dia 29 de outubro, para quem n\u00e3o sabe, foi o dia Nacional do Livro, e eu, considerada uma leitora nazista por muitos, n\u00e3o poderia deixar de mencionar esta data t\u00e3o importante para todas as pessoas. Todos os meus sentidos ficam agu\u00e7ados quando estou lendo&#8230; Adoro o cheiro do novo! E [&hellip;]<\/p>\n","protected":false},"author":3,"featured_media":0,"comment_status":"open","ping_status":"open","sticky":false,"template":"","format":"standard","meta":{"footnotes":""},"categories":[40,41],"tags":[177,58],"class_list":["post-1106","post","type-post","status-publish","format-standard","hentry","category-culturamodabelezabem-estar","category-viagens","tag-acougue-cultural-t-bone","tag-livro"],"_links":{"self":[{"href":"https:\/\/www.girosgourmet.com.br\/index.php\/wp-json\/wp\/v2\/posts\/1106","targetHints":{"allow":["GET"]}}],"collection":[{"href":"https:\/\/www.girosgourmet.com.br\/index.php\/wp-json\/wp\/v2\/posts"}],"about":[{"href":"https:\/\/www.girosgourmet.com.br\/index.php\/wp-json\/wp\/v2\/types\/post"}],"author":[{"embeddable":true,"href":"https:\/\/www.girosgourmet.com.br\/index.php\/wp-json\/wp\/v2\/users\/3"}],"replies":[{"embeddable":true,"href":"https:\/\/www.girosgourmet.com.br\/index.php\/wp-json\/wp\/v2\/comments?post=1106"}],"version-history":[{"count":5,"href":"https:\/\/www.girosgourmet.com.br\/index.php\/wp-json\/wp\/v2\/posts\/1106\/revisions"}],"predecessor-version":[{"id":1109,"href":"https:\/\/www.girosgourmet.com.br\/index.php\/wp-json\/wp\/v2\/posts\/1106\/revisions\/1109"}],"wp:attachment":[{"href":"https:\/\/www.girosgourmet.com.br\/index.php\/wp-json\/wp\/v2\/media?parent=1106"}],"wp:term":[{"taxonomy":"category","embeddable":true,"href":"https:\/\/www.girosgourmet.com.br\/index.php\/wp-json\/wp\/v2\/categories?post=1106"},{"taxonomy":"post_tag","embeddable":true,"href":"https:\/\/www.girosgourmet.com.br\/index.php\/wp-json\/wp\/v2\/tags?post=1106"}],"curies":[{"name":"wp","href":"https:\/\/api.w.org\/{rel}","templated":true}]}}