{"id":10817,"date":"2020-12-07T10:22:51","date_gmt":"2020-12-07T13:22:51","guid":{"rendered":"http:\/\/www.girosgourmet.com.br\/?p=10817"},"modified":"2020-12-07T10:23:08","modified_gmt":"2020-12-07T13:23:08","slug":"festival-frutas-vermelhas-em-campos-do-jordao","status":"publish","type":"post","link":"https:\/\/www.girosgourmet.com.br\/index.php\/festival-frutas-vermelhas-em-campos-do-jordao\/","title":{"rendered":"Festival Frutas Vermelhas em Campos do Jord\u00e3o!"},"content":{"rendered":"\n<figure class=\"wp-block-image size-large\"><img loading=\"lazy\" decoding=\"async\" width=\"799\" height=\"531\" src=\"http:\/\/www.girosgourmet.com.br\/wp-content\/uploads\/2020\/12\/fruta.jpg\" alt=\"\" class=\"wp-image-10818\" srcset=\"https:\/\/www.girosgourmet.com.br\/wp-content\/uploads\/2020\/12\/fruta.jpg 799w, https:\/\/www.girosgourmet.com.br\/wp-content\/uploads\/2020\/12\/fruta-300x199.jpg 300w, https:\/\/www.girosgourmet.com.br\/wp-content\/uploads\/2020\/12\/fruta-768x510.jpg 768w\" sizes=\"auto, (max-width: 799px) 100vw, 799px\" \/><\/figure>\n\n\n\n<p style=\"text-align: justify;\">A <strong>Associa\u00e7\u00e3o Cozinha da Mantiqueira<\/strong>, re\u00fane 28 associados entre bares, restaurantes e cervejarias artesanais de Campos do Jord\u00e3o e Santo Ant\u00f4nio do Pinhal e esta realizando desde o dia 19 de novembro at\u00e9 o dia\u00a003 de janeiro a <strong>Temporada Gastron\u00f4mica das Frutas Vermelhas<\/strong>, quando os participantes estar\u00e3o oferecendo bebidas, petiscos, pratos e sobremesas criados e harmonizados com as saborosas frutas que est\u00e3o em plena colheita e s\u00e3o produzidas na regi\u00e3o da Mantiqueira.<\/p>\n<p style=\"text-align: justify;\">Segundo o Presidente da Associa\u00e7\u00e3o, <strong>Luis Fernando Peretti,<\/strong> a boa localiza\u00e7\u00e3o de Campos do Jord\u00e3o \u2013 no eixo S\u00e3o Paulo, Rio de Janeiro e Minas Gerais \u2013 est\u00e1 propiciando que o turista volte \u00e0 cidade pois s\u00e3o apenas duas horas de carro e a maioria das atividades e atra\u00e7\u00f5es s\u00e3o outdoor.\u00a0 \u201cO evento gastron\u00f4mico visa oferecer, durante o per\u00edodo das festas de fim de ano, \u00a0uma atra\u00e7\u00e3o diferenciada nos restaurantes, que desde de setembro est\u00e3o acolhendo o turista de forma segura. Os associados da Cozinha da Mantiqueira est\u00e3o cumprindo r\u00edgidas medidas preventivas e criamos um selo de \u201cRestaurante Respons\u00e1vel Covid\u201d que est\u00e1 fixado j\u00e1 na entrada dos estabelecimentos\u201d, explica.\u00a0<\/p>\n<p style=\"text-align: justify;\">A responsabilidade social de Natal tamb\u00e9m marcar\u00e1 esta Temporada em Campos do Jord\u00e3o. A Associa\u00e7\u00e3o Cozinha da Mantiqueira ir\u00e1 presentear carinhosamente a \u201c<strong>Institui\u00e7\u00e3o de Acolhimento Elza Mansur dos Santos<\/strong>\u201d por meio de uma a\u00e7\u00e3o a ser realizada dia 12 de dezembro a partir das 11:30 na Pra\u00e7a do Pinho Bravo quando o chef Anderson Oliveira do <strong>Restaurante Dona Chica<\/strong> \u00a0ir\u00e1 preparar um prato com frutas vermelhas que ser\u00e1 vendido por um valor acess\u00edvel \u00e0 comunidade. Toda a renda desse dia ser\u00e1 revertida para a compra de 25 cestas de Natal que ser\u00e3o entregues \u00e0s crian\u00e7as no dia 22 de dezembro, num almo\u00e7o especial com a presen\u00e7a do Papai Noel.<\/p>\n<p style=\"text-align: justify;\">A associada chef <strong>Anouk Migotto<\/strong> do Restaurante<strong> Donna Pinha <\/strong>em<strong> Santo Ant\u00f4nio do Pinhal<\/strong>, criou para a Temporada a <strong>Torta do Bem<\/strong> &#8211; de am\u00eandoas com recheio de brigadeiro branco e frutas vermelhas e coulis de amora e ir\u00e1 reverter toda a sua venda para uma a\u00e7\u00e3o de responsabilidade social para a sua cidade, presenteando 35 crian\u00e7as com almo\u00e7o e\u00a0cestas de Natal.<\/p>\n\n\n\n<figure class=\"wp-block-image size-large is-resized\"><img loading=\"lazy\" decoding=\"async\" src=\"http:\/\/www.girosgourmet.com.br\/wp-content\/uploads\/2020\/12\/torta-do-bem.jpg\" alt=\"\" class=\"wp-image-10819\" width=\"414\" height=\"277\"\/><\/figure>\n\n\n\n\n\n<p style=\"text-align: justify;\">J\u00e1 a partir de 20 de dezembro os visitantes de Campos do Jord\u00e3o poder\u00e3o apreciar <strong>175 \u00e1rvores de Natal<\/strong> de mais de 2 metros de altura, criadas individualmente por empres\u00e1rios e entidades da cidade, inclusive pela Associa\u00e7\u00e3o Cozinha da Mantiqueira, na Pra\u00e7a do Pinho Bravo, na Vila Capivari. Uma atra\u00e7\u00e3o imperd\u00edvel!<\/p>\n\n\n\n<p style=\"text-align: justify;\">Tamb\u00e9m vale destacar alguns dos principais pratos criados pelos chefs de cozinha dos restaurantes do Cozinha da Mantiqueira para a Temporada Gastron\u00f4mica, entre eles:<\/p>\n\n\n\n<p style=\"text-align: justify;\"><strong>Alto da Brasa \u2013 <\/strong>localizado no Parque da Cerveja, o restaurante oferece grelhados diferenciados e a chef Michelle Peretti sugere a <strong>Costelinha su\u00edna em baixa temperatura ao molho barbecue de frutas vermelhas, acompanhada de polenta cremosa.<\/strong><\/p>\n<p style=\"text-align: justify;\"><strong>Tainakan \u2013<\/strong>\u2013 com decora\u00e7\u00e3o r\u00fastica e aconchegante, o restaurante est\u00e1 no Parque Tarundu, que \u00e9 um centro de lazer e atividades divertidas para passar um dia inesquec\u00edvel. O card\u00e1pio \u00e0 la carte sugere o <strong>Cordeiro da Montanha<\/strong> <strong>\u00a0&#8211; marinado 24 horas e cozido suavemente com os melhores temperos e especiarias antes de ir ao forno, acompanham Risoto de Funghi, alho confitado \u00a0e batata r\u00fastica<\/strong> e de sobremesa com receita da fam\u00edlia Lenz, um Cheesecake recheado com mirtilo, framboesa, amora e cereja, banhadas numa deliciosa calda marinada no licor Marraschino.<\/p>\n<p style=\"text-align: justify;\"><strong>Vila Ch\u00e3<\/strong> \u2013 tradicional restaurante de Campos do Jord\u00e3o, \u00e9 especializado em culin\u00e1ria portuguesa com a cozinha \u00a0comandada pelo chef e propriet\u00e1rio Nelson Gon\u00e7alves que para o evento sugere a sobremesa t\u00edpica <strong>Filh\u00f3s recriada com frutas vermelhas<\/strong>. \u00a0<\/p>\n\n\n\n<p>Evento imperd\u00edvel!<\/p>\n\n\n\n<p><\/p>\n<iframe src=\"http:\/\/www.facebook.com\/plugins\/like.php?href=https:\/\/www.girosgourmet.com.br\/index.php\/festival-frutas-vermelhas-em-campos-do-jordao\/&amp;layout=standard&amp;show_faces=1&amp;width=450&amp;action=like&amp;colorscheme=light&amp;font=\" scrolling=\"no\" frameborder=\"0\" style=\"border:none; overflow:hidden; width:450px; height:60px\"><\/iframe>","protected":false},"excerpt":{"rendered":"<p>A Associa\u00e7\u00e3o Cozinha da Mantiqueira, re\u00fane 28 associados entre bares, restaurantes e cervejarias artesanais de Campos do Jord\u00e3o e Santo Ant\u00f4nio do Pinhal e esta realizando desde o dia 19 de novembro at\u00e9 o dia\u00a003 de janeiro a Temporada Gastron\u00f4mica das Frutas Vermelhas, quando os participantes estar\u00e3o oferecendo bebidas, petiscos, [&hellip;]<\/p>\n","protected":false},"author":3,"featured_media":0,"comment_status":"open","ping_status":"closed","sticky":false,"template":"","format":"standard","meta":{"footnotes":""},"categories":[39,41],"tags":[2580,1708,1883,2579,1674,1886],"class_list":["post-10817","post","type-post","status-publish","format-standard","hentry","category-gastronomia","category-viagens","tag-associacao-cozinha-da-mantiqueira","tag-campos-do-jordao","tag-donna-pinha","tag-festival-de-frutas-vermelhas","tag-festival-gastronomico","tag-santo-antonio-do-pinhal"],"_links":{"self":[{"href":"https:\/\/www.girosgourmet.com.br\/index.php\/wp-json\/wp\/v2\/posts\/10817","targetHints":{"allow":["GET"]}}],"collection":[{"href":"https:\/\/www.girosgourmet.com.br\/index.php\/wp-json\/wp\/v2\/posts"}],"about":[{"href":"https:\/\/www.girosgourmet.com.br\/index.php\/wp-json\/wp\/v2\/types\/post"}],"author":[{"embeddable":true,"href":"https:\/\/www.girosgourmet.com.br\/index.php\/wp-json\/wp\/v2\/users\/3"}],"replies":[{"embeddable":true,"href":"https:\/\/www.girosgourmet.com.br\/index.php\/wp-json\/wp\/v2\/comments?post=10817"}],"version-history":[{"count":2,"href":"https:\/\/www.girosgourmet.com.br\/index.php\/wp-json\/wp\/v2\/posts\/10817\/revisions"}],"predecessor-version":[{"id":10821,"href":"https:\/\/www.girosgourmet.com.br\/index.php\/wp-json\/wp\/v2\/posts\/10817\/revisions\/10821"}],"wp:attachment":[{"href":"https:\/\/www.girosgourmet.com.br\/index.php\/wp-json\/wp\/v2\/media?parent=10817"}],"wp:term":[{"taxonomy":"category","embeddable":true,"href":"https:\/\/www.girosgourmet.com.br\/index.php\/wp-json\/wp\/v2\/categories?post=10817"},{"taxonomy":"post_tag","embeddable":true,"href":"https:\/\/www.girosgourmet.com.br\/index.php\/wp-json\/wp\/v2\/tags?post=10817"}],"curies":[{"name":"wp","href":"https:\/\/api.w.org\/{rel}","templated":true}]}}