{"id":10750,"date":"2020-11-02T09:17:35","date_gmt":"2020-11-02T12:17:35","guid":{"rendered":"http:\/\/www.girosgourmet.com.br\/?p=10750"},"modified":"2020-11-02T09:17:46","modified_gmt":"2020-11-02T12:17:46","slug":"eataly-apresenta-festival-le-settimane-gastronomiche","status":"publish","type":"post","link":"https:\/\/www.girosgourmet.com.br\/index.php\/eataly-apresenta-festival-le-settimane-gastronomiche\/","title":{"rendered":"Eataly apresenta Festival Le Settimane Gastronomiche."},"content":{"rendered":"\n<figure class=\"wp-block-image size-large\"><img loading=\"lazy\" decoding=\"async\" width=\"1024\" height=\"576\" src=\"http:\/\/www.girosgourmet.com.br\/wp-content\/uploads\/2020\/11\/eataly-1024x576.png\" alt=\"\" class=\"wp-image-10752\" srcset=\"https:\/\/www.girosgourmet.com.br\/wp-content\/uploads\/2020\/11\/eataly-1024x576.png 1024w, https:\/\/www.girosgourmet.com.br\/wp-content\/uploads\/2020\/11\/eataly-300x169.png 300w, https:\/\/www.girosgourmet.com.br\/wp-content\/uploads\/2020\/11\/eataly-768x432.png 768w, https:\/\/www.girosgourmet.com.br\/wp-content\/uploads\/2020\/11\/eataly.png 1131w\" sizes=\"auto, (max-width: 1024px) 100vw, 1024px\" \/><\/figure>\n\n\n\n<figure class=\"wp-block-table is-style-regular\"><table><tbody><tr><td><em>De 2 a 15 de novembro, o espa\u00e7o promove suas famosas semanas gastron\u00f4micas com receitas ic\u00f4nicas de seus restaurantes<\/em>.<\/td><\/tr><\/tbody><\/table><\/figure>\n\n\n\n<figure class=\"wp-block-table is-style-regular\" style=\"text-align: justify;\">\n<table>\n<tbody>\n<tr>\n<td>Para iniciar as celebra\u00e7\u00f5es de fim de ano, o <strong>Eataly<\/strong> traz de volta as <strong><em>Le<\/em> <em>Settimane Gastronomiche<\/em>.<\/strong> Ser\u00e3o duas semanas dedicadas a entradas e sobremesas ic\u00f4nicas dos restaurantes por pre\u00e7os atrativos e workshops exclusivos no <strong>Instagram<\/strong> com chefs que fazem parte da fam\u00edlia Eataly.<br \/><br \/>O grande festival inicia-se amanh\u00e3 e nesta primeira semana, de 2 a 8 de novembro, vai contar com entradas selecionadas nos restaurantes por R$15. No <strong>Pasta &amp; Pizza<\/strong>, a receita escolhida foi a <strong><em>Panzanella<\/em><\/strong>, uma salada de p\u00e3o com cebola, tomates, azeite extravirgem, vinagre e manjeric\u00e3o. No Bisteca, o cliente poder\u00e1 degustar o <strong><em>Vitelo Tonnato<\/em><\/strong>, um prato t\u00edpico do Piemonte preparado com l\u00e2minas de carne cozida em baixa temperatura e molho \u00e0 base de atum, alcaparras e anchovas. No <strong>Brace<\/strong>, o saboroso <strong><em>Baccal\u00e0 Mantecato<\/em><\/strong>, um bacalhau cremoso com azeite, salsinha e lim\u00e3o siciliano, servido sobre crostini de p\u00e3o r\u00fastico, promete agradar os f\u00e3s da iguaria. Por \u00faltimo, na <strong>Trattoria<\/strong>, a entrada escolhida para a primeira semana foi a <strong><em>Insalata di Mare<\/em><\/strong>, que leva mix de folhas, cenoura, sals\u00e3o, lula e azeitonas. Em todos os restaurantes, al\u00e9m das entradas, o <strong><em>Tiramis\u00fa<\/em><\/strong> foi a sobremesa escolhida para a\u00e7\u00e3o e sai por R$10.<br \/><br \/>De 9 a 15 de novembro, a sele\u00e7\u00e3o de entradas e sobremesa mudam, mas os valores permanecem. No <strong>Pasta &amp; Pizza<\/strong>, a <strong><em>Bruschetta Pomodoro<\/em><\/strong> \u00e9 a receita participante. No Bistecca, o <em>Carpaccio cl\u00e1ssico<\/em> com molho de mostarda e Grana Padano \u00e9 a op\u00e7\u00e3o perfeita para os apaixonados por carne. No <strong>Brace<\/strong>, \u00e9 a vez da <strong><em>Caponata Siciliana e crostini<\/em><\/strong> e, na Trattoria, ser\u00e1 poss\u00edvel degustar a famosa <strong><em>Insalata Caprese<\/em><\/strong>. Para a segunda semana, a sobremesa escolhida foi o <strong>C<\/strong><em><strong>annoli<\/strong>, <\/em>de diferentes sabores. As entradas dispon\u00edveis no <strong>Brace<\/strong> durante a Settimane Gastronomiche tamb\u00e9m estar\u00e3o dispon\u00edveis para delivery no Ifood pelo mesmo valor.<br \/><br \/>O evento tamb\u00e9m vai contar com uma s\u00e9rie de workshops ministrados por chefs renomados, como o chef-executivo do <strong>Eataly<\/strong>, <strong>Jos\u00e9 Barattino<\/strong>, e <strong>Paolo Lavezzini<\/strong>, que j\u00e1 esteve \u00e0 frente do<strong> Fasano Al Mare<\/strong>, no Fasano Rio de Janeiro, e Neto, do Four Seasons S\u00e3o Paulo. Eles acontecer\u00e3o em formato de lives no Instagram do Eataly e os chefs v\u00e3o ensinar a reproduzir as receitas dispon\u00edveis na Settimane Gastronomiche.<br \/><br \/>Confira toda programa\u00e7\u00e3o de lives no Instagram @eatalybr<br \/><br \/>02\/11 &#8211; 18H &#8211; Camilla Gaspari &#8211; Ensina a cl\u00e1ssica Panzanella<br \/><br \/>04\/11 &#8211; 18H &#8211; Luis Vilela &#8211; Caprese com gelato especial<br \/><br \/>05\/11 &#8211; 18H &#8211; Vanessa Zenke &#8211; Ensina o cl\u00e1ssico Vitelo Tonnato<br \/><br \/>06\/11 &#8211; 18H &#8211; Luana Castro &#8211; Ensina: Tiramis\u00fa cl\u00e1ssico<br \/><br \/>07\/11 &#8211; 11H &#8211; Ana Soares &#8211; Ensina sua vers\u00e3o do prato cl\u00e1ssico Panzanela<br \/><br \/>07\/11 &#8211; 17H &#8211; Lorenzo Ravioli &#8211; Ensina sua vers\u00e3o do prato cl\u00e1ssico Vitelo Tonatto<br \/><br \/>08\/11 &#8211; 11H &#8211; Renato Caironi &#8211; Ensina sua vers\u00e3o do prato cl\u00e1ssico Baccal\u00e0 Mantecato<br \/><br \/>08\/11 &#8211; 17H &#8211; Rodrigo Ensfield &#8211; Ensina sua vers\u00e3o do prato cl\u00e1ssico Insalata di Mare<br \/><br \/>09\/11 &#8211; 18H &#8211; Camilla Gaspari &#8211; Ensina a cl\u00e1ssica Caponata siciliana<br \/><br \/>10\/11 &#8211; 18H &#8211; Jos\u00e9 Barattino &#8211; Ensina o cl\u00e1ssico Baccal\u00e0 mantecato<br \/><br \/>11\/11 &#8211; 18H &#8211; Luis Vilela &#8211; Cannoli<br \/><br \/>12\/11 &#8211; 18H &#8211; Thiago Saldiva &#8211; Ensina o cl\u00e1ssico Carpaccio<br \/><br \/>13\/11 &#8211; 18H &#8211; Luana Castro com &#8211; Ensina a cl\u00e1ssica Insalata Caprese<br \/><br \/>14\/11 &#8211; 11H &#8211; Paolo Lavezzini &#8211; Ensina sua vers\u00e3o do prato cl\u00e1ssico Insalata Caprese<br \/><br \/>14\/11 &#8211; 17H &#8211; Giovanna Perroni &#8211; Ensina sua vers\u00e3o do prato cl\u00e1ssico Bruschetta Pomodoro<br \/><br \/>15\/11 &#8211; 11H &#8211; Henrique Schoendorfer &#8211; Ensina sua vers\u00e3o do prato cl\u00e1ssico Carpaccio<br \/><br \/><br \/><br \/><strong>Eataly<\/strong><br \/>Endere\u00e7o: Av. Pres.Juscelino Kubitschek, 1489 &#8211; S\u00e3o Paulo<br \/>Telefone: (11) 3279-3300<br \/>Instagram: @eatalybr<br \/>Delivery atrav\u00e9s do Ifood<\/td>\n<\/tr>\n<\/tbody>\n<\/table>\n<\/figure>\n<iframe src=\"http:\/\/www.facebook.com\/plugins\/like.php?href=https:\/\/www.girosgourmet.com.br\/index.php\/eataly-apresenta-festival-le-settimane-gastronomiche\/&amp;layout=standard&amp;show_faces=1&amp;width=450&amp;action=like&amp;colorscheme=light&amp;font=\" scrolling=\"no\" frameborder=\"0\" style=\"border:none; overflow:hidden; width:450px; height:60px\"><\/iframe>","protected":false},"excerpt":{"rendered":"<p>De 2 a 15 de novembro, o espa\u00e7o promove suas famosas semanas gastron\u00f4micas com receitas ic\u00f4nicas de seus restaurantes. Para iniciar as celebra\u00e7\u00f5es de fim de ano, o Eataly traz de volta as Le Settimane Gastronomiche. Ser\u00e3o duas semanas dedicadas a entradas e sobremesas ic\u00f4nicas dos restaurantes por pre\u00e7os atrativos [&hellip;]<\/p>\n","protected":false},"author":3,"featured_media":0,"comment_status":"open","ping_status":"closed","sticky":false,"template":"","format":"standard","meta":{"footnotes":""},"categories":[39],"tags":[2453,1674,2552],"class_list":["post-10750","post","type-post","status-publish","format-standard","hentry","category-gastronomia","tag-eataly","tag-festival-gastronomico","tag-le-settimane-gastronomiche"],"_links":{"self":[{"href":"https:\/\/www.girosgourmet.com.br\/index.php\/wp-json\/wp\/v2\/posts\/10750","targetHints":{"allow":["GET"]}}],"collection":[{"href":"https:\/\/www.girosgourmet.com.br\/index.php\/wp-json\/wp\/v2\/posts"}],"about":[{"href":"https:\/\/www.girosgourmet.com.br\/index.php\/wp-json\/wp\/v2\/types\/post"}],"author":[{"embeddable":true,"href":"https:\/\/www.girosgourmet.com.br\/index.php\/wp-json\/wp\/v2\/users\/3"}],"replies":[{"embeddable":true,"href":"https:\/\/www.girosgourmet.com.br\/index.php\/wp-json\/wp\/v2\/comments?post=10750"}],"version-history":[{"count":1,"href":"https:\/\/www.girosgourmet.com.br\/index.php\/wp-json\/wp\/v2\/posts\/10750\/revisions"}],"predecessor-version":[{"id":10753,"href":"https:\/\/www.girosgourmet.com.br\/index.php\/wp-json\/wp\/v2\/posts\/10750\/revisions\/10753"}],"wp:attachment":[{"href":"https:\/\/www.girosgourmet.com.br\/index.php\/wp-json\/wp\/v2\/media?parent=10750"}],"wp:term":[{"taxonomy":"category","embeddable":true,"href":"https:\/\/www.girosgourmet.com.br\/index.php\/wp-json\/wp\/v2\/categories?post=10750"},{"taxonomy":"post_tag","embeddable":true,"href":"https:\/\/www.girosgourmet.com.br\/index.php\/wp-json\/wp\/v2\/tags?post=10750"}],"curies":[{"name":"wp","href":"https:\/\/api.w.org\/{rel}","templated":true}]}}