{"id":10539,"date":"2020-08-03T20:07:13","date_gmt":"2020-08-03T23:07:13","guid":{"rendered":"http:\/\/www.girosgourmet.com.br\/?p=10539"},"modified":"2020-08-03T20:07:13","modified_gmt":"2020-08-03T23:07:13","slug":"discovergermanyfromhome-a-alemanha-e-sua-gastronomia-sao-temas-de-lives-em-agosto","status":"publish","type":"post","link":"https:\/\/www.girosgourmet.com.br\/index.php\/discovergermanyfromhome-a-alemanha-e-sua-gastronomia-sao-temas-de-lives-em-agosto\/","title":{"rendered":"#DiscoverGermanyFromHome: a Alemanha e sua gastronomia s\u00e3o temas de lives, em agosto!"},"content":{"rendered":"<p><img loading=\"lazy\" decoding=\"async\" class=\"aligncenter size-full wp-image-10540\" src=\"http:\/\/www.girosgourmet.com.br\/wp-content\/uploads\/2020\/08\/Alemanha.jpg\" alt=\"\" width=\"1360\" height=\"907\" srcset=\"https:\/\/www.girosgourmet.com.br\/wp-content\/uploads\/2020\/08\/Alemanha.jpg 1360w, https:\/\/www.girosgourmet.com.br\/wp-content\/uploads\/2020\/08\/Alemanha-300x200.jpg 300w, https:\/\/www.girosgourmet.com.br\/wp-content\/uploads\/2020\/08\/Alemanha-768x512.jpg 768w, https:\/\/www.girosgourmet.com.br\/wp-content\/uploads\/2020\/08\/Alemanha-1024x683.jpg 1024w\" sizes=\"auto, (max-width: 1360px) 100vw, 1360px\" \/><\/p>\n<p style=\"text-align: justify;\">Ainda n\u00e3o \u00e9 poss\u00edvel viajar pela <strong>Alemanha<\/strong> e conhecer de perto sua hist\u00f3ria, mas a tecnologia permite conhecer o pa\u00eds, relembrar seus roteiros inesquec\u00edveis ou ainda matar as saudades por meio de hist\u00f3rias reais de quem j\u00e1 fez viagens inesquec\u00edveis por l\u00e1. Esse \u00e9 o objetivo de uma s\u00e9rie de tr\u00eas lives da campanha <em><strong><span style=\"color: #0000ff;\">#DiscoverGermanyFromHome<\/span><\/strong><\/em> promovida pelo <strong>Centro de Turismo Alem\u00e3o (DZT)<\/strong> com blogueiros especializados em turismo e media\u00e7\u00e3o de <strong>Natalie Soares<\/strong>, do <strong>Sundaycooks<\/strong>, para eles dividirem a experi\u00eancia que t\u00eam com as pessoas que j\u00e1 foram ou desejam conhecer mais sobre o destino Alemanha.<\/p>\n<p style=\"text-align: justify;\">A primeira live acontece na amanh\u00e3 (ter\u00e7a-feira, 04 de agosto), \u00e0s 19h, com o turista profissional e criador de conte\u00fado do <strong>Viaje na Viagem<\/strong>, <strong>Ricardo Freire<\/strong>. Em um bate-papo descontra\u00eddo, Freire e Natalie Soares falar\u00e3o sobre experi\u00eancias no pa\u00eds, hist\u00f3rias inesquec\u00edveis, dicas para sua viagem futura, al\u00e9m de responderem perguntas dos seguidores ao vivo.<\/p>\n<p style=\"text-align: justify;\">No dia <strong>11 de agosto<\/strong> ser\u00e1 a vez de Natalia Manczyk, do <strong>Porta de Embarque<\/strong>, conversar sobre os roteiros imperd\u00edveis da Alemanha, desde os rom\u00e2nticos, passando pelos hist\u00f3ricos, culturais e sustent\u00e1veis.<\/p>\n<p style=\"text-align: justify;\">Encerrando a s\u00e9rie, no dia <strong>18 de agosto<\/strong>, <strong>Alexandra Aranovich<\/strong>, do <strong>Caf\u00e9 Viagem<\/strong>, e Natalie Soares, conversam sobre as del\u00edcias da <strong>culin\u00e1ria alem\u00e3<\/strong>, do doce ao salgado.<\/p>\n<p style=\"text-align: justify;\">&#8220;Esses encontros compartilham informa\u00e7\u00e3o de qualidade aos turistas que querem conhecer a Alemanha, bem como aqueles que desejam desvendar o pa\u00eds em viagens futuras ou matar as saudades enquanto ainda n\u00e3o \u00e9 poss\u00edvel estar l\u00e1 fisicamente&#8221;, explica a diretora do DZT no Brasil, Margaret Grantham.<\/p>\n<p style=\"text-align: justify;\">A transmiss\u00e3o das lives ser\u00e1 ao vivo na p\u00e1gina da Alemanha Pa\u00eds Tur\u00edstico .<\/p>\n<p style=\"text-align: justify;\">\n<p style=\"text-align: justify;\"><strong>Servi\u00e7o: <\/strong><br \/>\n<strong>Lives #DiscoverGermanyFromHome<\/strong><\/p>\n<p style=\"text-align: justify;\">04 de agosto, 19h, Ricardo Freire (Viaje na Viagem) &#8211; Transmiss\u00e3o tamb\u00e9m pelo <strong><span style=\"color: #0000ff;\">@alemanhanobrasil<\/span><\/strong> no Instagram.<br \/>\n<span style=\"font-size: 1rem;\">11 de agosto, 17h, Natalia Manczyk (Porta de Embarque)<br \/>\n<\/span><span style=\"font-size: 1rem;\">18 de agosto, 19h, Alexandra Aranovich (Caf\u00e9 Viagem)<br \/>\n<\/span><span style=\"font-size: 1rem;\">Media\u00e7\u00e3o de Natalie Soares (Sundaycooks)<br \/>\n<\/span><span style=\"font-size: 1rem;\">Transmiss\u00e3o ao vivo na p\u00e1gina da <strong><span style=\"color: #0000ff;\">Alemanha Pa\u00eds Tur\u00edstico<\/span><\/strong>.<\/span><\/p>\n<iframe src=\"http:\/\/www.facebook.com\/plugins\/like.php?href=https:\/\/www.girosgourmet.com.br\/index.php\/discovergermanyfromhome-a-alemanha-e-sua-gastronomia-sao-temas-de-lives-em-agosto\/&amp;layout=standard&amp;show_faces=1&amp;width=450&amp;action=like&amp;colorscheme=light&amp;font=\" scrolling=\"no\" frameborder=\"0\" style=\"border:none; overflow:hidden; width:450px; height:60px\"><\/iframe>","protected":false},"excerpt":{"rendered":"<p>Ainda n\u00e3o \u00e9 poss\u00edvel viajar pela Alemanha e conhecer de perto sua hist\u00f3ria, mas a tecnologia permite conhecer o pa\u00eds, relembrar seus roteiros inesquec\u00edveis ou ainda matar as saudades por meio de hist\u00f3rias reais de quem j\u00e1 fez viagens inesquec\u00edveis por l\u00e1. Esse \u00e9 o objetivo de uma s\u00e9rie de [&hellip;]<\/p>\n","protected":false},"author":3,"featured_media":0,"comment_status":"open","ping_status":"closed","sticky":false,"template":"","format":"standard","meta":{"footnotes":""},"categories":[41],"tags":[613,2500,2501,2479],"class_list":["post-10539","post","type-post","status-publish","format-standard","hentry","category-viagens","tag-alemanha","tag-centro-de-turismo-alemao","tag-culinaria-alema","tag-lives"],"_links":{"self":[{"href":"https:\/\/www.girosgourmet.com.br\/index.php\/wp-json\/wp\/v2\/posts\/10539","targetHints":{"allow":["GET"]}}],"collection":[{"href":"https:\/\/www.girosgourmet.com.br\/index.php\/wp-json\/wp\/v2\/posts"}],"about":[{"href":"https:\/\/www.girosgourmet.com.br\/index.php\/wp-json\/wp\/v2\/types\/post"}],"author":[{"embeddable":true,"href":"https:\/\/www.girosgourmet.com.br\/index.php\/wp-json\/wp\/v2\/users\/3"}],"replies":[{"embeddable":true,"href":"https:\/\/www.girosgourmet.com.br\/index.php\/wp-json\/wp\/v2\/comments?post=10539"}],"version-history":[{"count":1,"href":"https:\/\/www.girosgourmet.com.br\/index.php\/wp-json\/wp\/v2\/posts\/10539\/revisions"}],"predecessor-version":[{"id":10541,"href":"https:\/\/www.girosgourmet.com.br\/index.php\/wp-json\/wp\/v2\/posts\/10539\/revisions\/10541"}],"wp:attachment":[{"href":"https:\/\/www.girosgourmet.com.br\/index.php\/wp-json\/wp\/v2\/media?parent=10539"}],"wp:term":[{"taxonomy":"category","embeddable":true,"href":"https:\/\/www.girosgourmet.com.br\/index.php\/wp-json\/wp\/v2\/categories?post=10539"},{"taxonomy":"post_tag","embeddable":true,"href":"https:\/\/www.girosgourmet.com.br\/index.php\/wp-json\/wp\/v2\/tags?post=10539"}],"curies":[{"name":"wp","href":"https:\/\/api.w.org\/{rel}","templated":true}]}}