{"id":10499,"date":"2020-07-15T00:41:48","date_gmt":"2020-07-15T03:41:48","guid":{"rendered":"http:\/\/www.girosgourmet.com.br\/?p=10499"},"modified":"2020-07-14T19:52:22","modified_gmt":"2020-07-14T22:52:22","slug":"capim-santo-comemora-aniversario-com-presente-especial-no-delivery","status":"publish","type":"post","link":"https:\/\/www.girosgourmet.com.br\/index.php\/capim-santo-comemora-aniversario-com-presente-especial-no-delivery\/","title":{"rendered":"Capim Santo comemora anivers\u00e1rio com presente especial no delivery."},"content":{"rendered":"<p><img loading=\"lazy\" decoding=\"async\" class=\"aligncenter size-full wp-image-10501\" src=\"http:\/\/www.girosgourmet.com.br\/wp-content\/uploads\/2020\/07\/capim-santo_Camar\u00e3o-na-Le-Creuset-01_credito-Mario-Rodrigues.jpg\" alt=\"\" width=\"5760\" height=\"3840\" srcset=\"https:\/\/www.girosgourmet.com.br\/wp-content\/uploads\/2020\/07\/capim-santo_Camar\u00e3o-na-Le-Creuset-01_credito-Mario-Rodrigues.jpg 5760w, https:\/\/www.girosgourmet.com.br\/wp-content\/uploads\/2020\/07\/capim-santo_Camar\u00e3o-na-Le-Creuset-01_credito-Mario-Rodrigues-300x200.jpg 300w, https:\/\/www.girosgourmet.com.br\/wp-content\/uploads\/2020\/07\/capim-santo_Camar\u00e3o-na-Le-Creuset-01_credito-Mario-Rodrigues-768x512.jpg 768w, https:\/\/www.girosgourmet.com.br\/wp-content\/uploads\/2020\/07\/capim-santo_Camar\u00e3o-na-Le-Creuset-01_credito-Mario-Rodrigues-1024x683.jpg 1024w\" sizes=\"auto, (max-width: 5760px) 100vw, 5760px\" \/><\/p>\n<p style=\"text-align: justify;\">Para celebrar os 22 anos do <strong>Capim Santo<\/strong> de S\u00e3o Paulo, e os 4 anos do Capim Santo do Rio de Janeiro, o Grupo comandado pela <strong>chef Morena Leite<\/strong> elaborou uma a\u00e7\u00e3o em que o cliente \u00e9 quem recebe o presente.<\/p>\n<p style=\"text-align: justify;\">Durante <strong>dois finais de semana de julho<\/strong>, ser\u00e1 poss\u00edvel pedir pelo delivery receitas de sucesso da chef que s\u00e3o entregues servidas em uma linda travessa amarela <strong>Le Creuset<\/strong> \u2013 marca francesa reconhecida internacionalmente pela alta qualidade e beleza de seus produtos. Um mimo pra l\u00e1 de especial para os clientes almo\u00e7arem em clima festivo, comemorando o anivers\u00e1rio do restaurante, e depois terem o acess\u00f3rio em suas casas para usar em futuras celebra\u00e7\u00f5es ao redor da mesa.<\/p>\n<p><img loading=\"lazy\" decoding=\"async\" class=\"aligncenter size-full wp-image-10500\" src=\"http:\/\/www.girosgourmet.com.br\/wp-content\/uploads\/2020\/07\/Capim-Santo_Bacalhau-em-Natas-na-Le-Creuset_credito-Mario-Rodrigues.jpg\" alt=\"\" width=\"5760\" height=\"3840\" srcset=\"https:\/\/www.girosgourmet.com.br\/wp-content\/uploads\/2020\/07\/Capim-Santo_Bacalhau-em-Natas-na-Le-Creuset_credito-Mario-Rodrigues.jpg 5760w, https:\/\/www.girosgourmet.com.br\/wp-content\/uploads\/2020\/07\/Capim-Santo_Bacalhau-em-Natas-na-Le-Creuset_credito-Mario-Rodrigues-300x200.jpg 300w, https:\/\/www.girosgourmet.com.br\/wp-content\/uploads\/2020\/07\/Capim-Santo_Bacalhau-em-Natas-na-Le-Creuset_credito-Mario-Rodrigues-768x512.jpg 768w, https:\/\/www.girosgourmet.com.br\/wp-content\/uploads\/2020\/07\/Capim-Santo_Bacalhau-em-Natas-na-Le-Creuset_credito-Mario-Rodrigues-1024x683.jpg 1024w\" sizes=\"auto, (max-width: 5760px) 100vw, 5760px\" \/><\/p>\n<p style=\"text-align: justify;\">Nos dias<strong> 18 e 19<\/strong>, a pedida que vai servida na Le Creuset \u00e9 o <strong>Bacalhau em natas<\/strong>, acompanhado de arroz com br\u00f3colis, tapenade de azeitona preta e chips de batata doce.\u00a0J\u00e1 nos dias<strong> 25 e 26<\/strong>, a sugest\u00e3o que viaja na travessa \u00e9 o <strong>Camar\u00e3o ensopado com palmito pupunha e tapioca,<\/strong> acompanhado de arroz com coco, farofa de beiju e tomate assado.<\/p>\n<p style=\"text-align: justify;\">As duas op\u00e7\u00f5es chegam em por\u00e7\u00e3o para 4 pessoas (R$ 375 cada op\u00e7\u00e3o, incluindo a travessa de 26cm \u2013 <em>taxa de entrega \u00e0 parte<\/em>), e estar\u00e3o dispon\u00edveis nas duas unidades do Capim Santo.<\/p>\n<p style=\"text-align: justify;\">Como s\u00e3o poucas unidades, o ideal \u00e9 fazer previamente as encomendas. Os pedidos devem ser feitos pelos telefones dos restaurantes:\u00a0<strong>Capim Santo S\u00e3o Paulo<\/strong>\u00a0&#8211; 11 3816-0745 e 11 98189-0082 (para retiradas no local, o endere\u00e7o \u00e9 Avenida Faria Lima, 2705 &#8211; Jardim Paulistano) e para o\u00a0<strong>Capim Santo Rio de Janeiro<\/strong>\u00a0&#8211; 21 3252-2528 e 21 99959-3048 (para retiradas no local, o endere\u00e7o \u00e9 Av. das Am\u00e9ricas, 3900 &#8211; Village Mall &#8211; Barra da Tijuca).<\/p>\n<p>Eu queroooo!!!<\/p>\n<iframe src=\"http:\/\/www.facebook.com\/plugins\/like.php?href=https:\/\/www.girosgourmet.com.br\/index.php\/capim-santo-comemora-aniversario-com-presente-especial-no-delivery\/&amp;layout=standard&amp;show_faces=1&amp;width=450&amp;action=like&amp;colorscheme=light&amp;font=\" scrolling=\"no\" frameborder=\"0\" style=\"border:none; overflow:hidden; width:450px; height:60px\"><\/iframe>","protected":false},"excerpt":{"rendered":"<p>Para celebrar os 22 anos do Capim Santo de S\u00e3o Paulo, e os 4 anos do Capim Santo do Rio de Janeiro, o Grupo comandado pela chef Morena Leite elaborou uma a\u00e7\u00e3o em que o cliente \u00e9 quem recebe o presente. Durante dois finais de semana de julho, ser\u00e1 poss\u00edvel [&hellip;]<\/p>\n","protected":false},"author":3,"featured_media":0,"comment_status":"open","ping_status":"closed","sticky":false,"template":"","format":"standard","meta":{"footnotes":""},"categories":[39],"tags":[837,822],"class_list":["post-10499","post","type-post","status-publish","format-standard","hentry","category-gastronomia","tag-capim-santo","tag-chef-morena-leite"],"_links":{"self":[{"href":"https:\/\/www.girosgourmet.com.br\/index.php\/wp-json\/wp\/v2\/posts\/10499","targetHints":{"allow":["GET"]}}],"collection":[{"href":"https:\/\/www.girosgourmet.com.br\/index.php\/wp-json\/wp\/v2\/posts"}],"about":[{"href":"https:\/\/www.girosgourmet.com.br\/index.php\/wp-json\/wp\/v2\/types\/post"}],"author":[{"embeddable":true,"href":"https:\/\/www.girosgourmet.com.br\/index.php\/wp-json\/wp\/v2\/users\/3"}],"replies":[{"embeddable":true,"href":"https:\/\/www.girosgourmet.com.br\/index.php\/wp-json\/wp\/v2\/comments?post=10499"}],"version-history":[{"count":2,"href":"https:\/\/www.girosgourmet.com.br\/index.php\/wp-json\/wp\/v2\/posts\/10499\/revisions"}],"predecessor-version":[{"id":10503,"href":"https:\/\/www.girosgourmet.com.br\/index.php\/wp-json\/wp\/v2\/posts\/10499\/revisions\/10503"}],"wp:attachment":[{"href":"https:\/\/www.girosgourmet.com.br\/index.php\/wp-json\/wp\/v2\/media?parent=10499"}],"wp:term":[{"taxonomy":"category","embeddable":true,"href":"https:\/\/www.girosgourmet.com.br\/index.php\/wp-json\/wp\/v2\/categories?post=10499"},{"taxonomy":"post_tag","embeddable":true,"href":"https:\/\/www.girosgourmet.com.br\/index.php\/wp-json\/wp\/v2\/tags?post=10499"}],"curies":[{"name":"wp","href":"https:\/\/api.w.org\/{rel}","templated":true}]}}