{"id":10170,"date":"2020-02-03T08:49:56","date_gmt":"2020-02-03T11:49:56","guid":{"rendered":"http:\/\/www.girosgourmet.com.br\/?p=10170"},"modified":"2020-02-03T08:49:56","modified_gmt":"2020-02-03T11:49:56","slug":"janaina-rueda-promove-aguas-de-janaina-no-bar-da-dona-onca","status":"publish","type":"post","link":"https:\/\/www.girosgourmet.com.br\/index.php\/janaina-rueda-promove-aguas-de-janaina-no-bar-da-dona-onca\/","title":{"rendered":"Jana\u00edna Rueda promove \u201c\u00c1guas de Jana\u00edna\u201d no Bar da Dona On\u00e7a."},"content":{"rendered":"<p><img loading=\"lazy\" decoding=\"async\" class=\"aligncenter size-full wp-image-10171\" src=\"http:\/\/www.girosgourmet.com.br\/wp-content\/uploads\/2020\/02\/Aguas-de-janaina.jpg\" alt=\"\" width=\"708\" height=\"433\" srcset=\"https:\/\/www.girosgourmet.com.br\/wp-content\/uploads\/2020\/02\/Aguas-de-janaina.jpg 708w, https:\/\/www.girosgourmet.com.br\/wp-content\/uploads\/2020\/02\/Aguas-de-janaina-300x183.jpg 300w\" sizes=\"auto, (max-width: 708px) 100vw, 708px\" \/><\/p>\n<p style=\"text-align: justify;\">E um dos eventos mais vibrantes do ano, ir\u00e1 acontecer na proxima segunda-feira (10).\u00a0 H\u00e1 nove anos, a <strong>chef Jana\u00edna Rueda<\/strong> re\u00fane amigos e clientes em frente ao <strong>Bar Dona On\u00e7a<\/strong> para uma grande celebra\u00e7\u00e3o com m\u00fasica e petiscos apelidada carinhosamente de \u201c<strong>\u00c1guas de Janaina<\/strong>\u201d. A comemora\u00e7\u00e3o, prop\u00f5e, tamb\u00e9m,\u00a0exaltar a cultura e gastronomia popular brasileira atrav\u00e9s de um momento de purifica\u00e7\u00e3o e limpeza. Para isso, flores, \u00e1gua de cheiro e, como\u00a0Jana\u00edna\u00a0costuma dizer, \u201cmuita energia e esperan\u00e7a para um mundo melhor\u201d.<\/p>\n<p><img loading=\"lazy\" decoding=\"async\" class=\"aligncenter size-full wp-image-10172\" src=\"http:\/\/www.girosgourmet.com.br\/wp-content\/uploads\/2020\/02\/Feijoada_Dona-On\u00e7a-1_Cr\u00e9d-Rog\u00e9rio-Gomes.jpg\" alt=\"\" width=\"2568\" height=\"1709\" srcset=\"https:\/\/www.girosgourmet.com.br\/wp-content\/uploads\/2020\/02\/Feijoada_Dona-On\u00e7a-1_Cr\u00e9d-Rog\u00e9rio-Gomes.jpg 2568w, https:\/\/www.girosgourmet.com.br\/wp-content\/uploads\/2020\/02\/Feijoada_Dona-On\u00e7a-1_Cr\u00e9d-Rog\u00e9rio-Gomes-300x200.jpg 300w, https:\/\/www.girosgourmet.com.br\/wp-content\/uploads\/2020\/02\/Feijoada_Dona-On\u00e7a-1_Cr\u00e9d-Rog\u00e9rio-Gomes-768x511.jpg 768w, https:\/\/www.girosgourmet.com.br\/wp-content\/uploads\/2020\/02\/Feijoada_Dona-On\u00e7a-1_Cr\u00e9d-Rog\u00e9rio-Gomes-1024x681.jpg 1024w\" sizes=\"auto, (max-width: 2568px) 100vw, 2568px\" \/><\/p>\n<p style=\"text-align: justify;\">Quanto ao menu, preparado a seis m\u00e3os pela chef ao lado de <strong>Dona Carmem Virg\u00ednia e Carlos Ribeiro<\/strong> conta com a sua famosa <strong>feijoada<\/strong>\u00a0servida com arroz soltinho e farofa (R$ 20,00), <strong>bolo gelado de abacaxi com coco<\/strong> (R$ 10,00), <strong>moqueca<\/strong> (R$ 20,00)\u00a0e <strong>quiabada com camar\u00f5es<\/strong> (R$ 20,00). Os drinques combinam com a tend\u00eancia de 2020: feito \u00e0 base de ch\u00e1, o \u00c1guas de Jana\u00edna \u00e9 composto por Espumante Brut, Ch\u00e1 \u00d2 Ch\u00e1 L\u00e1 e flores comest\u00edveis (R$ 20,00), condiz com o astral do evento. Para animar a noite, Bateria da Vai-Vai, Teleu e Sanvita e Grupo Afox\u00e9.<\/p>\n<p style=\"text-align: justify;\">O Bar da Dona On\u00e7a funcionar\u00e1 normalmente, por\u00e9m a chef Jana\u00edna Rueda convida \u2013 e sugere &#8211; que todos participem do evento com roupas brancas.<\/p>\n<p>Imperd\u00edvel!<\/p>\n<p><strong>Servi\u00e7o:<\/strong><br \/>\nBar da Dona On\u00e7a<br \/>\nHor\u00e1rio: 17h<br \/>\nAvenida Ipiranga, 200, lojas 27\/29, Centro, S\u00e3o Paulo<br \/>\nTelefone: (11) 3257-2016<br \/>\nSite:\u00a0<a href=\"http:\/\/bardadonaonca.com.br\/\">bardadonaonca.com.br<\/a><br \/>\nDinheiro, cart\u00f5es de cr\u00e9dito e d\u00e9bito bandeiras visa, mastercard, elo, dinners, american express<\/p>\n<iframe src=\"http:\/\/www.facebook.com\/plugins\/like.php?href=https:\/\/www.girosgourmet.com.br\/index.php\/janaina-rueda-promove-aguas-de-janaina-no-bar-da-dona-onca\/&amp;layout=standard&amp;show_faces=1&amp;width=450&amp;action=like&amp;colorscheme=light&amp;font=\" scrolling=\"no\" frameborder=\"0\" style=\"border:none; overflow:hidden; width:450px; height:60px\"><\/iframe>","protected":false},"excerpt":{"rendered":"<p>E um dos eventos mais vibrantes do ano, ir\u00e1 acontecer na proxima segunda-feira (10).\u00a0 H\u00e1 nove anos, a chef Jana\u00edna Rueda re\u00fane amigos e clientes em frente ao Bar Dona On\u00e7a para uma grande celebra\u00e7\u00e3o com m\u00fasica e petiscos apelidada carinhosamente de \u201c\u00c1guas de Janaina\u201d. A comemora\u00e7\u00e3o, prop\u00f5e, tamb\u00e9m,\u00a0exaltar a [&hellip;]<\/p>\n","protected":false},"author":3,"featured_media":0,"comment_status":"open","ping_status":"closed","sticky":false,"template":"","format":"standard","meta":{"footnotes":""},"categories":[39],"tags":[2400,1592,710,1694],"class_list":["post-10170","post","type-post","status-publish","format-standard","hentry","category-gastronomia","tag-aguas-de-janaina","tag-bar-da-dona-onca","tag-feijoada","tag-janaina-rueda"],"_links":{"self":[{"href":"https:\/\/www.girosgourmet.com.br\/index.php\/wp-json\/wp\/v2\/posts\/10170","targetHints":{"allow":["GET"]}}],"collection":[{"href":"https:\/\/www.girosgourmet.com.br\/index.php\/wp-json\/wp\/v2\/posts"}],"about":[{"href":"https:\/\/www.girosgourmet.com.br\/index.php\/wp-json\/wp\/v2\/types\/post"}],"author":[{"embeddable":true,"href":"https:\/\/www.girosgourmet.com.br\/index.php\/wp-json\/wp\/v2\/users\/3"}],"replies":[{"embeddable":true,"href":"https:\/\/www.girosgourmet.com.br\/index.php\/wp-json\/wp\/v2\/comments?post=10170"}],"version-history":[{"count":1,"href":"https:\/\/www.girosgourmet.com.br\/index.php\/wp-json\/wp\/v2\/posts\/10170\/revisions"}],"predecessor-version":[{"id":10173,"href":"https:\/\/www.girosgourmet.com.br\/index.php\/wp-json\/wp\/v2\/posts\/10170\/revisions\/10173"}],"wp:attachment":[{"href":"https:\/\/www.girosgourmet.com.br\/index.php\/wp-json\/wp\/v2\/media?parent=10170"}],"wp:term":[{"taxonomy":"category","embeddable":true,"href":"https:\/\/www.girosgourmet.com.br\/index.php\/wp-json\/wp\/v2\/categories?post=10170"},{"taxonomy":"post_tag","embeddable":true,"href":"https:\/\/www.girosgourmet.com.br\/index.php\/wp-json\/wp\/v2\/tags?post=10170"}],"curies":[{"name":"wp","href":"https:\/\/api.w.org\/{rel}","templated":true}]}}