{"id":9941,"date":"2019-09-16T16:49:36","date_gmt":"2019-09-16T19:49:36","guid":{"rendered":"http:\/\/www.girosgourmet.com.br\/?p=9941"},"modified":"2019-09-16T16:51:00","modified_gmt":"2019-09-16T19:51:00","slug":"petit-comite-rotisserie-deli-lanca-2o-edicao-do-festival-picadinhos-do-mundo","status":"publish","type":"post","link":"http:\/\/www.girosgourmet.com.br\/index.php\/petit-comite-rotisserie-deli-lanca-2o-edicao-do-festival-picadinhos-do-mundo\/","title":{"rendered":"Petit Comit\u00e9 Rotisserie &#038; Deli, lan\u00e7a 2o edi\u00e7\u00e3o do Festival Picadinhos do Mundo."},"content":{"rendered":"<p><img loading=\"lazy\" decoding=\"async\" class=\"size-full wp-image-9942\" src=\"http:\/\/www.girosgourmet.com.br\/wp-content\/uploads\/2019\/09\/picadinho-fachada.jpg\" alt=\"\" width=\"1200\" height=\"800\" srcset=\"http:\/\/www.girosgourmet.com.br\/wp-content\/uploads\/2019\/09\/picadinho-fachada.jpg 1200w, http:\/\/www.girosgourmet.com.br\/wp-content\/uploads\/2019\/09\/picadinho-fachada-300x200.jpg 300w, http:\/\/www.girosgourmet.com.br\/wp-content\/uploads\/2019\/09\/picadinho-fachada-768x512.jpg 768w, http:\/\/www.girosgourmet.com.br\/wp-content\/uploads\/2019\/09\/picadinho-fachada-1024x683.jpg 1024w\" sizes=\"auto, (max-width: 1200px) 100vw, 1200px\" \/><\/p>\n<p style=\"text-align: justify;\">Come\u00e7ou no \u00faltimo s\u00e1bado na <strong>Petit Comit\u00e9 Rotisserie &amp; Deli<\/strong>, da chef <strong>Rita Atrib<\/strong>, a segunda edi\u00e7\u00e3o do \u201c <strong>Festival de Picadinhos do Mundo<\/strong>\u201d, com dez sugest\u00f5es diferentes do preparo (carne bovina, su\u00edna ou ave cortada na ponta da faca) incluindo sugest\u00f5es do Brasil, It\u00e1lia, \u00cdndia, Reino Unido, R\u00fassia, Tail\u00e2ndia, Hungria, China, Fran\u00e7a e do Marrocos.<\/p>\n<p style=\"text-align: justify;\">Cada dia um picadinho diferente e todos ser\u00e3o servidos no almo\u00e7o (dispon\u00edvel tamb\u00e9m para viagem) de ter\u00e7a a sexta por R$44,00 e, aos s\u00e1bados, por R$58,00. Todos os pratos incluem ch\u00e1 mate gelado, saladinha e mini sobremesa do dia.<\/p>\n<p>Mais um daqueles festivais deliciosos, baratinhos e imperd\u00edveis. Se voc\u00ea ama picadinhos, como eu, \u00e9 um evento do tipo IMPERD\u00cdVEL.<\/p>\n<p>Vamos? D\u00e1 uma olhada na programa\u00e7\u00e3o!<\/p>\n<p><img loading=\"lazy\" decoding=\"async\" class=\"aligncenter size-full wp-image-9943\" src=\"http:\/\/www.girosgourmet.com.br\/wp-content\/uploads\/2019\/09\/picadinho.jpg\" alt=\"\" width=\"521\" height=\"347\" srcset=\"http:\/\/www.girosgourmet.com.br\/wp-content\/uploads\/2019\/09\/picadinho.jpg 521w, http:\/\/www.girosgourmet.com.br\/wp-content\/uploads\/2019\/09\/picadinho-300x200.jpg 300w\" sizes=\"auto, (max-width: 521px) 100vw, 521px\" \/><\/p>\n<p style=\"text-align: justify;\"><strong>PROGRAMA\u00c7\u00c3O<br \/>\n<\/strong><strong>17\/09(ter\u00e7a)<\/strong> Curry de frango acompanhado de arroz de coco e chutney de frutas(\u00cdndia) *peito de frango cortado na ponta da faca, batata, cenoura, sals\u00e3o, ma\u00e7\u00e3, castanhas de caju e passas ao molho curry (foto)<\/p>\n<p style=\"text-align: justify;\"><strong>18\/09(quarta)<\/strong> Spezzatino de maiale com feij\u00e3o branco (It\u00e1lia) *paleta su\u00edna cortada na ponta da faca com feij\u00e3o branco, pancetta, tomates, vinho tinto e ervas frescas<\/p>\n<p style=\"text-align: justify;\"><strong>19\/09(quinta)<\/strong> Beef &amp;ale stew (Reino Unido) *patinho cortado na ponta da faca, marinadas no brown sauce e cozidas lentamente na cerveja com legumes<\/p>\n<p><strong>20\/09(sexta)<\/strong> Beef stroganoff (estrogonofe de carne &#8211; Russia)<\/p>\n<p style=\"text-align: justify;\"><strong>21\/09 (s\u00e1bado)<\/strong>Thai beef (Tail\u00e2ndia) (foto) *alcatra picada na ponta da faca, legumes e cogumelos ao molhinho oriental na cama de noodles<\/p>\n<p style=\"text-align: justify;\"><strong>24\/09(ter\u00e7a) <\/strong>Goulash (Hungria) *ac\u00e9m cortado na ponta da faca cozido lentamente com tomates, cebolas e p\u00e1prica<\/p>\n<p style=\"text-align: justify;\"><strong>25\/09(quarta)<\/strong> Bamieh(L\u00edbano) *ponta de agulha cortada na ponta da faca, refogada com quiabo, tomate, cebola e especiarias<\/p>\n<p style=\"text-align: justify;\"><strong>26\/09(quinta)<\/strong> Porco xadrez (China)*copa lombo cortada na ponta da faca com piment\u00f5es, cebolas, abacaxi, amendoim e molhinho agridoce.<\/p>\n<p style=\"text-align: justify;\"><strong>27\/09(sexta)<\/strong> Boeuf bourguignon (Fran\u00e7a) * m\u00fasculo cortado na ponta da faca e cozido lentamente em vinho tinto e ervas frescas com cenoura, cebolinhas, bacon e cogumelos<\/p>\n<p style=\"text-align: justify;\"><strong>28\/09(s\u00e1bado)<\/strong> Picadinho \u00e0 nossa moda (Brasil, mais especificamente sp\/rj) *alcatra na ponta da faca ao molhinho roti, arroz branco, feij\u00e3o preto, farofinha de ovos e cebolas, lascas de banana da terra e ab\u00f3bora grelhadas<\/p>\n<p><strong>Petit Comit\u00e9 Rotisserie &amp; Deli (@petitcomiterotisserie)<br \/>\n<\/strong>Gaivota, 763 &#8211; Moema \u2013 Tel. 2359.0771<br \/>\nTer\u00e7a: 12h \u00e0s 19h; Quarta a sexta: 11h \u00e0s 19h; S\u00e1bado: 11h \u00e0s 17h;<br \/>\nDomingo e feriado: 10h \u00e0s 14h (fecha segunda)<br \/>\nHor\u00e1rio de almo\u00e7o:\u00a0Ter\u00e7a a sexta: das 12h \u00e0s 15h<br \/>\nS\u00e1bados: das 12h \u00e0s 16h<br \/>\nAos domingos n\u00e3o serve almo\u00e7o.<strong style=\"font-size: 1rem;\"><br \/>\n<\/strong><a href=\"http:\/\/www.petitcomite.com.br\">www.petitcomite.com.br<\/a><strong> \/ <\/strong><a href=\"mailto:pedidos@petitcomite.com.br\">pedidos@petitcomite.com.br<\/a><\/p>\n<p>&nbsp;<\/p>\n<iframe src=\"http:\/\/www.facebook.com\/plugins\/like.php?href=http:\/\/www.girosgourmet.com.br\/index.php\/petit-comite-rotisserie-deli-lanca-2o-edicao-do-festival-picadinhos-do-mundo\/&amp;layout=standard&amp;show_faces=1&amp;width=450&amp;action=like&amp;colorscheme=light&amp;font=\" scrolling=\"no\" frameborder=\"0\" style=\"border:none; overflow:hidden; width:450px; height:60px\"><\/iframe>","protected":false},"excerpt":{"rendered":"<p>Come\u00e7ou no \u00faltimo s\u00e1bado na Petit Comit\u00e9 Rotisserie &amp; Deli, da chef Rita Atrib, a segunda edi\u00e7\u00e3o do \u201c Festival de Picadinhos do Mundo\u201d, com dez sugest\u00f5es diferentes do preparo (carne bovina, su\u00edna ou ave cortada na ponta da faca) incluindo sugest\u00f5es do Brasil, It\u00e1lia, \u00cdndia, Reino Unido, R\u00fassia, Tail\u00e2ndia, [&hellip;]<\/p>\n","protected":false},"author":3,"featured_media":0,"comment_status":"open","ping_status":"closed","sticky":false,"template":"","format":"standard","meta":{"footnotes":""},"categories":[39],"tags":[2112,2336,349],"class_list":["post-9941","post","type-post","status-publish","format-standard","hentry","category-gastronomia","tag-moema","tag-petit-comite-rotisserie-deli","tag-picadinho"],"_links":{"self":[{"href":"http:\/\/www.girosgourmet.com.br\/index.php\/wp-json\/wp\/v2\/posts\/9941","targetHints":{"allow":["GET"]}}],"collection":[{"href":"http:\/\/www.girosgourmet.com.br\/index.php\/wp-json\/wp\/v2\/posts"}],"about":[{"href":"http:\/\/www.girosgourmet.com.br\/index.php\/wp-json\/wp\/v2\/types\/post"}],"author":[{"embeddable":true,"href":"http:\/\/www.girosgourmet.com.br\/index.php\/wp-json\/wp\/v2\/users\/3"}],"replies":[{"embeddable":true,"href":"http:\/\/www.girosgourmet.com.br\/index.php\/wp-json\/wp\/v2\/comments?post=9941"}],"version-history":[{"count":3,"href":"http:\/\/www.girosgourmet.com.br\/index.php\/wp-json\/wp\/v2\/posts\/9941\/revisions"}],"predecessor-version":[{"id":9946,"href":"http:\/\/www.girosgourmet.com.br\/index.php\/wp-json\/wp\/v2\/posts\/9941\/revisions\/9946"}],"wp:attachment":[{"href":"http:\/\/www.girosgourmet.com.br\/index.php\/wp-json\/wp\/v2\/media?parent=9941"}],"wp:term":[{"taxonomy":"category","embeddable":true,"href":"http:\/\/www.girosgourmet.com.br\/index.php\/wp-json\/wp\/v2\/categories?post=9941"},{"taxonomy":"post_tag","embeddable":true,"href":"http:\/\/www.girosgourmet.com.br\/index.php\/wp-json\/wp\/v2\/tags?post=9941"}],"curies":[{"name":"wp","href":"https:\/\/api.w.org\/{rel}","templated":true}]}}