{"id":9912,"date":"2019-09-11T15:29:10","date_gmt":"2019-09-11T18:29:10","guid":{"rendered":"http:\/\/www.girosgourmet.com.br\/?p=9912"},"modified":"2019-09-11T15:29:10","modified_gmt":"2019-09-11T18:29:10","slug":"oca-tupiniquim-reune-musica-e-gastronomia-no-mes-de-setembro","status":"publish","type":"post","link":"http:\/\/www.girosgourmet.com.br\/index.php\/oca-tupiniquim-reune-musica-e-gastronomia-no-mes-de-setembro\/","title":{"rendered":"Oca Tupiniquim re\u00fane m\u00fasica e gastronomia no m\u00eas de setembro."},"content":{"rendered":"<p><img loading=\"lazy\" decoding=\"async\" class=\"aligncenter size-full wp-image-9913\" src=\"http:\/\/www.girosgourmet.com.br\/wp-content\/uploads\/2019\/09\/oca.jpg\" alt=\"\" width=\"570\" height=\"300\" srcset=\"http:\/\/www.girosgourmet.com.br\/wp-content\/uploads\/2019\/09\/oca.jpg 570w, http:\/\/www.girosgourmet.com.br\/wp-content\/uploads\/2019\/09\/oca-300x158.jpg 300w\" sizes=\"auto, (max-width: 570px) 100vw, 570px\" \/><\/p>\n<p style=\"text-align: justify;\"><span style=\"color: #000000;\">Do pop ao cl\u00e1ssico, do rock ao choro, do folk ao erudito. Noites de puras misturas. Esse \u00e9 o clima, no m\u00eas de setembro, na <strong>Oca Tupiniquim<\/strong>, na Vila Madalena, em S\u00e3o Paulo. A tradicional casa de eventos lan\u00e7a o projeto <strong>Oca Cultural,<\/strong> selo que vai reunir o melhor da m\u00fasica e da gastronomia. Para come\u00e7ar, duas noites memor\u00e1veis: 14\/09 (s\u00e1bado), show de <strong>Ritchie<\/strong> com a banda Black Tie (R$ 190 de couvert art\u00edstico, incluindo show e jantar) e, 19\/09 (quinta-feira), concerto dos jovens e premiados pianistas <strong>Cristian Budu e Hercules Gomes<\/strong> (R$ 70, o ingresso mais o menu de finger foods).<\/span><\/p>\n<p style=\"text-align: justify;\"><span style=\"color: #000000;\">A Oca Tupiniquim, comandada pela empres\u00e1ria <strong>\u00c2ngela Soares<\/strong>, agora tamb\u00e9m promove eventos autorais. O selo Oca Cultural incentiva o di\u00e1logo da gastronomia com outras express\u00f5es art\u00edsticas. Na estreia do projeto, folk-rock com uma roupagem erudita. A casa recebe o cantor brit\u00e2nico radicado no Brasil, Ritchie. Compositor de \u201cMenina Veneno\u201d.<\/span><\/p>\n<p><img loading=\"lazy\" decoding=\"async\" class=\"aligncenter size-full wp-image-9914\" src=\"http:\/\/www.girosgourmet.com.br\/wp-content\/uploads\/2019\/09\/ritchie-e-black-tie_credito-saldanha-mujica.jpg\" alt=\"\" width=\"900\" height=\"601\" srcset=\"http:\/\/www.girosgourmet.com.br\/wp-content\/uploads\/2019\/09\/ritchie-e-black-tie_credito-saldanha-mujica.jpg 900w, http:\/\/www.girosgourmet.com.br\/wp-content\/uploads\/2019\/09\/ritchie-e-black-tie_credito-saldanha-mujica-300x200.jpg 300w, http:\/\/www.girosgourmet.com.br\/wp-content\/uploads\/2019\/09\/ritchie-e-black-tie_credito-saldanha-mujica-768x513.jpg 768w\" sizes=\"auto, (max-width: 900px) 100vw, 900px\" \/><\/p>\n<p style=\"text-align: justify;\"><span style=\"color: #000000;\">\u00a0No menu de jantar preparado pela <strong>chef Raphaela Homem de Melo<\/strong>, da Oca, uma culin\u00e1ria contempor\u00e2nea, com ingredientes brasileiros. O menu de seis tempos \u00e9 composto por: entradas (<strong>Tartar de Beterraba, Brandade de Palmito Pupunha e Pur\u00ea de Caboti\u00e1 Defumada e Couve-Flor<\/strong>), pratos principais (<strong>Riz de Carreteiro com Am\u00eandoas Torradas, Banana-da-Terra e Azeite Arom\u00e1tico, com op\u00e7\u00e3o vegetariana, e Bob\u00f3 de Camar\u00e3o, Arroz de Coco e Farofa de Dend\u00ea, com vers\u00e3o vegetariana feita com cogumelos)<\/strong> e sobremesa (<strong>Terrine Crocante de Chocolate e Avel\u00e3s com Sorvete de Tangerina<\/strong>). Para harmonizar, sugest\u00f5es de drinques bem brasileiros, como a carta de gim-t\u00f4nicas: <em>Tupiniquim<\/em> (gim, t\u00f4nica, mexerica e lasca de pimenta de cheiro, R$ 35), <em>Caet\u00e9<\/em> (gim, t\u00f4nica, lim\u00e3o-siciliano e capim santo, R$ 35), <em>Potiguara<\/em> (gim, t\u00f4nica e caju\u00edna, R$ 35) e <em>Xavantes<\/em> (gim, t\u00f4nica, frutas vermelhas e hortel\u00e3, R$ 35).<\/span><\/p>\n<div id=\"attachment_9915\" style=\"width: 955px\" class=\"wp-caption aligncenter\"><img loading=\"lazy\" decoding=\"async\" aria-describedby=\"caption-attachment-9915\" class=\"size-full wp-image-9915\" src=\"http:\/\/www.girosgourmet.com.br\/wp-content\/uploads\/2019\/09\/HERCULES-GOMES_credito-riba-dantas-C\u00f3pia.jpg\" alt=\"\" width=\"945\" height=\"1417\" srcset=\"http:\/\/www.girosgourmet.com.br\/wp-content\/uploads\/2019\/09\/HERCULES-GOMES_credito-riba-dantas-C\u00f3pia.jpg 945w, http:\/\/www.girosgourmet.com.br\/wp-content\/uploads\/2019\/09\/HERCULES-GOMES_credito-riba-dantas-C\u00f3pia-200x300.jpg 200w, http:\/\/www.girosgourmet.com.br\/wp-content\/uploads\/2019\/09\/HERCULES-GOMES_credito-riba-dantas-C\u00f3pia-768x1152.jpg 768w, http:\/\/www.girosgourmet.com.br\/wp-content\/uploads\/2019\/09\/HERCULES-GOMES_credito-riba-dantas-C\u00f3pia-683x1024.jpg 683w\" sizes=\"auto, (max-width: 945px) 100vw, 945px\" \/><p id=\"caption-attachment-9915\" class=\"wp-caption-text\">Hercules Gomes<\/p><\/div>\n<p style=\"text-align: justify;\"><span style=\"color: #000000;\">Piano erudito e popular se encontram na noite da quinta-feira (19\/09) na Oca Cultural durante o concerto dos pianistas <strong>Cristian Budu e Hercules Gomes<\/strong>. O m\u00fasico capixaba Hercules Gomes, de 38 anos, apontado pela cr\u00edtica como um dos mais talentosos pianistas da atualidade, apresenta na Oca composi\u00e7\u00f5es de seu mais recente \u00e1lbum <em>No Tempo da Chiquinha<\/em>, em que celebra Chiquinha Gonzaga (1847-1935), a pianista brasileira que criou as bases do choro. Hercules demonstra influ\u00eancias de ritmos brasileiros, jazz e da m\u00fasica erudita, aliadas a uma t\u00e9cnica refinada<\/span><\/p>\n<p style=\"text-align: justify;\"><span style=\"color: #000000;\">Para o menu do encontro, a chef Raphaela Homem de Melo prop\u00f5e uma degusta\u00e7\u00e3o de finger foods, petiscos e caldinhos, como: <strong>Mandioca no Espeto com Manteiga e Queijo Coalho Gratinado, Polenta com Molho Pesto e Castanha-do-Par\u00e1, Caldinho de Feij\u00e3o com Cacha\u00e7a, Caldinho de Ab\u00f3bora com Leite de Coco, Curry e Gengibre, Tartar de Beterraba<\/strong>. \u00c1gua mineral (com e sem g\u00e1s) s\u00e3o cortesias da Oca nos dois eventos. Demais bebidas cobradas \u00e0 parte. No servi\u00e7o de bar, haver\u00e1, ainda, vinhos, cervejas e refrigerantes.<\/span><\/p>\n<p style=\"text-align: justify;\"><span style=\"color: #000000;\">\u00a0\u201cA Oca \u00e9 uma casa de eventos que nasceu com essa personalidade criativa e um DNA bem brasileiro, das lou\u00e7as que servimos ao mobili\u00e1rio de design nacional. H\u00e1 12 anos produzimos eventos de clientes, amigos e parceiros, corporativos e sociais. A Oca Cultural \u00e9 um selo propriet\u00e1rio nosso e tem a proposta de unir o melhor da m\u00fasica ao melhor da gastronomia\u201d, explica Angela Soares, s\u00f3cia da Oca Tupiniquim.<\/span><\/p>\n<p style=\"text-align: justify;\"><span style=\"color: #000000;\">E gente se v\u00ea por l\u00e1!<\/span><\/p>\n<p style=\"text-align: justify;\"><span style=\"color: #000000;\"><strong>Servi\u00e7o \u2013 Oca Cultural:<br \/>\n<\/strong><\/span><span style=\"color: #000000;\">Quando:<\/span><span style=\"color: #000000;\">&#8211; Dia 14\/09, s\u00e1bado, \u00e0s 22 horas &#8211; Ritchie, em Wild World\u00a0\u2013\u00a0The Songs of Cat Stevens. O jantar come\u00e7a \u00e0s 20h30.<br \/>\n<\/span><span style=\"color: #000000;\">Dia 19\/09, quinta, \u00e0s 20h30 \u2013 concertos de Cristian Budu e Hercules Gomes. O servi\u00e7o de jantar come\u00e7a \u00e0s 19h.<br \/>\n<\/span><span style=\"color: #000000; font-size: 1rem;\">Onde: Oca Tupiniquim (Rua Fradique Coutinho, 1379 &#8211; Vila Madalena, S\u00e3o Paulo, SP &#8211; CEP 05416-011)<br \/>\n<\/span><span style=\"color: #000000; font-size: 1rem;\">Vendas: <\/span><a style=\"font-size: 1rem;\" href=\"mailto:cultural@ocatupiniquim.com.br\">cultural@ocatupiniquim.com.br<\/a><span style=\"color: #000000; font-size: 1rem;\"> ou nos tels. 11 3031-7996 e 11 9 9939-8209.<br \/>\n<\/span><span style=\"color: #000000;\">Quanto: R$ 190 (couvert art\u00edstico, show + jantar), no dia 14\/09; R$ 70 (couvert art\u00edstico, show + menu de petiscos), no dia 19\/09. N\u00e3o aceita meia entrada.<br \/>\n<\/span><span style=\"color: #000000;\">Capacidade: 100 lugares.<br \/>\n<\/span><span style=\"color: #000000; font-size: 1rem;\">Possui \u00e1rea para fumantes: 40 lugares.<br \/>\n<\/span><span style=\"color: #000000; font-size: 1rem;\">Censura: livre.<br \/>\n<\/span><span style=\"color: #000000; font-size: 1rem;\">CC aceitos: Amex, Dinners, Elo, Mastercard, Visa.<br \/>\n<\/span><span style=\"color: #000000; font-size: 1rem;\">CD aceitos: Amex, Dinners, Elo, Mastercard, Visa.<br \/>\n<\/span><span style=\"color: #000000; font-size: 1rem;\">N\u00e3o aceita cheques.<\/span><\/p>\n<iframe src=\"http:\/\/www.facebook.com\/plugins\/like.php?href=http:\/\/www.girosgourmet.com.br\/index.php\/oca-tupiniquim-reune-musica-e-gastronomia-no-mes-de-setembro\/&amp;layout=standard&amp;show_faces=1&amp;width=450&amp;action=like&amp;colorscheme=light&amp;font=\" scrolling=\"no\" frameborder=\"0\" style=\"border:none; overflow:hidden; width:450px; height:60px\"><\/iframe>","protected":false},"excerpt":{"rendered":"<p>Do pop ao cl\u00e1ssico, do rock ao choro, do folk ao erudito. Noites de puras misturas. Esse \u00e9 o clima, no m\u00eas de setembro, na Oca Tupiniquim, na Vila Madalena, em S\u00e3o Paulo. A tradicional casa de eventos lan\u00e7a o projeto Oca Cultural, selo que vai reunir o melhor da [&hellip;]<\/p>\n","protected":false},"author":3,"featured_media":0,"comment_status":"open","ping_status":"closed","sticky":false,"template":"","format":"standard","meta":{"footnotes":""},"categories":[40,39],"tags":[213,2330,2331,123,467],"class_list":["post-9912","post","type-post","status-publish","format-standard","hentry","category-culturamodabelezabem-estar","category-gastronomia","tag-musica","tag-oca-tupiniquim","tag-ritchie","tag-show","tag-vila-madalena"],"_links":{"self":[{"href":"http:\/\/www.girosgourmet.com.br\/index.php\/wp-json\/wp\/v2\/posts\/9912","targetHints":{"allow":["GET"]}}],"collection":[{"href":"http:\/\/www.girosgourmet.com.br\/index.php\/wp-json\/wp\/v2\/posts"}],"about":[{"href":"http:\/\/www.girosgourmet.com.br\/index.php\/wp-json\/wp\/v2\/types\/post"}],"author":[{"embeddable":true,"href":"http:\/\/www.girosgourmet.com.br\/index.php\/wp-json\/wp\/v2\/users\/3"}],"replies":[{"embeddable":true,"href":"http:\/\/www.girosgourmet.com.br\/index.php\/wp-json\/wp\/v2\/comments?post=9912"}],"version-history":[{"count":1,"href":"http:\/\/www.girosgourmet.com.br\/index.php\/wp-json\/wp\/v2\/posts\/9912\/revisions"}],"predecessor-version":[{"id":9916,"href":"http:\/\/www.girosgourmet.com.br\/index.php\/wp-json\/wp\/v2\/posts\/9912\/revisions\/9916"}],"wp:attachment":[{"href":"http:\/\/www.girosgourmet.com.br\/index.php\/wp-json\/wp\/v2\/media?parent=9912"}],"wp:term":[{"taxonomy":"category","embeddable":true,"href":"http:\/\/www.girosgourmet.com.br\/index.php\/wp-json\/wp\/v2\/categories?post=9912"},{"taxonomy":"post_tag","embeddable":true,"href":"http:\/\/www.girosgourmet.com.br\/index.php\/wp-json\/wp\/v2\/tags?post=9912"}],"curies":[{"name":"wp","href":"https:\/\/api.w.org\/{rel}","templated":true}]}}