{"id":9894,"date":"2019-09-02T15:05:49","date_gmt":"2019-09-02T18:05:49","guid":{"rendered":"http:\/\/www.girosgourmet.com.br\/?p=9894"},"modified":"2019-09-02T15:05:49","modified_gmt":"2019-09-02T18:05:49","slug":"festival-de-cultura-e-gastronomia-traz-chefs-chilenos-para-gramado","status":"publish","type":"post","link":"http:\/\/www.girosgourmet.com.br\/index.php\/festival-de-cultura-e-gastronomia-traz-chefs-chilenos-para-gramado\/","title":{"rendered":"Festival de Cultura e Gastronomia traz chefs chilenos para Gramado."},"content":{"rendered":"<p><img loading=\"lazy\" decoding=\"async\" class=\"aligncenter size-full wp-image-9895\" src=\"http:\/\/www.girosgourmet.com.br\/wp-content\/uploads\/2019\/09\/Gramado.png\" alt=\"\" width=\"483\" height=\"367\" srcset=\"http:\/\/www.girosgourmet.com.br\/wp-content\/uploads\/2019\/09\/Gramado.png 483w, http:\/\/www.girosgourmet.com.br\/wp-content\/uploads\/2019\/09\/Gramado-300x228.png 300w\" sizes=\"auto, (max-width: 483px) 100vw, 483px\" \/><\/p>\n<p style=\"text-align: justify;\">Esta de viagem marcada para o SUL? Uma boa oportunidade para conhecer o\u00a0<strong>11\u00ba Festival de Cultura e Gastronomia de Gramado, <\/strong>que<strong>\u00a0<\/strong>acontece entre os dias <strong>05 a<\/strong>\u00a0<strong>22 de setembro<\/strong> e contar\u00e1 com bancas de comida de rua, festins, shows musicais, cursos e oficinas na Cozinha Experimental.<\/p>\n<p style=\"text-align: justify;\">Uma a\u00e7\u00e3o legal que vai rolar durante o festival, acontecer\u00e1 no\u00a0<strong>Castelo Saint Andrews<\/strong>, que ir\u00e1\u00a0receber os chefs <strong>Giuliano Olmos<\/strong> e <span style=\"font-size: 14px; font-family: verdana, geneva;\"><strong>Jorge Ruiz<\/strong>, do restaurante <strong>Domus Mare<\/strong>, em <strong>Vi\u00f1a del Mar<\/strong>, no Chile, para um jantar especial no <\/span><span style=\"font-size: 14px; font-family: verdana, geneva;\">dia <strong>12 de setembro<\/strong> (quinta-feira), a partir das <strong>20h<\/strong>.\u00a0<\/span><\/p>\n<p style=\"text-align: justify;\">Os chefs escolhidos para o jantar s\u00e3o conhecidos pela culin\u00e1ria particular e influ\u00eancias da cozinha mediterr\u00e2nea, al\u00e9m de bases na tradicional cozinha italiana, uma das mais saborosas do <span style=\"font-size: 14px; font-family: verdana, geneva;\">planeta. Ambos combinar\u00e3o t\u00e9cnicas de mais de 20 anos de experi\u00eancia com temperos <\/span><span style=\"font-size: 14px; font-family: verdana, geneva;\">contempor\u00e2neos inigual\u00e1veis.<\/span><\/p>\n<p style=\"text-align: justify;\">T<span style=\"font-size: 14px; font-family: verdana, geneva;\">odo o jantar ser\u00e1 harmonizado com r\u00f3tulos de tradicionais vinhos chilenos, como Cava Don <\/span>Roman Semi Sec, Montes Chardonnay Reserva 2017, Montes Sauvignon Blanc Reserva 2018, entre outros. No card\u00e1pio, tartar de vieiras, bacalhau, esferas de camar\u00e3o, costela e deliciosas <span style=\"font-size: 14px; font-family: verdana, geneva;\">sobremesas.<\/span><\/p>\n<p style=\"text-align: justify;\">Os convites custam <strong>R$ 350<\/strong> por pessoa e podem ser adquiridos diretamente no hotel. A <span style=\"font-size: 14px; font-family: verdana, geneva;\">programa\u00e7\u00e3o completa est\u00e1 \u00e0 disposi\u00e7\u00e3o nas redes sociais do festival <em>@festivaldegastronomia<\/em>.\u00a0<\/span><\/p>\n<p style=\"text-align: justify;\"><span style=\"font-size: 14px; font-family: verdana, geneva;\"><strong>D\u00e1 uma olhada no menu completo:<\/strong><br \/>\n<\/span><br \/>\n<span style=\"font-size: 14px; font-family: verdana, geneva;\">Torta de lim\u00e3o e sabl\u00e9 de cacau<\/span><br \/>\nCava Don Roman Semi Sec<br \/>\n<span style=\"font-size: 14px; font-family: verdana, geneva;\">***<\/span><br \/>\n<span style=\"font-size: 14px; font-family: verdana, geneva;\">Tartar de vieiras e manga com texturas de beterraba<\/span><br \/>\n<span style=\"font-size: 14px; font-family: verdana, geneva;\">Montes Chardonnay Reserva 2017<\/span><br \/>\n<span style=\"font-size: 14px; font-family: verdana, geneva;\">***<\/span><br \/>\n<span style=\"font-size: 14px; font-family: verdana, geneva;\">Esfera de camar\u00e3o e quinoa ao pesto de piment\u00f5es<\/span><br \/>\n<span style=\"font-size: 14px; font-family: verdana, geneva;\">Montes Sauvignon Blanc Reserva 2018<\/span><br \/>\n<span style=\"font-size: 14px; font-family: verdana, geneva;\">***<\/span><br \/>\n<span style=\"font-size: 14px; font-family: verdana, geneva;\">Bacalhau no sous vide e glace de laranja e vegetais da esta\u00e7\u00e3o<\/span><br \/>\n<span style=\"font-size: 14px; font-family: verdana, geneva;\">Montes Selecci\u00f3n Limitada Pinot Noir 2016<\/span><br \/>\n<span style=\"font-size: 14px; font-family: verdana, geneva;\">***<\/span><br \/>\n<span style=\"font-size: 14px; font-family: verdana, geneva;\">Costela braseada ao vinho carm\u00e9n\u00e8re com batatas confit e cogumelos silvestres<\/span><br \/>\n<span style=\"font-size: 14px; font-family: verdana, geneva;\">Montes<\/span><\/p>\n<p>Selecci\u00f3n Limitada Cabernet\/Carmen\u00e9re<br \/>\n<span style=\"font-size: 14px; font-family: verdana, geneva;\">***<\/span><br \/>\n<span style=\"font-size: 14px; font-family: verdana, geneva;\">Creme de chocolate 60% cacau com ragu e sorvete tropical<\/span><br \/>\n<span style=\"font-size: 14px; font-family: verdana, geneva;\">Jerez Premium Cream<\/span><br \/>\n<span style=\"font-size: 14px; font-family: verdana, geneva;\">***<\/span><\/p>\n<p>Se voc\u00ea deseja tamb\u00e9m se hospedar no Castelo Saint Andrews, ligue: (54) 3295-7700 ou envie um e-mail para: reservas@saintandrews.com.br.<\/p>\n<iframe src=\"http:\/\/www.facebook.com\/plugins\/like.php?href=http:\/\/www.girosgourmet.com.br\/index.php\/festival-de-cultura-e-gastronomia-traz-chefs-chilenos-para-gramado\/&amp;layout=standard&amp;show_faces=1&amp;width=450&amp;action=like&amp;colorscheme=light&amp;font=\" scrolling=\"no\" frameborder=\"0\" style=\"border:none; overflow:hidden; width:450px; height:60px\"><\/iframe>","protected":false},"excerpt":{"rendered":"<p>Esta de viagem marcada para o SUL? Uma boa oportunidade para conhecer o\u00a011\u00ba Festival de Cultura e Gastronomia de Gramado, que\u00a0acontece entre os dias 05 a\u00a022 de setembro e contar\u00e1 com bancas de comida de rua, festins, shows musicais, cursos e oficinas na Cozinha Experimental. Uma a\u00e7\u00e3o legal que vai [&hellip;]<\/p>\n","protected":false},"author":3,"featured_media":0,"comment_status":"open","ping_status":"closed","sticky":false,"template":"","format":"standard","meta":{"footnotes":""},"categories":[39,41],"tags":[2326,2327,1285],"class_list":["post-9894","post","type-post","status-publish","format-standard","hentry","category-gastronomia","category-viagens","tag-11o-festival-de-cultura-e-gastronomia-de-gramado","tag-castelo-saint-andrews","tag-gramado"],"_links":{"self":[{"href":"http:\/\/www.girosgourmet.com.br\/index.php\/wp-json\/wp\/v2\/posts\/9894","targetHints":{"allow":["GET"]}}],"collection":[{"href":"http:\/\/www.girosgourmet.com.br\/index.php\/wp-json\/wp\/v2\/posts"}],"about":[{"href":"http:\/\/www.girosgourmet.com.br\/index.php\/wp-json\/wp\/v2\/types\/post"}],"author":[{"embeddable":true,"href":"http:\/\/www.girosgourmet.com.br\/index.php\/wp-json\/wp\/v2\/users\/3"}],"replies":[{"embeddable":true,"href":"http:\/\/www.girosgourmet.com.br\/index.php\/wp-json\/wp\/v2\/comments?post=9894"}],"version-history":[{"count":2,"href":"http:\/\/www.girosgourmet.com.br\/index.php\/wp-json\/wp\/v2\/posts\/9894\/revisions"}],"predecessor-version":[{"id":9897,"href":"http:\/\/www.girosgourmet.com.br\/index.php\/wp-json\/wp\/v2\/posts\/9894\/revisions\/9897"}],"wp:attachment":[{"href":"http:\/\/www.girosgourmet.com.br\/index.php\/wp-json\/wp\/v2\/media?parent=9894"}],"wp:term":[{"taxonomy":"category","embeddable":true,"href":"http:\/\/www.girosgourmet.com.br\/index.php\/wp-json\/wp\/v2\/categories?post=9894"},{"taxonomy":"post_tag","embeddable":true,"href":"http:\/\/www.girosgourmet.com.br\/index.php\/wp-json\/wp\/v2\/tags?post=9894"}],"curies":[{"name":"wp","href":"https:\/\/api.w.org\/{rel}","templated":true}]}}