{"id":988,"date":"2010-10-15T00:01:33","date_gmt":"2010-10-15T03:01:33","guid":{"rendered":"http:\/\/www.closetonline.com.br\/blogcarla\/?p=988"},"modified":"2011-10-26T20:52:48","modified_gmt":"2011-10-26T23:52:48","slug":"exposicao-fashionista-obrigatoria","status":"publish","type":"post","link":"http:\/\/www.girosgourmet.com.br\/index.php\/exposicao-fashionista-obrigatoria\/","title":{"rendered":"Exposi\u00e7\u00e3o Fashionista Obrigat\u00f3ria: A Moda Brasileira da Cabe\u00e7a aos P\u00e9s."},"content":{"rendered":"<p style=\"text-align: justify;\">O Post de hoje chega tarde, mas por um bom motivo&#8230;..e logo saber\u00e3o o porque&#8230; Acabei de chegar extasiada de uma exposi\u00e7\u00e3o quase que obrigat\u00f3ria para os amantes da moda e da fotografia. O MUBE em SP est\u00e1 oferecendo aos lindos olhos de n\u00f3s pobres mortais, um passeio fotogr\u00e1fico pela moda brasileira dos \u00faltimos 30 anos&#8230;A exposi\u00e7\u00e3o intitulada \u201cFl\u00e1vio de Carvalho desveste a Moda da Cabe\u00e7a aos P\u00e9s\u201d&#8230;.foi composta pelos textos magn\u00edficos do artista Fl\u00e1vio de Carvalho com fotos de grandes editoriais de moda. E desta rica uni\u00e3o surgiu um bel\u00edssimo trabalho&#8230;.para quem desconhece a biografia deste magn\u00edfico pensador, Flavio (1899- 1973), foi um grande artista pl\u00e1stico, arquiteto, desenhista&#8230;.ou seja ele de fato era um multi-men&#8230;rs e o primeiro brasileiro a estudar a rela\u00e7\u00e3o entre moda e as mudan\u00e7as sociais, a partir dos anos 1930 at\u00e9 1950.<\/p>\n<p style=\"text-align: justify;\">Os artigos para compor esta exposi\u00e7\u00e3o foram textos que eram publicados semanalmente no suplemento feminino do Di\u00e1rio de S\u00e3o Paulo entre mar\u00e7o e outubro de 1956&#8230;rs&#8230;.este homem s\u00f3 podia ser (n\u00e3o sei estou chutando!) um aquariano&#8230;.porque ele estava anos \u00e0 frente de sua \u00e9poca&#8230;.e para ter esta certeza, basta ler suas escritas&#8230; na medida que eu lia, eu achava aquilo tudo t\u00e3o atual!<\/p>\n<p style=\"text-align: center;\">\u00a0<a href=\"http:\/\/www.closetonline.com.br\/blogcarla\/wp-content\/uploads\/2010\/10\/exposicaoMuBE.jpg\"><img loading=\"lazy\" decoding=\"async\" class=\"alignnone size-medium wp-image-989\" title=\"_exposicaoMuBE\" src=\"http:\/\/www.closetonline.com.br\/blogcarla\/wp-content\/uploads\/2010\/10\/exposicaoMuBE-300x300.jpg\" alt=\"\" width=\"300\" height=\"300\" srcset=\"http:\/\/www.girosgourmet.com.br\/wp-content\/uploads\/2010\/10\/exposicaoMuBE-300x300.jpg 300w, http:\/\/www.girosgourmet.com.br\/wp-content\/uploads\/2010\/10\/exposicaoMuBE-150x150.jpg 150w, http:\/\/www.girosgourmet.com.br\/wp-content\/uploads\/2010\/10\/exposicaoMuBE.jpg 320w\" sizes=\"auto, (max-width: 300px) 100vw, 300px\" \/><\/a><\/p>\n<p style=\"text-align: justify;\">Os temas est\u00e3o ligados \u00e0s partes do corpo: da cabe\u00e7a aos p\u00e9s&#8230; Cada\u00a0assunto \u00e9 representado por um conjunto de imagens, que enfatiza aspectos que se repetem nos \u00faltimos 30 anos e outros que s\u00e3o de momentos isolados&#8230;.fornecendo aos visitantes chaves de leitura para que se possa olhar cada imagem de forma mais compreensiva&#8230;.<\/p>\n<p style=\"text-align: justify;\">Ficou empolgado (a) ? Pois ent\u00e3o,\u00a0darei mais subsidios para que voc\u00ea fique totalmente euf\u00f3rico (a)..afinal um dos propositos deste blog \u00e9 motivar as pessoas&#8230;hahahaha&#8230;.voc\u00ea encontrar\u00e1 cerca de 200 imagens, todas extra\u00eddas de um acervo dos deuses&#8230;.imagens de Bob Wolfenson, Gui Paganini, Jacques Dequeker, V\u00e2nia Toledo, Thelma Vila Boas, entre outros&#8230;ou seja somente gente de 1\u00b0 patamar master profissional&#8230;..detalhe como ficou harmonioso textos dos anos 50 com fotos das d\u00e9cadas de 80, 90, e 2000&#8230;. isto para mim nada mais \u00e9 do que prova viva de que o mundo vai e vem como as ondas do mar&#8230;&#8230;<\/p>\n<p style=\"text-align: center;\">\u00a0<a href=\"http:\/\/www.closetonline.com.br\/blogcarla\/wp-content\/uploads\/2010\/10\/mube2.jpg\"><img loading=\"lazy\" decoding=\"async\" class=\"alignnone size-medium wp-image-990\" title=\"_mube2\" src=\"http:\/\/www.closetonline.com.br\/blogcarla\/wp-content\/uploads\/2010\/10\/mube2-253x300.jpg\" alt=\"\" width=\"253\" height=\"300\" srcset=\"http:\/\/www.girosgourmet.com.br\/wp-content\/uploads\/2010\/10\/mube2-253x300.jpg 253w, http:\/\/www.girosgourmet.com.br\/wp-content\/uploads\/2010\/10\/mube2-126x150.jpg 126w, http:\/\/www.girosgourmet.com.br\/wp-content\/uploads\/2010\/10\/mube2.jpg 540w\" sizes=\"auto, (max-width: 253px) 100vw, 253px\" \/><\/a><\/p>\n<p style=\"text-align: justify;\">A curadoria \u00e9 de Mariana Lanari e Agnaldo Farias, tamb\u00e9m respons\u00e1vel pela 39\u00aa Bienal de artes de S\u00e3o Paulo. A exposi\u00e7\u00e3o \u00e9 uma \u00f3tima op\u00e7\u00e3o de passeio para toda a fam\u00edlia de bom gosto, of course!<\/p>\n<p style=\"text-align: justify;\">Meus caros leitores, se seus olhinhos cansados est\u00e3o com necessidade de ver o belo, o fashion e novas abordagens do tema MODA&#8230;.ent\u00e3o eu te darei um norte com endere\u00e7o certo&#8230;V\u00e1 ao MUBE e tenha um dia feliz! Esta humilde redatora super recomenda&#8230;.e quer saber o melhor de tudo?! Esta felicidade sair\u00e1 de gra\u00e7a! Rs&#8230;&#8230;.corram!<\/p>\n<p style=\"text-align: center;\">\u00a0<a href=\"http:\/\/www.closetonline.com.br\/blogcarla\/wp-content\/uploads\/2010\/10\/mube1.jpg\"><img loading=\"lazy\" decoding=\"async\" class=\"alignnone size-medium wp-image-991\" title=\"_mube1\" src=\"http:\/\/www.closetonline.com.br\/blogcarla\/wp-content\/uploads\/2010\/10\/mube1-300x225.jpg\" alt=\"\" width=\"300\" height=\"225\" srcset=\"http:\/\/www.girosgourmet.com.br\/wp-content\/uploads\/2010\/10\/mube1-300x225.jpg 300w, http:\/\/www.girosgourmet.com.br\/wp-content\/uploads\/2010\/10\/mube1-150x112.jpg 150w, http:\/\/www.girosgourmet.com.br\/wp-content\/uploads\/2010\/10\/mube1.jpg 720w\" sizes=\"auto, (max-width: 300px) 100vw, 300px\" \/><\/a><\/p>\n<p><strong>MuBE &#8211; <\/strong><em>Museu Brasileiro da Escultura <\/em><\/p>\n<p><strong>14\/10 a 14\/11<\/strong><br \/>\nAv. Europa, 218 &#8211; S\u00e3o Paulo &#8211; Brasil<br \/>\nDe ter\u00e7a a domingo das 10:00 as 19:00 hrs<br \/>\n11 2594-2601 &#8211; <a href=\"mailto:mube@mube.art.br\">mube@mube.art.br<\/a><\/p>\n<iframe src=\"http:\/\/www.facebook.com\/plugins\/like.php?href=http:\/\/www.girosgourmet.com.br\/index.php\/exposicao-fashionista-obrigatoria\/&amp;layout=standard&amp;show_faces=1&amp;width=450&amp;action=like&amp;colorscheme=light&amp;font=\" scrolling=\"no\" frameborder=\"0\" style=\"border:none; overflow:hidden; width:450px; height:60px\"><\/iframe>","protected":false},"excerpt":{"rendered":"<p>O Post de hoje chega tarde, mas por um bom motivo&#8230;..e logo saber\u00e3o o porque&#8230; Acabei de chegar extasiada de uma exposi\u00e7\u00e3o quase que obrigat\u00f3ria para os amantes da moda e da fotografia. O MUBE em SP est\u00e1 oferecendo aos lindos olhos de n\u00f3s pobres mortais, um passeio fotogr\u00e1fico pela [&hellip;]<\/p>\n","protected":false},"author":3,"featured_media":0,"comment_status":"open","ping_status":"open","sticky":false,"template":"","format":"standard","meta":{"footnotes":""},"categories":[40],"tags":[617,298,616,446],"class_list":["post-988","post","type-post","status-publish","format-standard","hentry","category-culturamodabelezabem-estar","tag-flavio-de-carvalho","tag-fotografia","tag-moda-brasileira","tag-mube"],"_links":{"self":[{"href":"http:\/\/www.girosgourmet.com.br\/index.php\/wp-json\/wp\/v2\/posts\/988","targetHints":{"allow":["GET"]}}],"collection":[{"href":"http:\/\/www.girosgourmet.com.br\/index.php\/wp-json\/wp\/v2\/posts"}],"about":[{"href":"http:\/\/www.girosgourmet.com.br\/index.php\/wp-json\/wp\/v2\/types\/post"}],"author":[{"embeddable":true,"href":"http:\/\/www.girosgourmet.com.br\/index.php\/wp-json\/wp\/v2\/users\/3"}],"replies":[{"embeddable":true,"href":"http:\/\/www.girosgourmet.com.br\/index.php\/wp-json\/wp\/v2\/comments?post=988"}],"version-history":[{"count":5,"href":"http:\/\/www.girosgourmet.com.br\/index.php\/wp-json\/wp\/v2\/posts\/988\/revisions"}],"predecessor-version":[{"id":993,"href":"http:\/\/www.girosgourmet.com.br\/index.php\/wp-json\/wp\/v2\/posts\/988\/revisions\/993"}],"wp:attachment":[{"href":"http:\/\/www.girosgourmet.com.br\/index.php\/wp-json\/wp\/v2\/media?parent=988"}],"wp:term":[{"taxonomy":"category","embeddable":true,"href":"http:\/\/www.girosgourmet.com.br\/index.php\/wp-json\/wp\/v2\/categories?post=988"},{"taxonomy":"post_tag","embeddable":true,"href":"http:\/\/www.girosgourmet.com.br\/index.php\/wp-json\/wp\/v2\/tags?post=988"}],"curies":[{"name":"wp","href":"https:\/\/api.w.org\/{rel}","templated":true}]}}