{"id":972,"date":"2010-10-11T21:34:18","date_gmt":"2010-10-12T00:34:18","guid":{"rendered":"http:\/\/www.closetonline.com.br\/blogcarla\/?p=972"},"modified":"2011-10-26T20:59:19","modified_gmt":"2011-10-26T23:59:19","slug":"dia-das-criancas-e-dia-de-dicas-e-poesias","status":"publish","type":"post","link":"http:\/\/www.girosgourmet.com.br\/index.php\/dia-das-criancas-e-dia-de-dicas-e-poesias\/","title":{"rendered":"Dicas Gastronomica para o Dia das Crian\u00e7as"},"content":{"rendered":"<p style=\"text-align: justify;\">Pessoas queridas, amanh\u00e3 \u00e9 dia das crian\u00e7as e da padroeira do Brasil&#8230;&#8230;.uma data muito importante para a maioria e alegre, cheia de brincadeiras e presentes&#8230;eu tenho 3 sobrinhos ador\u00e1veis e nesta data querida eu procuro mim\u00e1-los o m\u00e1ximo que consigo&#8230;.em SP alguns restaurantes estar\u00e3o criando op\u00e7\u00f5es para entreter os baixinhos, para que a galera mais velha ( n\u00f3s&#8230;..rs) possamos comer em paz&#8230;.segue alguns endere\u00e7os<\/p>\n<p style=\"text-align: justify;\">O japa <strong><span style=\"text-decoration: underline;\"><a href=\"http:\/\/www.nakombi.com.br\/\"><span style=\"color: #0000ff;\">NAKOMBI<\/span><\/a><\/span><\/strong>, criou um clima circense digno de um circo de soleil&#8230;rs&#8230;.a decora\u00e7\u00e3o lembra um picadeiro com fitas coloridas e palha\u00e7os espalhado no local. Pinturas faciais e outras atividades rolam neste dia especial&#8230;e um menu infantil foi preparado especialmente para a crian\u00e7ada&#8230;e o mais bacana, a cada menu infantil vendido, R$ 1,00 ser\u00e1 revertido para a Casa do Zezinho, ONG que auxilia e incentiva as crian\u00e7as e jovens da comunidade do Cap\u00e3o Redondo a terem um futuro melhor&#8230;.<\/p>\n<p style=\"text-align: justify;\">No restaurante <a href=\"http:\/\/www.chacarasantacecilia.com.br\/2009\/index.html\"><strong><span style=\"color: #0000ff;\">Ch\u00e1cara Santa Cec\u00edlia<\/span><\/strong> <\/a>o Dia das Crian\u00e7as ganhar\u00e1 show de m\u00e1gica e atividades infantis diferenciadas\u00a0 dentro do projeto infantil\u00a0 \u201cRecrea\u00e7\u00e3o com Educa\u00e7\u00e3o Ambiental\u201d e tamb\u00e9m rola card\u00e1pio exclusivo para a crian\u00e7ada&#8230;..<\/p>\n<p style=\"text-align: justify;\">Pessoas queridas&#8230;.deixemos nossa crian\u00e7a interior amanh\u00e3 vir \u00e0 tona..e que a gente consiga ouvir a crian\u00e7a que continua em cada um, entendendo seu modo de ser e de agir..hoje aos meus 36 anos, sinto saudade imensa do tempo de menina&#8230;porque ser crian\u00e7a \u00e9 brincar, correr e viver feliz!<\/p>\n<p style=\"text-align: justify;\">E que, bem velhinha, na hora de deixar a Terra, eu ainda possa dizer a quem disser que fui boba:Fui boba, mas fui feliz ! Bem mais boba \u00e9 quem me diz !<\/p>\n<p>Beijos com sabor de algod\u00e3o doce!<\/p>\n<p style=\"text-align: justify;\">PS- dedico o post de hoje a todas as crian\u00e7as, em especial aos 3 fofos que mudaram completamente a minha vida e me tornaram uma pessoa melhor; Andr\u00e9, Artur e Clara..a Titia ama voc\u00eas todos os dias!<\/p>\n<p>\u00a0<\/p>\n<p style=\"text-align: center;\">\u00a0<\/p>\n<div id=\"attachment_973\" style=\"width: 310px\" class=\"wp-caption aligncenter\"><a href=\"http:\/\/www.closetonline.com.br\/blogcarla\/wp-content\/uploads\/2010\/10\/cria1.jpg\"><img loading=\"lazy\" decoding=\"async\" aria-describedby=\"caption-attachment-973\" class=\"size-medium wp-image-973\" title=\"_cria\" src=\"http:\/\/www.closetonline.com.br\/blogcarla\/wp-content\/uploads\/2010\/10\/cria1-300x225.jpg\" alt=\"\" width=\"300\" height=\"225\" srcset=\"http:\/\/www.girosgourmet.com.br\/wp-content\/uploads\/2010\/10\/cria1-300x225.jpg 300w, http:\/\/www.girosgourmet.com.br\/wp-content\/uploads\/2010\/10\/cria1-150x112.jpg 150w, http:\/\/www.girosgourmet.com.br\/wp-content\/uploads\/2010\/10\/cria1.jpg 800w\" sizes=\"auto, (max-width: 300px) 100vw, 300px\" \/><\/a><p id=\"caption-attachment-973\" class=\"wp-caption-text\">Clara, Arthur e Andr\u00e9<\/p><\/div>\n<iframe src=\"http:\/\/www.facebook.com\/plugins\/like.php?href=http:\/\/www.girosgourmet.com.br\/index.php\/dia-das-criancas-e-dia-de-dicas-e-poesias\/&amp;layout=standard&amp;show_faces=1&amp;width=450&amp;action=like&amp;colorscheme=light&amp;font=\" scrolling=\"no\" frameborder=\"0\" style=\"border:none; overflow:hidden; width:450px; height:60px\"><\/iframe>","protected":false},"excerpt":{"rendered":"<p>Pessoas queridas, amanh\u00e3 \u00e9 dia das crian\u00e7as e da padroeira do Brasil&#8230;&#8230;.uma data muito importante para a maioria e alegre, cheia de brincadeiras e presentes&#8230;eu tenho 3 sobrinhos ador\u00e1veis e nesta data querida eu procuro mim\u00e1-los o m\u00e1ximo que consigo&#8230;.em SP alguns restaurantes estar\u00e3o criando op\u00e7\u00f5es para entreter os baixinhos, [&hellip;]<\/p>\n","protected":false},"author":3,"featured_media":0,"comment_status":"open","ping_status":"open","sticky":false,"template":"","format":"standard","meta":{"footnotes":""},"categories":[39],"tags":[621,380,620],"class_list":["post-972","post","type-post","status-publish","format-standard","hentry","category-gastronomia","tag-chacara-santa-cecilia","tag-dia-das-criancas","tag-nakombi"],"_links":{"self":[{"href":"http:\/\/www.girosgourmet.com.br\/index.php\/wp-json\/wp\/v2\/posts\/972","targetHints":{"allow":["GET"]}}],"collection":[{"href":"http:\/\/www.girosgourmet.com.br\/index.php\/wp-json\/wp\/v2\/posts"}],"about":[{"href":"http:\/\/www.girosgourmet.com.br\/index.php\/wp-json\/wp\/v2\/types\/post"}],"author":[{"embeddable":true,"href":"http:\/\/www.girosgourmet.com.br\/index.php\/wp-json\/wp\/v2\/users\/3"}],"replies":[{"embeddable":true,"href":"http:\/\/www.girosgourmet.com.br\/index.php\/wp-json\/wp\/v2\/comments?post=972"}],"version-history":[{"count":3,"href":"http:\/\/www.girosgourmet.com.br\/index.php\/wp-json\/wp\/v2\/posts\/972\/revisions"}],"predecessor-version":[{"id":2810,"href":"http:\/\/www.girosgourmet.com.br\/index.php\/wp-json\/wp\/v2\/posts\/972\/revisions\/2810"}],"wp:attachment":[{"href":"http:\/\/www.girosgourmet.com.br\/index.php\/wp-json\/wp\/v2\/media?parent=972"}],"wp:term":[{"taxonomy":"category","embeddable":true,"href":"http:\/\/www.girosgourmet.com.br\/index.php\/wp-json\/wp\/v2\/categories?post=972"},{"taxonomy":"post_tag","embeddable":true,"href":"http:\/\/www.girosgourmet.com.br\/index.php\/wp-json\/wp\/v2\/tags?post=972"}],"curies":[{"name":"wp","href":"https:\/\/api.w.org\/{rel}","templated":true}]}}