{"id":952,"date":"2010-10-09T14:42:45","date_gmt":"2010-10-09T17:42:45","guid":{"rendered":"http:\/\/www.closetonline.com.br\/blogcarla\/?p=952"},"modified":"2011-10-26T21:07:24","modified_gmt":"2011-10-27T00:07:24","slug":"um-lugar-chamado-dry","status":"publish","type":"post","link":"http:\/\/www.girosgourmet.com.br\/index.php\/um-lugar-chamado-dry\/","title":{"rendered":"Um lugar chamado Dry&#8230;&#8230;"},"content":{"rendered":"<p style=\"text-align: justify;\">Na \u00faltima quinta feira (07), eu e um pequeno grupo closetiano (Ceci, Juju e Marquinhos) resolvemos marcar um encontro no Dry, para prestigiar o amigo\/dj\/jornalista Haroldo Pereira Jr., porque meus queridos se algu\u00e9m na fase da terra,\u00a0sabe comandar as pick-ups de um jeito absolutamente perfeito para meus ouvidos, esta pessoa \u00e9 ele&#8230;.em poucas horas eu entro em total nostalgia, relembrando anos de auge da minha pr\u00f3pria vitalidade, do tipo; quando se acabar numa pista de dan\u00e7a era assim \u201cFa\u00e7o isso todas as noites\u201d&#8230;.rs&#8230;..<\/p>\n<div id=\"attachment_953\" style=\"width: 210px\" class=\"wp-caption aligncenter\"><a href=\"http:\/\/www.closetonline.com.br\/blogcarla\/wp-content\/uploads\/2010\/10\/dry-h.jpg\"><img loading=\"lazy\" decoding=\"async\" aria-describedby=\"caption-attachment-953\" class=\"size-medium wp-image-953\" title=\"_dry h\" src=\"http:\/\/www.closetonline.com.br\/blogcarla\/wp-content\/uploads\/2010\/10\/dry-h-200x300.jpg\" alt=\"\" width=\"200\" height=\"300\" srcset=\"http:\/\/www.girosgourmet.com.br\/wp-content\/uploads\/2010\/10\/dry-h-200x300.jpg 200w, http:\/\/www.girosgourmet.com.br\/wp-content\/uploads\/2010\/10\/dry-h-100x150.jpg 100w, http:\/\/www.girosgourmet.com.br\/wp-content\/uploads\/2010\/10\/dry-h.jpg 403w\" sizes=\"auto, (max-width: 200px) 100vw, 200px\" \/><\/a><p id=\"caption-attachment-953\" class=\"wp-caption-text\">Eu com o melhor DJ do mundo! Haroldo Pereira Jr<\/p><\/div>\n<p style=\"text-align: justify;\">O Dry foi aberto em 2008, e \u00e9 dedicado a um p\u00fablico adulto, seleto e exigente, que gosta de um bom drink e uma boa m\u00fasica&#8230;..Este espa\u00e7o tem uma super pegada nova-iorquina; de um lado, 166 lumin\u00e1rias provocam uma ilumina\u00e7\u00e3o intimista e muito agrad\u00e1vel aos olhos&#8230;por outro milhares de bolas de bilhar criam efeitos visualmente interessantes.<\/p>\n<p style=\"text-align: center;\"><a href=\"http:\/\/www.closetonline.com.br\/blogcarla\/wp-content\/uploads\/2010\/10\/dry.jpg\"><img loading=\"lazy\" decoding=\"async\" class=\"alignnone size-medium wp-image-954\" title=\"_dry\" src=\"http:\/\/www.closetonline.com.br\/blogcarla\/wp-content\/uploads\/2010\/10\/dry-300x233.jpg\" alt=\"\" width=\"300\" height=\"233\" srcset=\"http:\/\/www.girosgourmet.com.br\/wp-content\/uploads\/2010\/10\/dry-300x233.jpg 300w, http:\/\/www.girosgourmet.com.br\/wp-content\/uploads\/2010\/10\/dry-150x116.jpg 150w, http:\/\/www.girosgourmet.com.br\/wp-content\/uploads\/2010\/10\/dry.jpg 400w\" sizes=\"auto, (max-width: 300px) 100vw, 300px\" \/><\/a><\/p>\n<p style=\"text-align: justify;\">\u00a0Os drinks s\u00e3o mega bons (Os martinis s\u00e3o considerados os melhores da cidade) e o card\u00e1pio os acompanha harmoniosamente&#8230;.e detalhe para as mesas; todas foram personalizadas por artistas pl\u00e1sticos enolvidos diretamente com o projeto&#8230;.Ahhhhhhhh e mais uma observa\u00e7\u00e3o pessoal, o Dry \u00e9 o lugar perfeito para levar um pret\u00ea do tipo \u201cas escondidas\u201d, eu adoreiiiiiii e super recomendo!!<\/p>\n<div id=\"attachment_956\" style=\"width: 310px\" class=\"wp-caption aligncenter\"><a href=\"http:\/\/www.closetonline.com.br\/blogcarla\/wp-content\/uploads\/2010\/10\/dry11.jpg\"><img loading=\"lazy\" decoding=\"async\" aria-describedby=\"caption-attachment-956\" class=\"size-medium wp-image-956\" title=\"_dry1\" src=\"http:\/\/www.closetonline.com.br\/blogcarla\/wp-content\/uploads\/2010\/10\/dry11-300x225.jpg\" alt=\"\" width=\"300\" height=\"225\" srcset=\"http:\/\/www.girosgourmet.com.br\/wp-content\/uploads\/2010\/10\/dry11-300x225.jpg 300w, http:\/\/www.girosgourmet.com.br\/wp-content\/uploads\/2010\/10\/dry11-150x112.jpg 150w, http:\/\/www.girosgourmet.com.br\/wp-content\/uploads\/2010\/10\/dry11.jpg 604w\" sizes=\"auto, (max-width: 300px) 100vw, 300px\" \/><\/a><p id=\"caption-attachment-956\" class=\"wp-caption-text\">O trio<\/p><\/div>\n<p style=\"text-align: center;\">\u00a0<\/p>\n<p style=\"text-align: justify;\">Dry<br \/>\nAl. Padre Jo\u00e3o Manuel, 700<br \/>\n(esquina com Al Tiet\u00ea) \u2013 Jardins<br \/>\nTel: (11) 3729-6653<br \/>\n<a href=\"http:\/\/www.drybar.com.br\/\">www.drybar.com.br<\/a><\/p>\n<iframe src=\"http:\/\/www.facebook.com\/plugins\/like.php?href=http:\/\/www.girosgourmet.com.br\/index.php\/um-lugar-chamado-dry\/&amp;layout=standard&amp;show_faces=1&amp;width=450&amp;action=like&amp;colorscheme=light&amp;font=\" scrolling=\"no\" frameborder=\"0\" style=\"border:none; overflow:hidden; width:450px; height:60px\"><\/iframe>","protected":false},"excerpt":{"rendered":"<p>Na \u00faltima quinta feira (07), eu e um pequeno grupo closetiano (Ceci, Juju e Marquinhos) resolvemos marcar um encontro no Dry, para prestigiar o amigo\/dj\/jornalista Haroldo Pereira Jr., porque meus queridos se algu\u00e9m na fase da terra,\u00a0sabe comandar as pick-ups de um jeito absolutamente perfeito para meus ouvidos, esta pessoa [&hellip;]<\/p>\n","protected":false},"author":3,"featured_media":0,"comment_status":"open","ping_status":"open","sticky":false,"template":"","format":"standard","meta":{"footnotes":""},"categories":[39],"tags":[626,625],"class_list":["post-952","post","type-post","status-publish","format-standard","hentry","category-gastronomia","tag-drinks","tag-dry"],"_links":{"self":[{"href":"http:\/\/www.girosgourmet.com.br\/index.php\/wp-json\/wp\/v2\/posts\/952","targetHints":{"allow":["GET"]}}],"collection":[{"href":"http:\/\/www.girosgourmet.com.br\/index.php\/wp-json\/wp\/v2\/posts"}],"about":[{"href":"http:\/\/www.girosgourmet.com.br\/index.php\/wp-json\/wp\/v2\/types\/post"}],"author":[{"embeddable":true,"href":"http:\/\/www.girosgourmet.com.br\/index.php\/wp-json\/wp\/v2\/users\/3"}],"replies":[{"embeddable":true,"href":"http:\/\/www.girosgourmet.com.br\/index.php\/wp-json\/wp\/v2\/comments?post=952"}],"version-history":[{"count":4,"href":"http:\/\/www.girosgourmet.com.br\/index.php\/wp-json\/wp\/v2\/posts\/952\/revisions"}],"predecessor-version":[{"id":959,"href":"http:\/\/www.girosgourmet.com.br\/index.php\/wp-json\/wp\/v2\/posts\/952\/revisions\/959"}],"wp:attachment":[{"href":"http:\/\/www.girosgourmet.com.br\/index.php\/wp-json\/wp\/v2\/media?parent=952"}],"wp:term":[{"taxonomy":"category","embeddable":true,"href":"http:\/\/www.girosgourmet.com.br\/index.php\/wp-json\/wp\/v2\/categories?post=952"},{"taxonomy":"post_tag","embeddable":true,"href":"http:\/\/www.girosgourmet.com.br\/index.php\/wp-json\/wp\/v2\/tags?post=952"}],"curies":[{"name":"wp","href":"https:\/\/api.w.org\/{rel}","templated":true}]}}