{"id":9465,"date":"2019-02-01T10:57:16","date_gmt":"2019-02-01T13:57:16","guid":{"rendered":"http:\/\/www.girosgourmet.com.br\/?p=9465"},"modified":"2019-02-01T11:11:38","modified_gmt":"2019-02-01T14:11:38","slug":"rooftop-augusta-reinaugura-em-sao-paulo","status":"publish","type":"post","link":"http:\/\/www.girosgourmet.com.br\/index.php\/rooftop-augusta-reinaugura-em-sao-paulo\/","title":{"rendered":"Rooftop Augusta reinaugura em S\u00e3o Paulo."},"content":{"rendered":"<p style=\"text-align: center;\"><img loading=\"lazy\" decoding=\"async\" class=\"aligncenter size-full wp-image-9466\" src=\"http:\/\/www.girosgourmet.com.br\/wp-content\/uploads\/2019\/02\/Augusta2.jpg\" alt=\"\" width=\"1280\" height=\"566\" srcset=\"http:\/\/www.girosgourmet.com.br\/wp-content\/uploads\/2019\/02\/Augusta2.jpg 1280w, http:\/\/www.girosgourmet.com.br\/wp-content\/uploads\/2019\/02\/Augusta2-300x133.jpg 300w, http:\/\/www.girosgourmet.com.br\/wp-content\/uploads\/2019\/02\/Augusta2-768x340.jpg 768w, http:\/\/www.girosgourmet.com.br\/wp-content\/uploads\/2019\/02\/Augusta2-1024x453.jpg 1024w\" sizes=\"auto, (max-width: 1280px) 100vw, 1280px\" \/><\/p>\n<p style=\"text-align: justify;\"><strong>Rooftop Augusta<\/strong> acaba de abrir suas novas portas! \u00a0Aqui os visitantes poder\u00e3o desfrutar da boa filosofia do lugar: pessoas bonitas, ta\u00e7as de vinho como se estivessem na sala de sua casa.<\/p>\n<p style=\"text-align: justify;\">O espa\u00e7o multifuncional, agora fica na <strong>Rua Oscar Freire<\/strong>, localizada no bairro dos Jardins. Com ambiente repaginado, o local faz parte da iniciativa da publicit\u00e1ria <strong>Vanessa Ferreira<\/strong> e do cineasta <strong>Sergio Cuevas<\/strong>, que inauguraram o primeiro projeto do Rooftop em 2017. O conceito do projeto \u00e9 o mesmo, mas a nova vers\u00e3o permite que tudo esteja reunido em um \u00fanico local. A ideia \u00e9 proporcionar ao p\u00fablico uma plataforma de express\u00f5es art\u00edsticas dentro de um ambiente que incentiva e promove atividades de cultura e lazer, como arte, m\u00fasica, tecnologia, bem-estar, atividades sociais e recreativas.<\/p>\n<p><img loading=\"lazy\" decoding=\"async\" class=\"aligncenter size-full wp-image-9467\" src=\"http:\/\/www.girosgourmet.com.br\/wp-content\/uploads\/2019\/02\/Augusta-1.jpg\" alt=\"\" width=\"1080\" height=\"1080\" srcset=\"http:\/\/www.girosgourmet.com.br\/wp-content\/uploads\/2019\/02\/Augusta-1.jpg 1080w, http:\/\/www.girosgourmet.com.br\/wp-content\/uploads\/2019\/02\/Augusta-1-150x150.jpg 150w, http:\/\/www.girosgourmet.com.br\/wp-content\/uploads\/2019\/02\/Augusta-1-300x300.jpg 300w, http:\/\/www.girosgourmet.com.br\/wp-content\/uploads\/2019\/02\/Augusta-1-768x768.jpg 768w, http:\/\/www.girosgourmet.com.br\/wp-content\/uploads\/2019\/02\/Augusta-1-1024x1024.jpg 1024w, http:\/\/www.girosgourmet.com.br\/wp-content\/uploads\/2019\/02\/Augusta-1-100x100.jpg 100w\" sizes=\"auto, (max-width: 1080px) 100vw, 1080px\" \/><\/p>\n<p style=\"text-align: justify;\">O interior do Rooftop \u00e9 todo decorado com mob\u00edlia modernista do curador e colecionar <strong>Thomaz Saavedra<\/strong>. As pe\u00e7as, inclusive, podem ser adquiridas pelos frequentadores. Por isso, o espa\u00e7o rep\u00f5e a decora\u00e7\u00e3o local com frequ\u00eancia, inova\u00e7\u00e3o que proporciona ao p\u00fablico uma experi\u00eancia \u00fanica que faz com que se sintam sempre imersos em um local diferente. Os bichinhos de estima\u00e7\u00e3o tamb\u00e9m s\u00e3o bem-vindos. Comidinhas e drinques s\u00e3o servidos esporadicamente acompanhados de m\u00fasica ao vivo com apresenta\u00e7\u00f5es de jazz, soul e funk.<\/p>\n<p style=\"text-align: justify;\">A programa\u00e7\u00e3o n\u00e3o \u00e9 fixa e pode ser conferida no site ou no Instagram da casa (@rooftopaugusta).<\/p>\n<p>Sucesso!<\/p>\n<p style=\"text-align: justify;\"><strong>Servi\u00e7o:<\/strong><br \/>\n<strong>Rooftop Augusta<\/strong><br \/>\nEndere\u00e7o: Rua Oscar Freire, 565 &#8211; Jardim Paulista<br \/>\nHor\u00e1rios: 2\u00aa e 3\u00aa feira 09h \u00e0s 20h<br \/>\n4\u00aa, 5\u00aa e 6\u00aa feira das 90h \u00e0 0h<br \/>\nS\u00e1bado: 16h \u00e0 01h<br \/>\nwww.rooftopaugusta.com<\/p>\n<iframe src=\"http:\/\/www.facebook.com\/plugins\/like.php?href=http:\/\/www.girosgourmet.com.br\/index.php\/rooftop-augusta-reinaugura-em-sao-paulo\/&amp;layout=standard&amp;show_faces=1&amp;width=450&amp;action=like&amp;colorscheme=light&amp;font=\" scrolling=\"no\" frameborder=\"0\" style=\"border:none; overflow:hidden; width:450px; height:60px\"><\/iframe>","protected":false},"excerpt":{"rendered":"<p>Rooftop Augusta acaba de abrir suas novas portas! \u00a0Aqui os visitantes poder\u00e3o desfrutar da boa filosofia do lugar: pessoas bonitas, ta\u00e7as de vinho como se estivessem na sala de sua casa. O espa\u00e7o multifuncional, agora fica na Rua Oscar Freire, localizada no bairro dos Jardins. Com ambiente repaginado, o local [&hellip;]<\/p>\n","protected":false},"author":3,"featured_media":0,"comment_status":"open","ping_status":"closed","sticky":false,"template":"","format":"standard","meta":{"footnotes":""},"categories":[39],"tags":[442,2211,1845],"class_list":["post-9465","post","type-post","status-publish","format-standard","hentry","category-gastronomia","tag-jardins","tag-rooftop-augusta","tag-rua-oscar-freire"],"_links":{"self":[{"href":"http:\/\/www.girosgourmet.com.br\/index.php\/wp-json\/wp\/v2\/posts\/9465","targetHints":{"allow":["GET"]}}],"collection":[{"href":"http:\/\/www.girosgourmet.com.br\/index.php\/wp-json\/wp\/v2\/posts"}],"about":[{"href":"http:\/\/www.girosgourmet.com.br\/index.php\/wp-json\/wp\/v2\/types\/post"}],"author":[{"embeddable":true,"href":"http:\/\/www.girosgourmet.com.br\/index.php\/wp-json\/wp\/v2\/users\/3"}],"replies":[{"embeddable":true,"href":"http:\/\/www.girosgourmet.com.br\/index.php\/wp-json\/wp\/v2\/comments?post=9465"}],"version-history":[{"count":3,"href":"http:\/\/www.girosgourmet.com.br\/index.php\/wp-json\/wp\/v2\/posts\/9465\/revisions"}],"predecessor-version":[{"id":9470,"href":"http:\/\/www.girosgourmet.com.br\/index.php\/wp-json\/wp\/v2\/posts\/9465\/revisions\/9470"}],"wp:attachment":[{"href":"http:\/\/www.girosgourmet.com.br\/index.php\/wp-json\/wp\/v2\/media?parent=9465"}],"wp:term":[{"taxonomy":"category","embeddable":true,"href":"http:\/\/www.girosgourmet.com.br\/index.php\/wp-json\/wp\/v2\/categories?post=9465"},{"taxonomy":"post_tag","embeddable":true,"href":"http:\/\/www.girosgourmet.com.br\/index.php\/wp-json\/wp\/v2\/tags?post=9465"}],"curies":[{"name":"wp","href":"https:\/\/api.w.org\/{rel}","templated":true}]}}