{"id":9389,"date":"2018-12-06T00:42:23","date_gmt":"2018-12-06T03:42:23","guid":{"rendered":"http:\/\/www.girosgourmet.com.br\/?p=9389"},"modified":"2018-12-05T20:55:24","modified_gmt":"2018-12-05T23:55:24","slug":"mercearia-do-conde-lanca-menu-de-27-anos-a-r-27","status":"publish","type":"post","link":"http:\/\/www.girosgourmet.com.br\/index.php\/mercearia-do-conde-lanca-menu-de-27-anos-a-r-27\/","title":{"rendered":"Mercearia do Conde lan\u00e7a menu de 27 anos a R$ 27"},"content":{"rendered":"<p style=\"text-align: center;\"><img loading=\"lazy\" decoding=\"async\" class=\"aligncenter size-full wp-image-9123\" src=\"http:\/\/www.girosgourmet.com.br\/wp-content\/uploads\/2018\/07\/Mercearia-ambiente.jpg\" alt=\"\" width=\"1134\" height=\"756\" srcset=\"http:\/\/www.girosgourmet.com.br\/wp-content\/uploads\/2018\/07\/Mercearia-ambiente.jpg 1134w, http:\/\/www.girosgourmet.com.br\/wp-content\/uploads\/2018\/07\/Mercearia-ambiente-300x200.jpg 300w, http:\/\/www.girosgourmet.com.br\/wp-content\/uploads\/2018\/07\/Mercearia-ambiente-768x512.jpg 768w, http:\/\/www.girosgourmet.com.br\/wp-content\/uploads\/2018\/07\/Mercearia-ambiente-1024x683.jpg 1024w\" sizes=\"auto, (max-width: 1134px) 100vw, 1134px\" \/><\/p>\n<p style=\"text-align: justify;\">Menu com cara de festa. Nesse clima, a <strong>Mercearia do Conde<\/strong> servir\u00e1 at\u00e9 o dia 16 de dezembro, entradas, bolo e drinques especiais para celebrar seus 27 anos de vida.<\/p>\n<p style=\"text-align: center;\"><img loading=\"lazy\" decoding=\"async\" class=\"aligncenter size-full wp-image-9390\" src=\"http:\/\/www.girosgourmet.com.br\/wp-content\/uploads\/2018\/12\/Me.jpg\" alt=\"\" width=\"378\" height=\"296\" srcset=\"http:\/\/www.girosgourmet.com.br\/wp-content\/uploads\/2018\/12\/Me.jpg 378w, http:\/\/www.girosgourmet.com.br\/wp-content\/uploads\/2018\/12\/Me-300x235.jpg 300w\" sizes=\"auto, (max-width: 378px) 100vw, 378px\" \/><\/p>\n<p style=\"text-align: justify;\">Para come\u00e7ar, um petisco que \u00e9 unanimidade nacional, a <strong><em>Coxinha com Vinagrete de Pimenta Biquinho<\/em>, o <em>Bolinho de Bacalhau<\/em>, o <em>Club Sandwich de Salm\u00e3o no P\u00e3o de Miga Integral com Maionese da Casa, Raspas de Lim\u00e3o Siciliano e Mix de Folhas Verdes <\/em>e uma op\u00e7\u00e3o vegana, o <em>Dumpling de Shiitake com Molho Oriental de Nir\u00e1 <\/em>&#8211; trouxinhas recheadas de shiitake.<\/strong> Todas as entradas v\u00eam com 04 unidades e custam 27 reais no per\u00edodo comemorativo<\/p>\n<p style=\"text-align: justify;\">E, como n\u00e3o pode faltar bolo em festa, a Mercearia recuperou uma receita da m\u00e3e da restauratrice <strong>Maddalena Stasi<\/strong>, a dona Yeda, um segredo de fam\u00edlia: o bolo de nozes, recheado com baba de mo\u00e7a. Sem levar farinha de trigo em sua composi\u00e7\u00e3o, \u00e9 um bolo leve, gl\u00faten free.\u00a0Dif\u00edcil vai ser ficar num peda\u00e7o s\u00f3.<\/p>\n<p style=\"text-align: justify;\">Para harmonizar todo este banquete, a nova carta da casa elaborada pelo chef de bar <strong>Ray Sousa<\/strong> tem 20 op\u00e7\u00f5es, dos cl\u00e1ssicos aos autorais. O menu traz drinques arom\u00e1ticos e refrescantes como: <strong><em>Veraneio<\/em> <\/strong>(vinho ros\u00e9, suco de tangerina, Cointreau, Club Soda, R$ 31), <strong><em>Caipirinha do S\u00edtio<\/em><\/strong> (cacha\u00e7a, vodca ou saqu\u00eas nacionais, caju com mexerica, R$ 30), <strong><em>Caipira do Engenho<\/em><\/strong> (cacha\u00e7a, vodca ou saqu\u00eas nacionais, lim\u00f5es cravo, siciliano e Taiti com mel de engenho, R$ 30), gim-t\u00f4nicas, clericots e sangrias, em jarra, para brindar entre amigos e at\u00e9 op\u00e7\u00f5es sem \u00e1lcool, como o soft-drink refresco de tr\u00eas lim\u00f5es com mel de engenho, gengibre e hortel\u00e3 (R$ 23).<\/p>\n<p style=\"text-align: justify;\">Se voc\u00ea n\u00e3o conhece a Mercearia do Conde, t\u00e1 a\u00ed um bom motivo para ir vivenciar esta experi\u00eancia e prestigiar seus 27 anos de exist\u00eancia. Sucesso para esta casa que tanto adoro!<\/p>\n<p style=\"text-align: justify;\"><strong>Servi\u00e7o:<\/strong><\/p>\n<p style=\"text-align: justify;\"><strong>Mercearia do Conde<\/strong><br \/>\n<a href=\"http:\/\/www.merceariadoconde.com.br\">www.merceariadoconde.com.br<br \/>\n<\/a><span style=\"font-size: 1rem;\">Rua Joaquim Antunes, 217 \u2013 Jardim Paulistano- SP<br \/>\n<\/span>Tel. 11 3081-7204<br \/>\n<span style=\"font-size: 1rem;\">Capacidade: 110 lugares<br \/>\n<\/span><span style=\"font-size: 1rem;\">Hor\u00e1rio de funcionamento:\u00a0<\/span>De segunda a quinta, das 12 \u00e0s 16h para almo\u00e7o e das 19h \u00e0s 23h30 para jantar. Sexta: das 12h \u00e0s 0h30, sem intervalo. S\u00e1bado: das 12h30 \u00e0s 0h30, sem intervalo. Domingo: das 12h30 \u00e0s 23h, sem intervalo.\u00a0 Abre todos os dias.<\/p>\n<p>&nbsp;<\/p>\n<p>&nbsp;<\/p>\n<p>&nbsp;<\/p>\n<p>&nbsp;<\/p>\n<iframe src=\"http:\/\/www.facebook.com\/plugins\/like.php?href=http:\/\/www.girosgourmet.com.br\/index.php\/mercearia-do-conde-lanca-menu-de-27-anos-a-r-27\/&amp;layout=standard&amp;show_faces=1&amp;width=450&amp;action=like&amp;colorscheme=light&amp;font=\" scrolling=\"no\" frameborder=\"0\" style=\"border:none; overflow:hidden; width:450px; height:60px\"><\/iframe>","protected":false},"excerpt":{"rendered":"<p>Menu com cara de festa. Nesse clima, a Mercearia do Conde servir\u00e1 at\u00e9 o dia 16 de dezembro, entradas, bolo e drinques especiais para celebrar seus 27 anos de vida. Para come\u00e7ar, um petisco que \u00e9 unanimidade nacional, a Coxinha com Vinagrete de Pimenta Biquinho, o Bolinho de Bacalhau, o [&hellip;]<\/p>\n","protected":false},"author":3,"featured_media":0,"comment_status":"open","ping_status":"closed","sticky":false,"template":"","format":"standard","meta":{"footnotes":""},"categories":[39],"tags":[1597],"class_list":["post-9389","post","type-post","status-publish","format-standard","hentry","category-gastronomia","tag-mercearia-do-conde"],"_links":{"self":[{"href":"http:\/\/www.girosgourmet.com.br\/index.php\/wp-json\/wp\/v2\/posts\/9389","targetHints":{"allow":["GET"]}}],"collection":[{"href":"http:\/\/www.girosgourmet.com.br\/index.php\/wp-json\/wp\/v2\/posts"}],"about":[{"href":"http:\/\/www.girosgourmet.com.br\/index.php\/wp-json\/wp\/v2\/types\/post"}],"author":[{"embeddable":true,"href":"http:\/\/www.girosgourmet.com.br\/index.php\/wp-json\/wp\/v2\/users\/3"}],"replies":[{"embeddable":true,"href":"http:\/\/www.girosgourmet.com.br\/index.php\/wp-json\/wp\/v2\/comments?post=9389"}],"version-history":[{"count":1,"href":"http:\/\/www.girosgourmet.com.br\/index.php\/wp-json\/wp\/v2\/posts\/9389\/revisions"}],"predecessor-version":[{"id":9391,"href":"http:\/\/www.girosgourmet.com.br\/index.php\/wp-json\/wp\/v2\/posts\/9389\/revisions\/9391"}],"wp:attachment":[{"href":"http:\/\/www.girosgourmet.com.br\/index.php\/wp-json\/wp\/v2\/media?parent=9389"}],"wp:term":[{"taxonomy":"category","embeddable":true,"href":"http:\/\/www.girosgourmet.com.br\/index.php\/wp-json\/wp\/v2\/categories?post=9389"},{"taxonomy":"post_tag","embeddable":true,"href":"http:\/\/www.girosgourmet.com.br\/index.php\/wp-json\/wp\/v2\/tags?post=9389"}],"curies":[{"name":"wp","href":"https:\/\/api.w.org\/{rel}","templated":true}]}}