{"id":9326,"date":"2018-10-31T14:02:06","date_gmt":"2018-10-31T17:02:06","guid":{"rendered":"http:\/\/www.girosgourmet.com.br\/?p=9326"},"modified":"2018-10-31T14:02:06","modified_gmt":"2018-10-31T17:02:06","slug":"max-bistro-promove-descontos-camaradas-nos-feriados-de-novembro","status":"publish","type":"post","link":"http:\/\/www.girosgourmet.com.br\/index.php\/max-bistro-promove-descontos-camaradas-nos-feriados-de-novembro\/","title":{"rendered":"Max Bistr\u00f4 promove descontos camaradas nos feriados de novembro."},"content":{"rendered":"<p style=\"text-align: center;\"><img loading=\"lazy\" decoding=\"async\" class=\"aligncenter size-full wp-image-8478\" src=\"http:\/\/www.girosgourmet.com.br\/wp-content\/uploads\/2017\/11\/Max-fachada.jpg\" alt=\"\" width=\"1200\" height=\"800\" srcset=\"http:\/\/www.girosgourmet.com.br\/wp-content\/uploads\/2017\/11\/Max-fachada.jpg 1200w, http:\/\/www.girosgourmet.com.br\/wp-content\/uploads\/2017\/11\/Max-fachada-300x200.jpg 300w, http:\/\/www.girosgourmet.com.br\/wp-content\/uploads\/2017\/11\/Max-fachada-768x512.jpg 768w, http:\/\/www.girosgourmet.com.br\/wp-content\/uploads\/2017\/11\/Max-fachada-1024x683.jpg 1024w\" sizes=\"auto, (max-width: 1200px) 100vw, 1200px\" \/><\/p>\n<p style=\"text-align: justify;\">Em clima de Black Friday, \u00a0o <strong>Max Abdo Bistr\u00f4<\/strong> ir\u00e1 oferecer aos clientes um desconto especial, de 30%, em qualquer prato principal do menu, no almo\u00e7o ou jantar, durante os feriados de novembro, n\u00e3o \u00e9 o maximo?<\/p>\n<p style=\"text-align: justify;\">Entre as sugest\u00f5es da casa est\u00e3o os novos pratos que levam a assinatura do chef Ricardo Paulino como o <strong><em>lagostim grelhado<\/em><\/strong> servido em sua bisque acompanhado de risoto de pequi (R$79) e o<strong><em> polvo tostado com p\u00e1prica<\/em><\/strong>, servido com canjiquinha de tucupi e jambu, molho de piment\u00f5es assados e salsa verde (R$ 89).<\/p>\n<div id=\"attachment_9327\" style=\"width: 3658px\" class=\"wp-caption aligncenter\"><img loading=\"lazy\" decoding=\"async\" aria-describedby=\"caption-attachment-9327\" class=\"size-full wp-image-9327\" src=\"http:\/\/www.girosgourmet.com.br\/wp-content\/uploads\/2018\/10\/Lagostim-grelhado-4.jpg\" alt=\"\" width=\"3648\" height=\"2432\" srcset=\"http:\/\/www.girosgourmet.com.br\/wp-content\/uploads\/2018\/10\/Lagostim-grelhado-4.jpg 3648w, http:\/\/www.girosgourmet.com.br\/wp-content\/uploads\/2018\/10\/Lagostim-grelhado-4-300x200.jpg 300w, http:\/\/www.girosgourmet.com.br\/wp-content\/uploads\/2018\/10\/Lagostim-grelhado-4-768x512.jpg 768w, http:\/\/www.girosgourmet.com.br\/wp-content\/uploads\/2018\/10\/Lagostim-grelhado-4-1024x683.jpg 1024w\" sizes=\"auto, (max-width: 3648px) 100vw, 3648px\" \/><p id=\"caption-attachment-9327\" class=\"wp-caption-text\">Lagostim grelhado<\/p><\/div>\n<p style=\"text-align: justify;\">Para os amantes de carnes tem a <strong><em>costela su\u00edna braseada<\/em><\/strong> \u2013 assada lentamente e com pur\u00ea de ma\u00e7a verde e conserva de repolho roxo (R$59) e o <strong><em>arroz de costela<\/em><\/strong> &#8211; costela bovina assada e desfiada com arroz a cavolo nero, couve crispy e ovo mole (R$57). O desconto \u00e9 v\u00e1lido de 02 a 04 de novembro e de 15 a 20 do mesmo m\u00eas.<\/p>\n<p><img loading=\"lazy\" decoding=\"async\" class=\"aligncenter size-full wp-image-9328\" src=\"http:\/\/www.girosgourmet.com.br\/wp-content\/uploads\/2018\/10\/costela-braseada-1.jpg\" alt=\"\" width=\"3648\" height=\"2432\" srcset=\"http:\/\/www.girosgourmet.com.br\/wp-content\/uploads\/2018\/10\/costela-braseada-1.jpg 3648w, http:\/\/www.girosgourmet.com.br\/wp-content\/uploads\/2018\/10\/costela-braseada-1-300x200.jpg 300w, http:\/\/www.girosgourmet.com.br\/wp-content\/uploads\/2018\/10\/costela-braseada-1-768x512.jpg 768w, http:\/\/www.girosgourmet.com.br\/wp-content\/uploads\/2018\/10\/costela-braseada-1-1024x683.jpg 1024w\" sizes=\"auto, (max-width: 3648px) 100vw, 3648px\" \/><\/p>\n<p>Eu adoro este restaurante, e agora a gente tem mais um motivo para visitar o chef Max Abdo.<\/p>\n<p>&nbsp;<\/p>\n<p style=\"text-align: justify;\">O Max Abdo Bistr\u00f4 fica na rua Peixoto Gomide, 1658. Funciona de ter\u00e7a a quinta, das 12h \u00e0s 15h e das 18h30 \u00e0s 23h; sextas e s\u00e1bados, das 12h \u00e0s 23h; aos domingos das 12h \u00e0s 17h. Mais informa\u00e7\u00f5es pelo telefone (11) 30625557. Servi\u00e7o de valet: R$ 25,00. <strong>Site:\u00a0<\/strong><a href=\"http:\/\/www.maxabdobistro.com.br\/\">http:\/\/www.maxabdobistro.com.br<\/a><\/p>\n<p>&nbsp;<\/p>\n<iframe src=\"http:\/\/www.facebook.com\/plugins\/like.php?href=http:\/\/www.girosgourmet.com.br\/index.php\/max-bistro-promove-descontos-camaradas-nos-feriados-de-novembro\/&amp;layout=standard&amp;show_faces=1&amp;width=450&amp;action=like&amp;colorscheme=light&amp;font=\" scrolling=\"no\" frameborder=\"0\" style=\"border:none; overflow:hidden; width:450px; height:60px\"><\/iframe>","protected":false},"excerpt":{"rendered":"<p>Em clima de Black Friday, \u00a0o Max Abdo Bistr\u00f4 ir\u00e1 oferecer aos clientes um desconto especial, de 30%, em qualquer prato principal do menu, no almo\u00e7o ou jantar, durante os feriados de novembro, n\u00e3o \u00e9 o maximo? Entre as sugest\u00f5es da casa est\u00e3o os novos pratos que levam a assinatura [&hellip;]<\/p>\n","protected":false},"author":3,"featured_media":0,"comment_status":"open","ping_status":"closed","sticky":false,"template":"","format":"standard","meta":{"footnotes":""},"categories":[39],"tags":[1979],"class_list":["post-9326","post","type-post","status-publish","format-standard","hentry","category-gastronomia","tag-max-abdo-bistro"],"_links":{"self":[{"href":"http:\/\/www.girosgourmet.com.br\/index.php\/wp-json\/wp\/v2\/posts\/9326","targetHints":{"allow":["GET"]}}],"collection":[{"href":"http:\/\/www.girosgourmet.com.br\/index.php\/wp-json\/wp\/v2\/posts"}],"about":[{"href":"http:\/\/www.girosgourmet.com.br\/index.php\/wp-json\/wp\/v2\/types\/post"}],"author":[{"embeddable":true,"href":"http:\/\/www.girosgourmet.com.br\/index.php\/wp-json\/wp\/v2\/users\/3"}],"replies":[{"embeddable":true,"href":"http:\/\/www.girosgourmet.com.br\/index.php\/wp-json\/wp\/v2\/comments?post=9326"}],"version-history":[{"count":1,"href":"http:\/\/www.girosgourmet.com.br\/index.php\/wp-json\/wp\/v2\/posts\/9326\/revisions"}],"predecessor-version":[{"id":9329,"href":"http:\/\/www.girosgourmet.com.br\/index.php\/wp-json\/wp\/v2\/posts\/9326\/revisions\/9329"}],"wp:attachment":[{"href":"http:\/\/www.girosgourmet.com.br\/index.php\/wp-json\/wp\/v2\/media?parent=9326"}],"wp:term":[{"taxonomy":"category","embeddable":true,"href":"http:\/\/www.girosgourmet.com.br\/index.php\/wp-json\/wp\/v2\/categories?post=9326"},{"taxonomy":"post_tag","embeddable":true,"href":"http:\/\/www.girosgourmet.com.br\/index.php\/wp-json\/wp\/v2\/tags?post=9326"}],"curies":[{"name":"wp","href":"https:\/\/api.w.org\/{rel}","templated":true}]}}