{"id":9307,"date":"2018-10-16T17:05:41","date_gmt":"2018-10-16T20:05:41","guid":{"rendered":"http:\/\/www.girosgourmet.com.br\/?p=9307"},"modified":"2018-10-16T17:05:41","modified_gmt":"2018-10-16T20:05:41","slug":"alunos-do-senac-dao-aulas-de-gastronomia-para-grupo-lgbt","status":"publish","type":"post","link":"http:\/\/www.girosgourmet.com.br\/index.php\/alunos-do-senac-dao-aulas-de-gastronomia-para-grupo-lgbt\/","title":{"rendered":"Alunos do Senac d\u00e3o aulas de gastronomia para grupo LGBT+"},"content":{"rendered":"<div dir=\"ltr\">\n<div class=\"gmail_quote\">\n<div dir=\"ltr\">\n<div class=\"gmail_quote\">\n<div dir=\"ltr\">\n<div class=\"gmail_quote\">\n<div dir=\"ltr\">\n<div class=\"gmail_quote\">\n<div dir=\"ltr\">\n<div class=\"gmail_quote\">\n<div dir=\"ltr\">\n<div class=\"gmail_quote\">\n<div dir=\"ltr\">\n<div class=\"gmail_quote\">\n<div dir=\"ltr\">\n<div class=\"gmail_quote\">\n<div dir=\"ltr\">\n<div class=\"gmail_quote\">\n<div dir=\"ltr\">\n<div class=\"gmail_quote\">\n<div dir=\"ltr\">\n<div class=\"gmail_quote\">\n<div dir=\"ltr\">\n<div class=\"gmail_quote\">\n<div dir=\"ltr\">\n<p class=\"m_7045264040546267098m_7641827406382539790m_4570537657042387510m_-6256044081236269322m_-9219009084740021158m_-1209608561423094067m_-5598277534559786664m_-7717530914191469417m_-5584539027189661243m_-5443613946999422376m_2414300816430391127m_-577171956920164973gmail-MsoPlainText\" style=\"font-size: 11pt; font-family: Calibri,sans-serif; text-align: center; margin: 0cm 0cm 12pt; line-height: 115%;\" align=\"center\"><i><span style=\"font-size: 12pt; font-family: Arial,sans-serif; line-height: 115%;\">Primeira aula da Oficina Gastronomia Social ser\u00e1 realizada no<\/span><\/i><span style=\"font-size: 12pt; font-family: Arial,sans-serif; line-height: 115%;\"> Festival Vida Universit\u00e1ria<i>, que tamb\u00e9m ter\u00e1 workshops, exposi\u00e7\u00f5es e palestras gratuitas.<\/i><\/span><\/p>\n<p style=\"text-align: center;\" align=\"center\"><img loading=\"lazy\" decoding=\"async\" class=\"aligncenter size-full wp-image-9308\" src=\"http:\/\/www.girosgourmet.com.br\/wp-content\/uploads\/2018\/10\/senac-santo-amaro.png\" alt=\"\" width=\"1099\" height=\"638\" srcset=\"http:\/\/www.girosgourmet.com.br\/wp-content\/uploads\/2018\/10\/senac-santo-amaro.png 1099w, http:\/\/www.girosgourmet.com.br\/wp-content\/uploads\/2018\/10\/senac-santo-amaro-300x174.png 300w, http:\/\/www.girosgourmet.com.br\/wp-content\/uploads\/2018\/10\/senac-santo-amaro-768x446.png 768w, http:\/\/www.girosgourmet.com.br\/wp-content\/uploads\/2018\/10\/senac-santo-amaro-1024x594.png 1024w\" sizes=\"auto, (max-width: 1099px) 100vw, 1099px\" \/><\/p>\n<p style=\"text-align: justify;\">O <strong>Senac de Santo Amaro<\/strong> estar\u00e1 de portas abertas no dia 20 de outubro, para um s\u00e1bado com diversas atividades e viv\u00eancias gratuitas. Jovens que est\u00e3o decidindo o curso que desejam estudar na gradua\u00e7\u00e3o poder\u00e3o conhecer o campus e participar de workshops, palestras e exposi\u00e7\u00f5es, durante o<strong> <em>Festival Vida Universit\u00e1ria<\/em>,<\/strong> das 11 \u00e0s 17 horas.<\/p>\n<p style=\"text-align: justify;\">Entre as atividades, est\u00e1 a dos chefs <strong>Paulo Shin<\/strong> e <strong>Pedro Benoliel<\/strong> que falar\u00e3o sobre a \u00e1rea de gastronomia. Paulo, inclusive, poder\u00e1 falar sobre como foi estudar no Centro Universit\u00e1rio Senac. Em seguida, estudantes do 4\u00ba semestre desse curso, que est\u00e3o desenvolvendo o projeto <em><strong>Transformar<\/strong>, <\/em>onde<em>\u00a0<\/em>dar\u00e3o uma oficina inaugural para um grupo de 20 pessoas, com idades entre 18 e 50 anos, que fazem parte da <strong>ONG Centro de Cidadania LGBTI Edson Neris.<\/strong> Haver\u00e1 outros cinco encontros no campus, nos quais os alunos ensinar\u00e3o t\u00e9cnicas b\u00e1sicas de gastronomia para essas pessoas.<\/p>\n<p style=\"text-align: justify;\">Segundo <strong>Zenir Dalla Costa<\/strong>, professora envolvida no <em>Transformar<\/em>, o projeto foi pensado exclusivamente pelos alunos do Centro Universit\u00e1rio Senac com base no tema gastronomia social trabalhado ao longo do semestre. Ao final do curso, em novembro, o grupo realizar\u00e1 um coquetel quando servir\u00e1 finger foods elaborados por eles para donos de restaurantes e professores do Senac. \u201cPor meio deste projeto, essas pessoas poder\u00e3o ter novas oportunidades para se inserirem no mercado\u201d, destaca.<\/p>\n<p style=\"text-align: justify;\">Durante o Festival, estar\u00e3o expostas mostras de curta-metragens e cartografias psicogeogr\u00e1ficas produzidas pelos alunos sobre a cidade e a arquitetura de S\u00e3o Paulo. Al\u00e9m disso, est\u00e3o programadas atividades como simula\u00e7\u00e3o de voo com uma asa delta em realidade virtual, campeonato de jogos digitais e atividades esportivas, saf\u00e1ri de desenho de observa\u00e7\u00e3o, orienta\u00e7\u00e3o nutricional, quick massage, esclarecimentos sobre a aplica\u00e7\u00e3o do exame de raio-x, oficina de reciclagem para transformar embalagens em piso e degusta\u00e7\u00e3o de pratos sustent\u00e1veis e de p\u00e3es.<\/p>\n<p style=\"text-align: justify;\">A participa\u00e7\u00e3o no <em>Festival Vida Universit\u00e1ria<\/em> \u00e9 gratuita, e as vagas em algumas atividades s\u00e3o limitadas. Para conhecer a programa\u00e7\u00e3o completa e se inscrever, basta acessar: <a href=\"http:\/\/www.vidauniversitariasenac.com.br\/santo-amaro\/\">www.vidauniversitariasenac.com.br\/santo-amaro\/<\/a>.<\/p>\n<p style=\"text-align: justify;\"><strong>Servi\u00e7o:<br \/>\n<\/strong><strong style=\"font-size: 1rem;\"><em>Festival Vida Universit\u00e1ria \u2013 Centro Universit\u00e1rio Senac<br \/>\n<\/em><\/strong><strong style=\"font-size: 1rem;\">Data:<\/strong><span style=\"font-size: 1rem;\"> 20 de outubro, s\u00e1bado<br \/>\n<\/span><strong style=\"font-size: 1rem;\">Hor\u00e1rio:<\/strong><span style=\"font-size: 1rem;\"> das 11 \u00e0s 17 horas<br \/>\n<\/span><strong style=\"font-size: 1rem;\">Local:<\/strong><span style=\"font-size: 1rem;\"> Centro Universit\u00e1rio Senac \u2013 Santo Amaro<br \/>\n<\/span><span style=\"font-size: 1rem;\">Avenida Engenheiro Eus\u00e9bio Stevaux, 823 &#8211; Santo Amaro &#8211; S\u00e3o Paulo \u2013 SP<br \/>\n<\/span><strong style=\"font-size: 1rem;\">O evento \u00e9 gratuito, mas as vagas s\u00e3o limitadas<\/strong><span style=\"font-size: 1rem;\">.<\/span><\/p>\n<\/div>\n<\/div>\n<\/div>\n<\/div>\n<\/div>\n<\/div>\n<\/div>\n<\/div>\n<\/div>\n<\/div>\n<\/div>\n<\/div>\n<\/div>\n<\/div>\n<\/div>\n<\/div>\n<\/div>\n<\/div>\n<\/div>\n<\/div>\n<\/div>\n<\/div>\n<\/div>\n<\/div>\n<\/div>\n<iframe src=\"http:\/\/www.facebook.com\/plugins\/like.php?href=http:\/\/www.girosgourmet.com.br\/index.php\/alunos-do-senac-dao-aulas-de-gastronomia-para-grupo-lgbt\/&amp;layout=standard&amp;show_faces=1&amp;width=450&amp;action=like&amp;colorscheme=light&amp;font=\" scrolling=\"no\" frameborder=\"0\" style=\"border:none; overflow:hidden; width:450px; height:60px\"><\/iframe>","protected":false},"excerpt":{"rendered":"<p>Primeira aula da Oficina Gastronomia Social ser\u00e1 realizada no Festival Vida Universit\u00e1ria, que tamb\u00e9m ter\u00e1 workshops, exposi\u00e7\u00f5es e palestras gratuitas. O Senac de Santo Amaro estar\u00e1 de portas abertas no dia 20 de outubro, para um s\u00e1bado com diversas atividades e viv\u00eancias gratuitas. Jovens que est\u00e3o decidindo o curso que [&hellip;]<\/p>\n","protected":false},"author":3,"featured_media":0,"comment_status":"open","ping_status":"closed","sticky":false,"template":"","format":"standard","meta":{"footnotes":""},"categories":[40,39],"tags":[2168,2133],"class_list":["post-9307","post","type-post","status-publish","format-standard","hentry","category-culturamodabelezabem-estar","category-gastronomia","tag-festival-vida-universitaria","tag-senac"],"_links":{"self":[{"href":"http:\/\/www.girosgourmet.com.br\/index.php\/wp-json\/wp\/v2\/posts\/9307","targetHints":{"allow":["GET"]}}],"collection":[{"href":"http:\/\/www.girosgourmet.com.br\/index.php\/wp-json\/wp\/v2\/posts"}],"about":[{"href":"http:\/\/www.girosgourmet.com.br\/index.php\/wp-json\/wp\/v2\/types\/post"}],"author":[{"embeddable":true,"href":"http:\/\/www.girosgourmet.com.br\/index.php\/wp-json\/wp\/v2\/users\/3"}],"replies":[{"embeddable":true,"href":"http:\/\/www.girosgourmet.com.br\/index.php\/wp-json\/wp\/v2\/comments?post=9307"}],"version-history":[{"count":1,"href":"http:\/\/www.girosgourmet.com.br\/index.php\/wp-json\/wp\/v2\/posts\/9307\/revisions"}],"predecessor-version":[{"id":9309,"href":"http:\/\/www.girosgourmet.com.br\/index.php\/wp-json\/wp\/v2\/posts\/9307\/revisions\/9309"}],"wp:attachment":[{"href":"http:\/\/www.girosgourmet.com.br\/index.php\/wp-json\/wp\/v2\/media?parent=9307"}],"wp:term":[{"taxonomy":"category","embeddable":true,"href":"http:\/\/www.girosgourmet.com.br\/index.php\/wp-json\/wp\/v2\/categories?post=9307"},{"taxonomy":"post_tag","embeddable":true,"href":"http:\/\/www.girosgourmet.com.br\/index.php\/wp-json\/wp\/v2\/tags?post=9307"}],"curies":[{"name":"wp","href":"https:\/\/api.w.org\/{rel}","templated":true}]}}