{"id":9303,"date":"2018-10-15T15:26:50","date_gmt":"2018-10-15T18:26:50","guid":{"rendered":"http:\/\/www.girosgourmet.com.br\/?p=9303"},"modified":"2018-10-15T15:26:50","modified_gmt":"2018-10-15T18:26:50","slug":"mercearia-do-conde-promove-bazar-poucas-e-boas","status":"publish","type":"post","link":"http:\/\/www.girosgourmet.com.br\/index.php\/mercearia-do-conde-promove-bazar-poucas-e-boas\/","title":{"rendered":"Mercearia do Conde promove bazar Poucas e Boas"},"content":{"rendered":"<p style=\"text-align: center;\"><img loading=\"lazy\" decoding=\"async\" class=\"aligncenter size-full wp-image-9304\" src=\"http:\/\/www.girosgourmet.com.br\/wp-content\/uploads\/2018\/10\/ambiente_saleta-do-conde_cr\u00e9ditos-Romulo-Fialdini-4.jpg\" alt=\"\" width=\"935\" height=\"624\" srcset=\"http:\/\/www.girosgourmet.com.br\/wp-content\/uploads\/2018\/10\/ambiente_saleta-do-conde_cr\u00e9ditos-Romulo-Fialdini-4.jpg 935w, http:\/\/www.girosgourmet.com.br\/wp-content\/uploads\/2018\/10\/ambiente_saleta-do-conde_cr\u00e9ditos-Romulo-Fialdini-4-300x200.jpg 300w, http:\/\/www.girosgourmet.com.br\/wp-content\/uploads\/2018\/10\/ambiente_saleta-do-conde_cr\u00e9ditos-Romulo-Fialdini-4-768x513.jpg 768w\" sizes=\"auto, (max-width: 935px) 100vw, 935px\" \/><\/p>\n<p style=\"text-align: justify;\">Gastronomia e Moda sempre foram as minhas paix\u00f5es e quando elas se unem, em uma proposta gostosa, merece nossa aten\u00e7\u00e3o! O bazar <strong>Poucas e Boas<\/strong>, que acontece, a partir de amanh\u00e3 (16) at\u00e9 19\/10\/18, na Saleta do Conde, espa\u00e7o de eventos do restaurante <strong>Mercearia do Conde<\/strong>, no Jardim Paulistano.<\/p>\n<p style=\"text-align: justify;\">A 1\u00aa edi\u00e7\u00e3o do evento organizado pela restauratrice <strong>Maddalena Stasi<\/strong> e pela empres\u00e1ria <strong>Chris Janssen<\/strong> trar\u00e1 15 marcas expositoras, com produtos de arte, moda, decora\u00e7\u00e3o e design.O bazar contar\u00e1 com expositores e pe\u00e7as exclusivas de algumas grifes conhecidas do mundinho fashion, como: <strong>Adriana e Marta<\/strong> (acess\u00f3rios em linho), <strong>Arte Insieme<\/strong> (cer\u00e2mica), Ateli\u00ea <strong>Monica Figueiredo<\/strong> (bordados), <strong>Basic Brand<\/strong> (camisetas), <strong>Bloom Me<\/strong> (roupas), <strong>Chris Cerf<\/strong> (camisas e roupas), <strong>Chris Cunal<\/strong> (joias), entre outros.<\/p>\n<p><img loading=\"lazy\" decoding=\"async\" class=\"aligncenter size-full wp-image-9305\" src=\"http:\/\/www.girosgourmet.com.br\/wp-content\/uploads\/2018\/10\/joias-chris-cunali_credito-chris-cunali.jpg\" alt=\"\" width=\"2016\" height=\"1512\" srcset=\"http:\/\/www.girosgourmet.com.br\/wp-content\/uploads\/2018\/10\/joias-chris-cunali_credito-chris-cunali.jpg 2016w, http:\/\/www.girosgourmet.com.br\/wp-content\/uploads\/2018\/10\/joias-chris-cunali_credito-chris-cunali-300x225.jpg 300w, http:\/\/www.girosgourmet.com.br\/wp-content\/uploads\/2018\/10\/joias-chris-cunali_credito-chris-cunali-768x576.jpg 768w, http:\/\/www.girosgourmet.com.br\/wp-content\/uploads\/2018\/10\/joias-chris-cunali_credito-chris-cunali-1024x768.jpg 1024w\" sizes=\"auto, (max-width: 2016px) 100vw, 2016px\" \/><\/p>\n<p style=\"text-align: justify;\">Um motivo a mais para visitar a colorida casa de esquina, entre a Joaquim Antunes e a Sampaio Vidal, que est\u00e1 prestes a completar anivers\u00e1rio de 27 anos de sua exist\u00eancia. O artesanato faz parte da hist\u00f3ria da casa, que sempre deu espa\u00e7o para artistas pl\u00e1sticos, pintores e arte popular brasileira. Fadas e trapezistas que parecem voar pelo ambiente, quadros, esculturas, relic\u00e1rios, panos de prato bordados, sacolas de feira, m\u00f3biles e artesanatos convivem em harmonia no sal\u00e3o principal e remontam \u00e0s origens da casa, como um armaz\u00e9m de secos e molhados e venda de alimentos a granel.<\/p>\n<p>E depois das compras voc\u00ea pode ficar por l\u00e1 para almo\u00e7ar e\/ou jantar. Perfeito!<\/p>\n<p style=\"text-align: justify;\"><strong>O qu\u00ea: <\/strong>Bazar Poucas e Boas<br \/>\n<strong style=\"font-size: 1rem;\">Quando: <\/strong><span style=\"font-size: 1rem;\">16 a 19\/10\/18, das 12 \u00e0s 21h<br \/>\n<\/span><strong style=\"font-size: 1rem;\">Onde: <\/strong><span style=\"font-size: 1rem;\">Mercearia do Conde (Rua Joaquim Antunes, 217 Jardim Paulistano Tel. 11-<\/span>3081-7204.<\/p>\n<p>&nbsp;<\/p>\n<iframe src=\"http:\/\/www.facebook.com\/plugins\/like.php?href=http:\/\/www.girosgourmet.com.br\/index.php\/mercearia-do-conde-promove-bazar-poucas-e-boas\/&amp;layout=standard&amp;show_faces=1&amp;width=450&amp;action=like&amp;colorscheme=light&amp;font=\" scrolling=\"no\" frameborder=\"0\" style=\"border:none; overflow:hidden; width:450px; height:60px\"><\/iframe>","protected":false},"excerpt":{"rendered":"<p>Gastronomia e Moda sempre foram as minhas paix\u00f5es e quando elas se unem, em uma proposta gostosa, merece nossa aten\u00e7\u00e3o! O bazar Poucas e Boas, que acontece, a partir de amanh\u00e3 (16) at\u00e9 19\/10\/18, na Saleta do Conde, espa\u00e7o de eventos do restaurante Mercearia do Conde, no Jardim Paulistano. A [&hellip;]<\/p>\n","protected":false},"author":3,"featured_media":0,"comment_status":"open","ping_status":"closed","sticky":false,"template":"","format":"standard","meta":{"footnotes":""},"categories":[40,39],"tags":[340,1597],"class_list":["post-9303","post","type-post","status-publish","format-standard","hentry","category-culturamodabelezabem-estar","category-gastronomia","tag-bazar","tag-mercearia-do-conde"],"_links":{"self":[{"href":"http:\/\/www.girosgourmet.com.br\/index.php\/wp-json\/wp\/v2\/posts\/9303","targetHints":{"allow":["GET"]}}],"collection":[{"href":"http:\/\/www.girosgourmet.com.br\/index.php\/wp-json\/wp\/v2\/posts"}],"about":[{"href":"http:\/\/www.girosgourmet.com.br\/index.php\/wp-json\/wp\/v2\/types\/post"}],"author":[{"embeddable":true,"href":"http:\/\/www.girosgourmet.com.br\/index.php\/wp-json\/wp\/v2\/users\/3"}],"replies":[{"embeddable":true,"href":"http:\/\/www.girosgourmet.com.br\/index.php\/wp-json\/wp\/v2\/comments?post=9303"}],"version-history":[{"count":1,"href":"http:\/\/www.girosgourmet.com.br\/index.php\/wp-json\/wp\/v2\/posts\/9303\/revisions"}],"predecessor-version":[{"id":9306,"href":"http:\/\/www.girosgourmet.com.br\/index.php\/wp-json\/wp\/v2\/posts\/9303\/revisions\/9306"}],"wp:attachment":[{"href":"http:\/\/www.girosgourmet.com.br\/index.php\/wp-json\/wp\/v2\/media?parent=9303"}],"wp:term":[{"taxonomy":"category","embeddable":true,"href":"http:\/\/www.girosgourmet.com.br\/index.php\/wp-json\/wp\/v2\/categories?post=9303"},{"taxonomy":"post_tag","embeddable":true,"href":"http:\/\/www.girosgourmet.com.br\/index.php\/wp-json\/wp\/v2\/tags?post=9303"}],"curies":[{"name":"wp","href":"https:\/\/api.w.org\/{rel}","templated":true}]}}