{"id":9200,"date":"2018-09-03T10:55:46","date_gmt":"2018-09-03T13:55:46","guid":{"rendered":"http:\/\/www.girosgourmet.com.br\/?p=9200"},"modified":"2018-09-03T11:21:39","modified_gmt":"2018-09-03T14:21:39","slug":"giro-teatral-a-dona-da-historia-estreia-em-sao-paulo","status":"publish","type":"post","link":"http:\/\/www.girosgourmet.com.br\/index.php\/giro-teatral-a-dona-da-historia-estreia-em-sao-paulo\/","title":{"rendered":"Giro Teatral: A Dona da Historia estreia em S\u00e3o Paulo."},"content":{"rendered":"<p style=\"text-align: center;\"><img loading=\"lazy\" decoding=\"async\" class=\"aligncenter size-full wp-image-9201\" src=\"http:\/\/www.girosgourmet.com.br\/wp-content\/uploads\/2018\/09\/A-dona-historia.jpg\" alt=\"\" width=\"768\" height=\"512\" srcset=\"http:\/\/www.girosgourmet.com.br\/wp-content\/uploads\/2018\/09\/A-dona-historia.jpg 768w, http:\/\/www.girosgourmet.com.br\/wp-content\/uploads\/2018\/09\/A-dona-historia-300x200.jpg 300w\" sizes=\"auto, (max-width: 768px) 100vw, 768px\" \/><\/p>\n<p style=\"text-align: justify;\">Eu sempre digo que uma pe\u00e7a de teatro \u00e9 uma excelente ferramenta para o auto-conhecimento! Ontem fui a estreia do espet\u00e1culo <strong>A Dona da Hist\u00f3ria<\/strong> e sa\u00ed de l\u00e1 n\u00e3o somente com risadas liberadas, mas com muita coisa para se refletir.<\/p>\n<p style=\"text-align: justify;\"><strong>Angela Dippe<\/strong> e <strong>Luana Martau<\/strong> interpretam a mesma mulher em fases diferentes da vida, aos cinquenta e aos quinze anos, numa esp\u00e9cie de acerto de contas entre juventude e maturidade, expectativa e realidade. E que interpreta\u00e7\u00e3o de ambas! Nunca tinha visto as duas atuarem em teatro e simplesmente eu adorei a qu\u00edmica!<\/p>\n<p style=\"text-align: justify;\">A pe\u00e7a conta a hist\u00f3ria de uma mulher em dois tempos distintos. Entretanto cada uma vive o mesmo tempo, seu tempo presente. Um presente que as tornaram completamente diferentes. O presente da primeira \u00e9 o futuro da segunda. O presente da segunda \u00e9 o passado da primeira. Poderia dizer-se que uma \u00e9 imagina\u00e7\u00e3o e a outra \u00e9 a mem\u00f3ria, ainda que ambas coexistam.<\/p>\n<p style=\"text-align: justify;\">Para mim que estou caminhando para os 50 anos foi um grande \u201ctapa\u201d em meu consciente, me colocou diante de uma reflex\u00e3o atemporal e uma pergunta ficou no ar \u201cComo seria a vida se as escolhas fossem outras? Que vida ter\u00edamos? Se tiv\u00e9ssemos escolhido fazer aquela viagem, morar em outra cidade ou pa\u00eds, se a profiss\u00e3o escolhida foi realmente a certa e dentre tantas outras perguntas agora mais do que nunca, pertinentes, quando o ritmo temporal da vida parece se acelerar a todo instante\u201d.<\/p>\n<p style=\"text-align: justify;\">Quer saber quem ser\u00e1 a Dona da Hist\u00f3ria? V\u00e1 ao teatro e se divirta com esta com\u00e9dia\u00a0 sucesso de p\u00fablico e cr\u00edtica, a primeira montagem ganhou diversos pr\u00eamios e projetou mundialmente o texto, sendo traduzido para o espanhol, ingl\u00eas, franc\u00eas e hebraico. Agora, 20 anos depois, o grande sucesso teatral que tornou <strong>Jo\u00e3o Falc\u00e3o<\/strong> um dos mais festejados dramaturgos e diretor brasileiro ganha nova montagem comemorativa.<\/p>\n<p style=\"text-align: justify;\"><strong><u>SERVI\u00c7O<\/u><\/strong>:<br \/>\n<strong style=\"font-size: 1rem;\">A DONA DA HIST\u00d3RIA<br \/>\n<\/strong><strong style=\"font-size: 1rem;\">Datas: 1, 2, 7,\u00a08 e 9 \u00a0de setembro de 2018<br \/>\n<\/strong><strong style=\"font-size: 1rem;\">Sexta e S\u00e1bado \u00e0s 21h | Domingo \u00e0s 19h<br \/>\n<\/strong><strong style=\"font-size: 1rem;\">Teatro OPUS <\/strong><span style=\"font-size: 1rem;\">(<\/span><a style=\"font-size: 1rem;\" href=\"https:\/\/maps.google.com\/?q=Av.+das+Na+es+Unidas,+n+4777+-+Alto+de+Pinheiros&amp;entry=gmail&amp;source=g\">Av. das Na<\/a><span style=\"font-size: 1rem;\">\u00e7\u00f5<\/span><a style=\"font-size: 1rem;\" href=\"https:\/\/maps.google.com\/?q=Av.+das+Na+es+Unidas,+n+4777+-+Alto+de+Pinheiros&amp;entry=gmail&amp;source=g\">es Unidas, n<\/a><span style=\"font-size: 1rem;\">\u00ba <\/span><a style=\"font-size: 1rem;\" href=\"https:\/\/maps.google.com\/?q=Av.+das+Na+es+Unidas,+n+4777+-+Alto+de+Pinheiros&amp;entry=gmail&amp;source=g\">4777 &#8211; Alto de Pinheiros<\/a><span style=\"font-size: 1rem;\">\/ 4<\/span><sup>o<\/sup><span style=\"font-size: 1rem;\"> piso \u2013 Shopping Villa-Lobos)<br \/>\n<\/span><a href=\"https:\/\/app.workr.com.br\/LinkOpen.aspx?mid=ca15857b-3f4a-475f-ab58-962a6d4de3c6&amp;lid=af45atf2v8X\/ZUu6OKxMow==\">www.teatroopus.com.br<\/a><\/p>\n<iframe src=\"http:\/\/www.facebook.com\/plugins\/like.php?href=http:\/\/www.girosgourmet.com.br\/index.php\/giro-teatral-a-dona-da-historia-estreia-em-sao-paulo\/&amp;layout=standard&amp;show_faces=1&amp;width=450&amp;action=like&amp;colorscheme=light&amp;font=\" scrolling=\"no\" frameborder=\"0\" style=\"border:none; overflow:hidden; width:450px; height:60px\"><\/iframe>","protected":false},"excerpt":{"rendered":"<p>Eu sempre digo que uma pe\u00e7a de teatro \u00e9 uma excelente ferramenta para o auto-conhecimento! Ontem fui a estreia do espet\u00e1culo A Dona da Hist\u00f3ria e sa\u00ed de l\u00e1 n\u00e3o somente com risadas liberadas, mas com muita coisa para se refletir. Angela Dippe e Luana Martau interpretam a mesma mulher [&hellip;]<\/p>\n","protected":false},"author":3,"featured_media":0,"comment_status":"open","ping_status":"closed","sticky":false,"template":"","format":"standard","meta":{"footnotes":""},"categories":[40],"tags":[2134,161],"class_list":["post-9200","post","type-post","status-publish","format-standard","hentry","category-culturamodabelezabem-estar","tag-a-dona-da-historia","tag-teatro"],"_links":{"self":[{"href":"http:\/\/www.girosgourmet.com.br\/index.php\/wp-json\/wp\/v2\/posts\/9200","targetHints":{"allow":["GET"]}}],"collection":[{"href":"http:\/\/www.girosgourmet.com.br\/index.php\/wp-json\/wp\/v2\/posts"}],"about":[{"href":"http:\/\/www.girosgourmet.com.br\/index.php\/wp-json\/wp\/v2\/types\/post"}],"author":[{"embeddable":true,"href":"http:\/\/www.girosgourmet.com.br\/index.php\/wp-json\/wp\/v2\/users\/3"}],"replies":[{"embeddable":true,"href":"http:\/\/www.girosgourmet.com.br\/index.php\/wp-json\/wp\/v2\/comments?post=9200"}],"version-history":[{"count":4,"href":"http:\/\/www.girosgourmet.com.br\/index.php\/wp-json\/wp\/v2\/posts\/9200\/revisions"}],"predecessor-version":[{"id":9205,"href":"http:\/\/www.girosgourmet.com.br\/index.php\/wp-json\/wp\/v2\/posts\/9200\/revisions\/9205"}],"wp:attachment":[{"href":"http:\/\/www.girosgourmet.com.br\/index.php\/wp-json\/wp\/v2\/media?parent=9200"}],"wp:term":[{"taxonomy":"category","embeddable":true,"href":"http:\/\/www.girosgourmet.com.br\/index.php\/wp-json\/wp\/v2\/categories?post=9200"},{"taxonomy":"post_tag","embeddable":true,"href":"http:\/\/www.girosgourmet.com.br\/index.php\/wp-json\/wp\/v2\/tags?post=9200"}],"curies":[{"name":"wp","href":"https:\/\/api.w.org\/{rel}","templated":true}]}}