{"id":9108,"date":"2018-07-27T15:56:47","date_gmt":"2018-07-27T18:56:47","guid":{"rendered":"http:\/\/www.girosgourmet.com.br\/?p=9108"},"modified":"2018-07-27T15:56:47","modified_gmt":"2018-07-27T18:56:47","slug":"morena-leite-e-voluntaria-na-proxima-edicao-do-sabores-na-catedral","status":"publish","type":"post","link":"http:\/\/www.girosgourmet.com.br\/index.php\/morena-leite-e-voluntaria-na-proxima-edicao-do-sabores-na-catedral\/","title":{"rendered":"Morena Leite, \u00e9 volunt\u00e1ria na pr\u00f3xima edi\u00e7\u00e3o do \u201cSabores na Catedral&#8221;."},"content":{"rendered":"<p style=\"text-align: center;\"><img loading=\"lazy\" decoding=\"async\" class=\"aligncenter size-full wp-image-9109\" src=\"http:\/\/www.girosgourmet.com.br\/wp-content\/uploads\/2018\/07\/Catedral-Morena-Leite2.jpg\" alt=\"\" width=\"1134\" height=\"1512\" srcset=\"http:\/\/www.girosgourmet.com.br\/wp-content\/uploads\/2018\/07\/Catedral-Morena-Leite2.jpg 1134w, http:\/\/www.girosgourmet.com.br\/wp-content\/uploads\/2018\/07\/Catedral-Morena-Leite2-225x300.jpg 225w, http:\/\/www.girosgourmet.com.br\/wp-content\/uploads\/2018\/07\/Catedral-Morena-Leite2-768x1024.jpg 768w\" sizes=\"auto, (max-width: 1134px) 100vw, 1134px\" \/><\/p>\n<p style=\"text-align: justify;\"><span style=\"color: #000000;\">E tem evento super legal e diferent\u00e3o neste final de semana em S\u00e3o Paulo. Neste domingo 29 de julho, a partir das 12h30, acontece na <strong>Catedral da S\u00e9,<\/strong> em S\u00e3o Paulo, mais uma edi\u00e7\u00e3o do \u201c<strong>Sabores na Catedral<\/strong>\u201d, desta vez com menu assinado pela consagrada <strong>Chef Morena Leite<\/strong>. Ela disp\u00f5e ao evento seu trabalho volunt\u00e1rio, com a equipe do Capim Santo e os alunos do Instituto Capim Santo.<\/span><\/p>\n<p style=\"text-align: justify;\"><span style=\"color: #000000;\">A iniciativa re\u00fane membros da <strong>Associa\u00e7\u00e3o de Amigos da Catedral,<\/strong> profissionais solid\u00e1rios e empresas, em prol de um conjunto de projetos para ajudar na manuten\u00e7\u00e3o do templo &#8211; um dos maiores do mundo em estilo neog\u00f3tico. Est\u00e3o contemplados no plano as reformas e restauros estruturais do \u00f3rg\u00e3o de tubos; do carrilh\u00e3o de sinos e da nova ilumina\u00e7\u00e3o interna e externa.<\/span><\/p>\n<p style=\"text-align: justify;\"><span style=\"color: #000000;\">A s\u00e9rie Sabores na Catedral combina gastronomia e cultura, incluindo eventos com a presen\u00e7a de grandes chefs e visitas exclusivas a alguns espa\u00e7os da catedral, como torres, c\u00fapula e \u00f3rg\u00e3o de tubos. Isso al\u00e9m da oportunidade \u00fanica de ver de perto os vitrais e capit\u00e9is da S\u00e9.<\/span><\/p>\n<p style=\"text-align: justify;\"><span style=\"color: #000000;\">A Chef Morena Leite traz em suas cria\u00e7\u00f5es elementos expressivos da cozinha brasileira, valoriza\u00e7\u00e3o da cultura regional do pa\u00eds, cores, texturas, sabores e um \u2018algo mais\u2019 bem singular de nosso pa\u00eds: pratos que valorizam o ato do \u2018compartilhar\u2019.<\/span><\/p>\n<p style=\"text-align: center;\"><img loading=\"lazy\" decoding=\"async\" class=\"aligncenter size-full wp-image-9110\" src=\"http:\/\/www.girosgourmet.com.br\/wp-content\/uploads\/2018\/07\/Barriga-de-porco-prensada-com-bok-choy-favas-e-molho-de-tangerina-2-003.jpg\" alt=\"\" width=\"5760\" height=\"3840\" srcset=\"http:\/\/www.girosgourmet.com.br\/wp-content\/uploads\/2018\/07\/Barriga-de-porco-prensada-com-bok-choy-favas-e-molho-de-tangerina-2-003.jpg 5760w, http:\/\/www.girosgourmet.com.br\/wp-content\/uploads\/2018\/07\/Barriga-de-porco-prensada-com-bok-choy-favas-e-molho-de-tangerina-2-003-300x200.jpg 300w, http:\/\/www.girosgourmet.com.br\/wp-content\/uploads\/2018\/07\/Barriga-de-porco-prensada-com-bok-choy-favas-e-molho-de-tangerina-2-003-768x512.jpg 768w, http:\/\/www.girosgourmet.com.br\/wp-content\/uploads\/2018\/07\/Barriga-de-porco-prensada-com-bok-choy-favas-e-molho-de-tangerina-2-003-1024x683.jpg 1024w\" sizes=\"auto, (max-width: 5760px) 100vw, 5760px\" \/><\/p>\n<p style=\"text-align: justify;\"><span style=\"color: #000000;\">O servi\u00e7o nesta edi\u00e7\u00e3o do Sabores da Catedral iniciar\u00e1 com fartas mesas de buffet, com\u00a0del\u00edcias expostas como\u00a0<\/span><span style=\"font-size: 1rem;\"><strong>Barriga-de-porco-prensada-com-bok-choy-favas-e-molho-de-tangerina\u00a0<\/strong><\/span><span style=\"color: #000000;\">e mais outros 18 pratos. Na sequ\u00eancia um prato surpresa de cozinha autoral da Chef Morena Leite, criado em pesquisa em sua \u00faltima viagem para o Para, com ingredientes da nossa Amaz\u00f4nia, ser\u00e1 servido\u00a0<em>empratado<\/em>.<\/span><\/p>\n<p>Imperd\u00edvel!<\/p>\n<p><span style=\"color: #000000;\"><strong>Programa\u00e7\u00e3o e servi\u00e7os:<\/strong><\/span><\/p>\n<p><span style=\"color: #000000;\">11h00 \u2013 Missa presidida pelo Cardeal Odilo Pedro Scherer, Arcebispo Metropolitano de S\u00e3o Paulo.<br \/>\n<\/span><span style=\"color: #000000; font-size: 1rem;\">12h30 \u2013 Sabores na Catedral \u2013 com a presen\u00e7a da Chef Morena Leite<br \/>\n<\/span><span style=\"color: #000000; font-size: 1rem;\">14h00 \u2013 Tour guiado, com visita exclusiva as torres e c\u00fapula da Catedral\u00a0<\/span><\/p>\n<iframe src=\"http:\/\/www.facebook.com\/plugins\/like.php?href=http:\/\/www.girosgourmet.com.br\/index.php\/morena-leite-e-voluntaria-na-proxima-edicao-do-sabores-na-catedral\/&amp;layout=standard&amp;show_faces=1&amp;width=450&amp;action=like&amp;colorscheme=light&amp;font=\" scrolling=\"no\" frameborder=\"0\" style=\"border:none; overflow:hidden; width:450px; height:60px\"><\/iframe>","protected":false},"excerpt":{"rendered":"<p>E tem evento super legal e diferent\u00e3o neste final de semana em S\u00e3o Paulo. Neste domingo 29 de julho, a partir das 12h30, acontece na Catedral da S\u00e9, em S\u00e3o Paulo, mais uma edi\u00e7\u00e3o do \u201cSabores na Catedral\u201d, desta vez com menu assinado pela consagrada Chef Morena Leite. Ela disp\u00f5e [&hellip;]<\/p>\n","protected":false},"author":3,"featured_media":0,"comment_status":"open","ping_status":"closed","sticky":false,"template":"","format":"standard","meta":{"footnotes":""},"categories":[39],"tags":[2059,765,822,2108],"class_list":["post-9108","post","type-post","status-publish","format-standard","hentry","category-gastronomia","tag-casa-flora","tag-catedral-da-se","tag-chef-morena-leite","tag-sabores-na-catedral"],"_links":{"self":[{"href":"http:\/\/www.girosgourmet.com.br\/index.php\/wp-json\/wp\/v2\/posts\/9108","targetHints":{"allow":["GET"]}}],"collection":[{"href":"http:\/\/www.girosgourmet.com.br\/index.php\/wp-json\/wp\/v2\/posts"}],"about":[{"href":"http:\/\/www.girosgourmet.com.br\/index.php\/wp-json\/wp\/v2\/types\/post"}],"author":[{"embeddable":true,"href":"http:\/\/www.girosgourmet.com.br\/index.php\/wp-json\/wp\/v2\/users\/3"}],"replies":[{"embeddable":true,"href":"http:\/\/www.girosgourmet.com.br\/index.php\/wp-json\/wp\/v2\/comments?post=9108"}],"version-history":[{"count":1,"href":"http:\/\/www.girosgourmet.com.br\/index.php\/wp-json\/wp\/v2\/posts\/9108\/revisions"}],"predecessor-version":[{"id":9111,"href":"http:\/\/www.girosgourmet.com.br\/index.php\/wp-json\/wp\/v2\/posts\/9108\/revisions\/9111"}],"wp:attachment":[{"href":"http:\/\/www.girosgourmet.com.br\/index.php\/wp-json\/wp\/v2\/media?parent=9108"}],"wp:term":[{"taxonomy":"category","embeddable":true,"href":"http:\/\/www.girosgourmet.com.br\/index.php\/wp-json\/wp\/v2\/categories?post=9108"},{"taxonomy":"post_tag","embeddable":true,"href":"http:\/\/www.girosgourmet.com.br\/index.php\/wp-json\/wp\/v2\/tags?post=9108"}],"curies":[{"name":"wp","href":"https:\/\/api.w.org\/{rel}","templated":true}]}}