{"id":9076,"date":"2018-07-12T06:31:50","date_gmt":"2018-07-12T09:31:50","guid":{"rendered":"http:\/\/www.girosgourmet.com.br\/?p=9076"},"modified":"2018-07-12T06:35:18","modified_gmt":"2018-07-12T09:35:18","slug":"festival-brasileirinho-na-mercearia-do-conde-imperdivel","status":"publish","type":"post","link":"http:\/\/www.girosgourmet.com.br\/index.php\/festival-brasileirinho-na-mercearia-do-conde-imperdivel\/","title":{"rendered":"Festival Brasileirinho na Mercearia do Conde. Imperdivel!"},"content":{"rendered":"<p style=\"text-align: center;\"><img loading=\"lazy\" decoding=\"async\" class=\"aligncenter size-full wp-image-9077\" src=\"http:\/\/www.girosgourmet.com.br\/wp-content\/uploads\/2018\/07\/Foto-01.jpg\" alt=\"\" width=\"2362\" height=\"1575\" srcset=\"http:\/\/www.girosgourmet.com.br\/wp-content\/uploads\/2018\/07\/Foto-01.jpg 2362w, http:\/\/www.girosgourmet.com.br\/wp-content\/uploads\/2018\/07\/Foto-01-300x200.jpg 300w, http:\/\/www.girosgourmet.com.br\/wp-content\/uploads\/2018\/07\/Foto-01-768x512.jpg 768w, http:\/\/www.girosgourmet.com.br\/wp-content\/uploads\/2018\/07\/Foto-01-1024x683.jpg 1024w\" sizes=\"auto, (max-width: 2362px) 100vw, 2362px\" \/><\/p>\n<p style=\"text-align: justify;\">S\u00e3o Paulo-Salvador. At\u00e9 15 de julho essa conex\u00e3o, que se mistura \u00e0 pr\u00f3pria hist\u00f3ria da <strong>Mercearia do Conde<\/strong>, estar\u00e1 tomando conta da colorida casa de esquina da Joaquim Antunes, no Jardim Paulistano. O restaurante j\u00e1 est\u00e1 promovendo desde o inicio deste m\u00eas, no almo\u00e7o e no jantar, o <strong>Festival Brasileirinho<\/strong>, com menu de cinco pratos que s\u00e3o \u00edcones da gastronomia brasileira e com direito a um shot de Caipirinha de Erva Cidreira.<\/p>\n<p style=\"text-align: justify;\">As receitas foram criadas a quatro m\u00e3os pela chef e restauratrice<strong> Maddalena Stasi<\/strong>, s\u00f3cia-fundadora da Mercearia do Conde, e <strong>Caloca Fernandes<\/strong>, que \u00e9 pesquisador de cozinha patrimonial, jornalista, e tio de Maddalena. Ela, soteropolitana radicada em S\u00e3o Paulo e \u00e0 frente de um restaurante com 26 anos, trajet\u00f3ria que se mistura \u00e0 pr\u00f3pria hist\u00f3ria da cidade, e ele, paulistano atualmente vivendo em Trancoso, Sul da Bahia, autor de in\u00fameras obras que recuperam receitas da culin\u00e1ria nacional e fazem uma verdadeira viagem gastron\u00f4mica pelo pa\u00eds.<\/p>\n<p style=\"text-align: center;\"><img loading=\"lazy\" decoding=\"async\" class=\"aligncenter wp-image-9078 size-large\" src=\"http:\/\/www.girosgourmet.com.br\/wp-content\/uploads\/2018\/07\/Foto-02-776x1024.jpg\" alt=\"\" width=\"525\" height=\"693\" srcset=\"http:\/\/www.girosgourmet.com.br\/wp-content\/uploads\/2018\/07\/Foto-02-776x1024.jpg 776w, http:\/\/www.girosgourmet.com.br\/wp-content\/uploads\/2018\/07\/Foto-02-227x300.jpg 227w, http:\/\/www.girosgourmet.com.br\/wp-content\/uploads\/2018\/07\/Foto-02-768x1013.jpg 768w, http:\/\/www.girosgourmet.com.br\/wp-content\/uploads\/2018\/07\/Foto-02.jpg 945w\" sizes=\"auto, (max-width: 525px) 100vw, 525px\" \/><\/p>\n<p style=\"text-align: justify;\">S\u00e3o os cinco pratos: <strong>Farnel dos Bandeirantes<\/strong> (feito com farinha de milho, guisado de frango, lingui\u00e7a, pupunha, tomate e ovos caipiras cozidos, servido numa panelinha amarrada com um tecido, como no tempo dos bandeirantes, R$ 74); <strong>Virado Paulista<\/strong> (virado de feij\u00e3o com costelinha de porco confit, ovo caipira estrelado, arroz, couve salteada e croquetes de banana, R$ 74), <strong>Vatap\u00e1<\/strong> (preparado com bacalhau, p\u00e3o, azeite de dend\u00ea, gengibre, castanha de caju, R$ 74), <strong>Bob\u00f3 de Camar\u00e3o<\/strong> (creme \u00e0 base de mandioca, leite de coco, azeite de dend\u00ea e camar\u00f5es, R$ 79) e <strong>Moqueca de Banana-da-Terra<\/strong> (vers\u00e3o vegana do tradicional prato baiano preparado com\u00a0 banana-da-terra, leite de coco e azeite de dend\u00ea, R$ 65). Os pratos baianos do festival &#8211; bob\u00f3, vatap\u00e1 e moqueca &#8211; v\u00eam acompanhados de arroz branco com castanha de caju, saladinha de couve e o molho de pimenta da casa.<\/p>\n<p style=\"text-align: justify;\">Para harmonizar, a dica da casa \u00e9 a nova carta de caipirinhas com ingredientes nacionais, elaborada pelo barman da casa, Ray Sousa. O menu traz op\u00e7\u00f5es arom\u00e1ticas e refrescantes como: <strong>Caipitanga<\/strong> Refrescante (pitanga, cacha\u00e7a org\u00e2nica, hortel\u00e3 e gelo de garapa), <strong>Caipirinha do S\u00edtio<\/strong> (cacha\u00e7a, caju com mexerica) e a <strong>Caipira do Engenho<\/strong> (cacha\u00e7a, lim\u00f5es cravo, siciliano e Taiti com mel de engenho). Todas a R$ 29 e preparadas com a cacha\u00e7a org\u00e2nica Yaguara.<\/p>\n<p style=\"text-align: justify;\">Ainda d\u00e1 tempo de provar uma destas delicias, corre l\u00e1!<\/p>\n<p style=\"text-align: justify;\"><strong>Servi\u00e7o:<\/strong><\/p>\n<p style=\"text-align: justify;\">Mercearia do Conde<br \/>\n<a href=\"http:\/\/cl.envio.maxpressmail.com.br\/IjOe\/\">www.merceariadoconde.com.br<br \/>\n<\/a><a href=\"https:\/\/maps.google.com\/?q=Rua+Joaquim+Antunes,+217+-+Jardim+Paulistano++CEP:+05415-010+-+S%C3%A3o+Paulo+-+SP&amp;entry=gmail&amp;source=g\">Rua Joaquim Antunes, 217 &#8211; Jardim Paulistano <\/a><a href=\"https:\/\/maps.google.com\/?q=Rua+Joaquim+Antunes,+217+-+Jardim+Paulistano++CEP:+05415-010+-+S%C3%A3o+Paulo+-+SP&amp;entry=gmail&amp;source=g\">\u00a0&#8211; S\u00e3o Paulo &#8211; SP<br \/>\n<\/a><span style=\"font-size: 1rem;\">Tel. 11 3081-7204<\/span><\/p>\n<iframe src=\"http:\/\/www.facebook.com\/plugins\/like.php?href=http:\/\/www.girosgourmet.com.br\/index.php\/festival-brasileirinho-na-mercearia-do-conde-imperdivel\/&amp;layout=standard&amp;show_faces=1&amp;width=450&amp;action=like&amp;colorscheme=light&amp;font=\" scrolling=\"no\" frameborder=\"0\" style=\"border:none; overflow:hidden; width:450px; height:60px\"><\/iframe>","protected":false},"excerpt":{"rendered":"<p>S\u00e3o Paulo-Salvador. At\u00e9 15 de julho essa conex\u00e3o, que se mistura \u00e0 pr\u00f3pria hist\u00f3ria da Mercearia do Conde, estar\u00e1 tomando conta da colorida casa de esquina da Joaquim Antunes, no Jardim Paulistano. O restaurante j\u00e1 est\u00e1 promovendo desde o inicio deste m\u00eas, no almo\u00e7o e no jantar, o Festival Brasileirinho, [&hellip;]<\/p>\n","protected":false},"author":3,"featured_media":0,"comment_status":"open","ping_status":"closed","sticky":false,"template":"","format":"standard","meta":{"footnotes":""},"categories":[39],"tags":[2100,1597],"class_list":["post-9076","post","type-post","status-publish","format-standard","hentry","category-gastronomia","tag-festival-brasileirinho","tag-mercearia-do-conde"],"_links":{"self":[{"href":"http:\/\/www.girosgourmet.com.br\/index.php\/wp-json\/wp\/v2\/posts\/9076","targetHints":{"allow":["GET"]}}],"collection":[{"href":"http:\/\/www.girosgourmet.com.br\/index.php\/wp-json\/wp\/v2\/posts"}],"about":[{"href":"http:\/\/www.girosgourmet.com.br\/index.php\/wp-json\/wp\/v2\/types\/post"}],"author":[{"embeddable":true,"href":"http:\/\/www.girosgourmet.com.br\/index.php\/wp-json\/wp\/v2\/users\/3"}],"replies":[{"embeddable":true,"href":"http:\/\/www.girosgourmet.com.br\/index.php\/wp-json\/wp\/v2\/comments?post=9076"}],"version-history":[{"count":2,"href":"http:\/\/www.girosgourmet.com.br\/index.php\/wp-json\/wp\/v2\/posts\/9076\/revisions"}],"predecessor-version":[{"id":9080,"href":"http:\/\/www.girosgourmet.com.br\/index.php\/wp-json\/wp\/v2\/posts\/9076\/revisions\/9080"}],"wp:attachment":[{"href":"http:\/\/www.girosgourmet.com.br\/index.php\/wp-json\/wp\/v2\/media?parent=9076"}],"wp:term":[{"taxonomy":"category","embeddable":true,"href":"http:\/\/www.girosgourmet.com.br\/index.php\/wp-json\/wp\/v2\/categories?post=9076"},{"taxonomy":"post_tag","embeddable":true,"href":"http:\/\/www.girosgourmet.com.br\/index.php\/wp-json\/wp\/v2\/tags?post=9076"}],"curies":[{"name":"wp","href":"https:\/\/api.w.org\/{rel}","templated":true}]}}