{"id":9034,"date":"2018-06-25T16:10:49","date_gmt":"2018-06-25T19:10:49","guid":{"rendered":"http:\/\/www.girosgourmet.com.br\/?p=9034"},"modified":"2018-06-25T16:27:45","modified_gmt":"2018-06-25T19:27:45","slug":"a-herdade-do-esporao-abre-suas-portas-no-alentejo-para-uma-uma-experiencia-unica","status":"publish","type":"post","link":"http:\/\/www.girosgourmet.com.br\/index.php\/a-herdade-do-esporao-abre-suas-portas-no-alentejo-para-uma-uma-experiencia-unica\/","title":{"rendered":"A Herdade do Espor\u00e3o abre suas portas no Alentejo para uma uma experi\u00eancia \u00fanica!"},"content":{"rendered":"<p style=\"text-align: center;\"><img loading=\"lazy\" decoding=\"async\" class=\"aligncenter size-full wp-image-9036\" src=\"http:\/\/www.girosgourmet.com.br\/wp-content\/uploads\/2018\/06\/esporao-enofilos.jpg\" alt=\"\" width=\"1280\" height=\"853\" srcset=\"http:\/\/www.girosgourmet.com.br\/wp-content\/uploads\/2018\/06\/esporao-enofilos.jpg 1280w, http:\/\/www.girosgourmet.com.br\/wp-content\/uploads\/2018\/06\/esporao-enofilos-300x200.jpg 300w, http:\/\/www.girosgourmet.com.br\/wp-content\/uploads\/2018\/06\/esporao-enofilos-768x512.jpg 768w, http:\/\/www.girosgourmet.com.br\/wp-content\/uploads\/2018\/06\/esporao-enofilos-1024x682.jpg 1024w\" sizes=\"auto, (max-width: 1280px) 100vw, 1280px\" \/><\/p>\n<p style=\"text-align: justify;\">Est\u00e1 em <strong>Portugal<\/strong>, procurando algo para se fazer e que v\u00e1 de encontro a tudo que amamos? gastronomia, belas paisagens e vinhos?! Ent\u00e3o v\u00e1 correndo para o <strong>Alentejo<\/strong> e vivencie a <strong>4\u00aa edi\u00e7\u00e3o do \u201cDia Grande\u201d<\/strong>, um fim de semana especial e riquissimo em experi\u00eancias.<\/p>\n<p style=\"text-align: justify;\">Os produtores de vinhos &amp; azeites <strong>Espor\u00e3o<\/strong> abre as portas de sua <strong>Herdade<\/strong> para muitas degusta\u00e7\u00f5es, visitas \u00e0s caves, workshops e concertos, tudo para que os convidados possam conhecer a ess\u00eancia da marca. Al\u00e9m disso, ter\u00e1 tamb\u00e9m passeios de bicicleta, piquenique, cinema e teatro para as crian\u00e7as.<\/p>\n<p style=\"text-align: justify;\">Para os enofilos prova de vinhos de talha vertical de <strong>Monte Velho<\/strong> e prova de raros<strong> Espor\u00e3o Garrafeira<\/strong>, seu r\u00f3tulo mais ic\u00f4nico, ser\u00e3o um dos destaques do final de semana. Tamb\u00e9m haver\u00e1 duas grandes exposi\u00e7\u00f5es no Centro de Enoturismo Espor\u00e3o: \u2018<strong>A Arte dos R\u00f3tulos Espor\u00e3o<\/strong>\u2019 e \u2018<strong>10 anos da Quinta dos Mur\u00e7as<\/strong>\u2019.<\/p>\n<p style=\"text-align: center;\"><img loading=\"lazy\" decoding=\"async\" class=\"aligncenter size-full wp-image-9037\" src=\"http:\/\/www.girosgourmet.com.br\/wp-content\/uploads\/2018\/06\/esporao.jpg\" alt=\"\" width=\"1200\" height=\"800\" srcset=\"http:\/\/www.girosgourmet.com.br\/wp-content\/uploads\/2018\/06\/esporao.jpg 1200w, http:\/\/www.girosgourmet.com.br\/wp-content\/uploads\/2018\/06\/esporao-300x200.jpg 300w, http:\/\/www.girosgourmet.com.br\/wp-content\/uploads\/2018\/06\/esporao-768x512.jpg 768w, http:\/\/www.girosgourmet.com.br\/wp-content\/uploads\/2018\/06\/esporao-1024x683.jpg 1024w\" sizes=\"auto, (max-width: 1200px) 100vw, 1200px\" \/><\/p>\n<p style=\"text-align: justify;\">Entre os workshops, destaque ao de serigrafia com <strong>Diogo Decalle<\/strong> e \u00e0 aula de pr\u00e1ticas agr\u00edcolas acompanhada de prova de vinho Espor\u00e3o Colheita.<\/p>\n<p style=\"text-align: justify;\">Para o almo\u00e7o, nove conhecidos chefs portugueses criaram um menu especial: <strong>Bruno Caseiro, Ant\u00f3nio Galapito, Hugo Brito, Leopoldo Garcia, Rodrigo Castelo, Rui Martins, Vasco Coelho Santos, Jos\u00e9 J\u00falio Vint\u00e9m e Joaquim Saraiva.<\/strong> Os pratos, feitos com produtos org\u00e2nicos, prometem garantir ao convidado uma interessante experi\u00eancia gastron\u00f4mica.<\/p>\n<p style=\"text-align: center;\"><img loading=\"lazy\" decoding=\"async\" class=\"aligncenter size-full wp-image-9038\" src=\"http:\/\/www.girosgourmet.com.br\/wp-content\/uploads\/2018\/06\/esporao-fachada.jpg\" alt=\"\" width=\"1280\" height=\"853\" srcset=\"http:\/\/www.girosgourmet.com.br\/wp-content\/uploads\/2018\/06\/esporao-fachada.jpg 1280w, http:\/\/www.girosgourmet.com.br\/wp-content\/uploads\/2018\/06\/esporao-fachada-300x200.jpg 300w, http:\/\/www.girosgourmet.com.br\/wp-content\/uploads\/2018\/06\/esporao-fachada-768x512.jpg 768w, http:\/\/www.girosgourmet.com.br\/wp-content\/uploads\/2018\/06\/esporao-fachada-1024x682.jpg 1024w\" sizes=\"auto, (max-width: 1280px) 100vw, 1280px\" \/><\/p>\n<p style=\"text-align: justify;\">Durante o \u201cDia Grande\u201d, a m\u00fasica tamb\u00e9m estar\u00e1 presente: nos jardins da Herdade, performances e atua\u00e7\u00f5es musicais ficar\u00e3o a cargo do bailarino <strong>Romeu Runa<\/strong> e do grupo de jazz <strong>Desbundixie.<\/strong><\/p>\n<p style=\"text-align: justify;\">E se voc\u00ea tiver afins de dormir e acordar bem no meio do vinhedo, tamb\u00e9m poder\u00e1 desfrutar deste momento. Demais n\u00e9?<\/p>\n<p style=\"text-align: justify;\">A Herdade do Espor\u00e3o \u00e9 apenas aberta uma vez ao ano, onde voc\u00ea ter\u00e1 a oportunidade de descobrir todos os seus segredos. Vale a experi\u00eancia!<\/p>\n<p>Para mais informa\u00e7\u00f5es, acesse\u00a0<strong><u><a href=\"http:\/\/diagrande.pt\/\">http:\/\/diagrande.pt\/<\/a><\/u><\/strong><strong>. <\/strong><\/p>\n<p>&nbsp;<\/p>\n<iframe src=\"http:\/\/www.facebook.com\/plugins\/like.php?href=http:\/\/www.girosgourmet.com.br\/index.php\/a-herdade-do-esporao-abre-suas-portas-no-alentejo-para-uma-uma-experiencia-unica\/&amp;layout=standard&amp;show_faces=1&amp;width=450&amp;action=like&amp;colorscheme=light&amp;font=\" scrolling=\"no\" frameborder=\"0\" style=\"border:none; overflow:hidden; width:450px; height:60px\"><\/iframe>","protected":false},"excerpt":{"rendered":"<p>Est\u00e1 em Portugal, procurando algo para se fazer e que v\u00e1 de encontro a tudo que amamos? gastronomia, belas paisagens e vinhos?! Ent\u00e3o v\u00e1 correndo para o Alentejo e vivencie a 4\u00aa edi\u00e7\u00e3o do \u201cDia Grande\u201d, um fim de semana especial e riquissimo em experi\u00eancias. Os produtores de vinhos &amp; [&hellip;]<\/p>\n","protected":false},"author":3,"featured_media":0,"comment_status":"open","ping_status":"closed","sticky":false,"template":"","format":"standard","meta":{"footnotes":""},"categories":[39,41],"tags":[2089,2090,2091,2088,296],"class_list":["post-9034","post","type-post","status-publish","format-standard","hentry","category-gastronomia","category-viagens","tag-alentejo","tag-enofilos","tag-esporao","tag-portugal","tag-vinhos"],"_links":{"self":[{"href":"http:\/\/www.girosgourmet.com.br\/index.php\/wp-json\/wp\/v2\/posts\/9034","targetHints":{"allow":["GET"]}}],"collection":[{"href":"http:\/\/www.girosgourmet.com.br\/index.php\/wp-json\/wp\/v2\/posts"}],"about":[{"href":"http:\/\/www.girosgourmet.com.br\/index.php\/wp-json\/wp\/v2\/types\/post"}],"author":[{"embeddable":true,"href":"http:\/\/www.girosgourmet.com.br\/index.php\/wp-json\/wp\/v2\/users\/3"}],"replies":[{"embeddable":true,"href":"http:\/\/www.girosgourmet.com.br\/index.php\/wp-json\/wp\/v2\/comments?post=9034"}],"version-history":[{"count":5,"href":"http:\/\/www.girosgourmet.com.br\/index.php\/wp-json\/wp\/v2\/posts\/9034\/revisions"}],"predecessor-version":[{"id":9042,"href":"http:\/\/www.girosgourmet.com.br\/index.php\/wp-json\/wp\/v2\/posts\/9034\/revisions\/9042"}],"wp:attachment":[{"href":"http:\/\/www.girosgourmet.com.br\/index.php\/wp-json\/wp\/v2\/media?parent=9034"}],"wp:term":[{"taxonomy":"category","embeddable":true,"href":"http:\/\/www.girosgourmet.com.br\/index.php\/wp-json\/wp\/v2\/categories?post=9034"},{"taxonomy":"post_tag","embeddable":true,"href":"http:\/\/www.girosgourmet.com.br\/index.php\/wp-json\/wp\/v2\/tags?post=9034"}],"curies":[{"name":"wp","href":"https:\/\/api.w.org\/{rel}","templated":true}]}}