{"id":9029,"date":"2018-06-20T10:32:50","date_gmt":"2018-06-20T13:32:50","guid":{"rendered":"http:\/\/www.girosgourmet.com.br\/?p=9029"},"modified":"2018-06-20T10:32:50","modified_gmt":"2018-06-20T13:32:50","slug":"festival-gastronomico-de-buzios-chega-a-17a-edicao-com-80-restaurantes-participantes","status":"publish","type":"post","link":"http:\/\/www.girosgourmet.com.br\/index.php\/festival-gastronomico-de-buzios-chega-a-17a-edicao-com-80-restaurantes-participantes\/","title":{"rendered":"Festival Gastron\u00f4mico de B\u00fazios chega a 17\u00aa edi\u00e7\u00e3o com  80 restaurantes participantes"},"content":{"rendered":"<p style=\"text-align: center;\"><img loading=\"lazy\" decoding=\"async\" class=\"aligncenter size-full wp-image-9030\" src=\"http:\/\/www.girosgourmet.com.br\/wp-content\/uploads\/2018\/06\/Festival-Gastron\u00f4mico-de-B\u00fazios-_Cred-Fabio-Rossi-2.jpg\" alt=\"\" width=\"1920\" height=\"1278\" srcset=\"http:\/\/www.girosgourmet.com.br\/wp-content\/uploads\/2018\/06\/Festival-Gastron\u00f4mico-de-B\u00fazios-_Cred-Fabio-Rossi-2.jpg 1920w, http:\/\/www.girosgourmet.com.br\/wp-content\/uploads\/2018\/06\/Festival-Gastron\u00f4mico-de-B\u00fazios-_Cred-Fabio-Rossi-2-300x200.jpg 300w, http:\/\/www.girosgourmet.com.br\/wp-content\/uploads\/2018\/06\/Festival-Gastron\u00f4mico-de-B\u00fazios-_Cred-Fabio-Rossi-2-768x511.jpg 768w, http:\/\/www.girosgourmet.com.br\/wp-content\/uploads\/2018\/06\/Festival-Gastron\u00f4mico-de-B\u00fazios-_Cred-Fabio-Rossi-2-1024x682.jpg 1024w\" sizes=\"auto, (max-width: 1920px) 100vw, 1920px\" \/><\/p>\n<p style=\"text-align: justify;\">E j\u00e1 j\u00e1 ta chegando um dos festivais gastron\u00f4micos que mais adoro nesta exist\u00eancia! Um dos principais do estado do Rio, o <strong>Festival Gastron\u00f4mico de B\u00fazios,<\/strong> que chega a sua 17\u00aa edi\u00e7\u00e3o em 2018, \u00e9 um excelente motivo para visitar a cidade durante o inverno. Este ano, o evento acontece nos dois primeiros finais de semana de julho: de 6 a 8, e de 13 a 15.<\/p>\n<p style=\"text-align: justify;\">Durante o festival, os mais conceituados e charmosos restaurantes da cidade montam mesas nas cal\u00e7adas e oferecem receitas em por\u00e7\u00f5es de degusta\u00e7\u00e3o a pre\u00e7os convidativos, com entradas e sobremesas a R$ 15, e pratos principais a R$ 22.<\/p>\n<p style=\"text-align: justify;\">Ao todo, ser\u00e3o 80 restaurantes participantes, n\u00famero recorde em compara\u00e7\u00e3o \u00e0s outras edi\u00e7\u00f5es do festival, que, neste ano, ter\u00e1 como homenageado o <strong>chef N\u00e9lson Ramos Filho<\/strong>, o saudoso Nelsinho.<\/p>\n<p style=\"text-align: justify;\">O festival acontecer\u00e1 em seis localidades diferentes no <strong>Centro<\/strong>, nos<strong> Ossos <\/strong>e em <strong>Manguinhos<\/strong>. No Centro, as degusta\u00e7\u00f5es ser\u00e3o \u00e0s sextas e s\u00e1bados, das 19h \u00e0 meia-noite, na Rua das Pedras, Rua Manoel Tur\u00edbio de Farias e na Orla Bardot. Nos Ossos, o circuito acontece nas tardes de s\u00e1bado e domingo, das 14h at\u00e9 \u00e0s 21h, na Lagoa dos Ossos e na Pra\u00e7a dos Ossos. Em Manguinhos, participar\u00e3o os 15 restaurantes do Complexo Gastron\u00f4mico Porto da Barra, \u00e0s sextas e s\u00e1bados, das 19h \u00e0 meia-noite.<\/p>\n<p style=\"text-align: justify;\">Para n\u00e3o se perder nas v\u00e1rias atra\u00e7\u00f5es do evento, o visitante receber\u00e1 um mapa com todos os restaurantes participantes e seus endere\u00e7os originais.<\/p>\n<div id=\"attachment_9031\" style=\"width: 1930px\" class=\"wp-caption aligncenter\"><img loading=\"lazy\" decoding=\"async\" aria-describedby=\"caption-attachment-9031\" class=\"size-full wp-image-9031\" src=\"http:\/\/www.girosgourmet.com.br\/wp-content\/uploads\/2018\/06\/Festival-Gastron\u00f4mico-de-B\u00fazios2018_Cozy-Cafe.-cred-Fabio-Rossi.jpg\" alt=\"\" width=\"1920\" height=\"1280\" srcset=\"http:\/\/www.girosgourmet.com.br\/wp-content\/uploads\/2018\/06\/Festival-Gastron\u00f4mico-de-B\u00fazios2018_Cozy-Cafe.-cred-Fabio-Rossi.jpg 1920w, http:\/\/www.girosgourmet.com.br\/wp-content\/uploads\/2018\/06\/Festival-Gastron\u00f4mico-de-B\u00fazios2018_Cozy-Cafe.-cred-Fabio-Rossi-300x200.jpg 300w, http:\/\/www.girosgourmet.com.br\/wp-content\/uploads\/2018\/06\/Festival-Gastron\u00f4mico-de-B\u00fazios2018_Cozy-Cafe.-cred-Fabio-Rossi-768x512.jpg 768w, http:\/\/www.girosgourmet.com.br\/wp-content\/uploads\/2018\/06\/Festival-Gastron\u00f4mico-de-B\u00fazios2018_Cozy-Cafe.-cred-Fabio-Rossi-1024x683.jpg 1024w\" sizes=\"auto, (max-width: 1920px) 100vw, 1920px\" \/><p id=\"caption-attachment-9031\" class=\"wp-caption-text\">Cozy Caf\u00e9 &#8211; Naked Cake do Cozy. Massa de p\u00e3o de l\u00f3 regada com calda c\u00edtrica sobre recheios de Leite Ninho e Nutella decorada com morangos e chantilly ao toque de hortel\u00e3. A. Fotos de Fabio Rossi<\/p><\/div>\n<p style=\"text-align: justify;\">\u201cO festival apresenta uma grande variedade de pratos, sabores, aromas e texturas, mas as receitas s\u00e3o calibradas nos frutos do mar. Al\u00e9m do capricho na escolha do card\u00e1pio e na prepara\u00e7\u00e3o dos pratos, a decora\u00e7\u00e3o das mesas \u00e9 um cap\u00edtulo \u00e0 parte e encanta os visitantes\u201d, destaca o organizador e criador do festival, Gil Castelo Branco<\/p>\n<p style=\"text-align: justify;\">Entre as novidades este ano, est\u00e1 a participa\u00e7\u00e3o in\u00e9dita do restaurante vegetariano e <strong>vegano Cereall Gourmet<\/strong> e do <strong>Maria Bem-Me-Quer<\/strong>, de gastronomia funcional. O festival tamb\u00e9m contar\u00e1 palestras gratuitas sobre sustentabilidade e todo o lixo produzido ser\u00e1 reciclado.<\/p>\n<p style=\"text-align: justify;\">Para fam\u00edlias com crian\u00e7as, o festival contar\u00e1 com o espa\u00e7o in\u00e9dito, o <strong>Village Fam\u00edlia<\/strong>. O ambiente ser\u00e1 montado na Pra\u00e7a dos Ossos e ter\u00e1 uma programa\u00e7\u00e3o voltada para os pequenos, como cultivo de hortas, desfile de moda infantil, aula de yoga, entre outros. No local tamb\u00e9m ser\u00e1 oferecido o menu kids, com prato principal a R$ 15 e sobremesa a R$ 10. O Village Fam\u00edlia vai funcionar aos s\u00e1bados e domingos, das 14h \u00e0s 21h.<\/p>\n<p style=\"text-align: justify;\">Imposs\u00edvel ficar de fora, o Festival B\u00fazios valer\u00e1 cada minuto de sua curiosidade e vontade de provar algo novo em seu paladar!<\/p>\n<p><strong><u>17\u00b0 Festival Gastron\u00f4mico de B\u00fazios<br \/>\n<\/u><\/strong><strong>Degusta\u00e7\u00f5es<br \/>\n<\/strong><strong>Sextas e S\u00e1bados<br \/>\n<\/strong><strong>Dias: <\/strong>6, 7, 13 e 14 de julho<br \/>\n<strong style=\"font-size: 1rem;\">Hor\u00e1rio: <\/strong><span style=\"font-size: 1rem;\">19h \u00e0s 24h<br \/>\n<\/span><strong style=\"font-size: 1rem;\">Locais: <\/strong><span style=\"font-size: 1rem;\">Orla Bardot, Rua das Pedras, Rua Manoel Tur\u00edbio de Farias e Porto da Barra<\/span><\/p>\n<p><strong>S\u00e1bados e Domingos<br \/>\n<\/strong><strong style=\"font-size: 1rem;\">Dias: <\/strong><span style=\"font-size: 1rem;\">7,8, 14 e 15 de julho<br \/>\n<\/span><strong style=\"font-size: 1rem;\">Hor\u00e1rio: <\/strong><span style=\"font-size: 1rem;\">14h \u00e0s 21h<br \/>\n<\/span><strong style=\"font-size: 1rem;\">Locais: <\/strong><span style=\"font-size: 1rem;\">Lagoa dos Ossos, Pra\u00e7a dos Ossos<\/span><\/p>\n<p>Confira os restaurantes participantes, pratos e outras informa\u00e7\u00f5es no site:<strong><br \/>\n<\/strong><a href=\"http:\/\/www.festbuzios.com.br\"><strong>www.festbuzios.com.br<\/strong><\/a><\/p>\n<p>&nbsp;<\/p>\n<p>&nbsp;<\/p>\n<iframe src=\"http:\/\/www.facebook.com\/plugins\/like.php?href=http:\/\/www.girosgourmet.com.br\/index.php\/festival-gastronomico-de-buzios-chega-a-17a-edicao-com-80-restaurantes-participantes\/&amp;layout=standard&amp;show_faces=1&amp;width=450&amp;action=like&amp;colorscheme=light&amp;font=\" scrolling=\"no\" frameborder=\"0\" style=\"border:none; overflow:hidden; width:450px; height:60px\"><\/iframe>","protected":false},"excerpt":{"rendered":"<p>E j\u00e1 j\u00e1 ta chegando um dos festivais gastron\u00f4micos que mais adoro nesta exist\u00eancia! Um dos principais do estado do Rio, o Festival Gastron\u00f4mico de B\u00fazios, que chega a sua 17\u00aa edi\u00e7\u00e3o em 2018, \u00e9 um excelente motivo para visitar a cidade durante o inverno. Este ano, o evento acontece [&hellip;]<\/p>\n","protected":false},"author":3,"featured_media":0,"comment_status":"open","ping_status":"closed","sticky":false,"template":"","format":"standard","meta":{"footnotes":""},"categories":[39,41],"tags":[1595,2087,1594,111],"class_list":["post-9029","post","type-post","status-publish","format-standard","hentry","category-gastronomia","category-viagens","tag-armacao-de-buzios","tag-festivais-gastronomicos","tag-festival-gastronomico-de-buzios","tag-rio-de-janeiro"],"_links":{"self":[{"href":"http:\/\/www.girosgourmet.com.br\/index.php\/wp-json\/wp\/v2\/posts\/9029","targetHints":{"allow":["GET"]}}],"collection":[{"href":"http:\/\/www.girosgourmet.com.br\/index.php\/wp-json\/wp\/v2\/posts"}],"about":[{"href":"http:\/\/www.girosgourmet.com.br\/index.php\/wp-json\/wp\/v2\/types\/post"}],"author":[{"embeddable":true,"href":"http:\/\/www.girosgourmet.com.br\/index.php\/wp-json\/wp\/v2\/users\/3"}],"replies":[{"embeddable":true,"href":"http:\/\/www.girosgourmet.com.br\/index.php\/wp-json\/wp\/v2\/comments?post=9029"}],"version-history":[{"count":2,"href":"http:\/\/www.girosgourmet.com.br\/index.php\/wp-json\/wp\/v2\/posts\/9029\/revisions"}],"predecessor-version":[{"id":9033,"href":"http:\/\/www.girosgourmet.com.br\/index.php\/wp-json\/wp\/v2\/posts\/9029\/revisions\/9033"}],"wp:attachment":[{"href":"http:\/\/www.girosgourmet.com.br\/index.php\/wp-json\/wp\/v2\/media?parent=9029"}],"wp:term":[{"taxonomy":"category","embeddable":true,"href":"http:\/\/www.girosgourmet.com.br\/index.php\/wp-json\/wp\/v2\/categories?post=9029"},{"taxonomy":"post_tag","embeddable":true,"href":"http:\/\/www.girosgourmet.com.br\/index.php\/wp-json\/wp\/v2\/tags?post=9029"}],"curies":[{"name":"wp","href":"https:\/\/api.w.org\/{rel}","templated":true}]}}