{"id":895,"date":"2010-10-03T22:09:00","date_gmt":"2010-10-04T01:09:00","guid":{"rendered":"http:\/\/www.closetonline.com.br\/blogcarla\/?p=895"},"modified":"2011-10-26T17:15:30","modified_gmt":"2011-10-26T20:15:30","slug":"ah-esse-inferno-astral","status":"publish","type":"post","link":"http:\/\/www.girosgourmet.com.br\/index.php\/ah-esse-inferno-astral\/","title":{"rendered":"Ah&#8230; Esse inferno astral!!!"},"content":{"rendered":"<p style=\"text-align: justify;\">Literalmente meu inferno astral se adiantou em 2 meses&#8230; Sabe como \u00e9? N\u00e3o? Ent\u00e3o explico&#8230;<\/p>\n<p style=\"text-align: justify;\">Hoje a geladeira quebrou, semana passada perdi a caneta que meus pais me deram de formatura (que ficou comigo por\u00a015 anos) e habitualmente ando matando um drag\u00e3o por dia! O que eu penso de tudo isso? Rir para n\u00e3o chorar&#8230; Mas da\u00ed fiquei com vontade de escrever para partilhar experi\u00eancias de inferno astral&#8230;<\/p>\n<p style=\"text-align: justify;\">No \u00edntimo do meu cora\u00e7\u00e3o existem certezas que contrariam todas as raz\u00f5es que arvorei nos \u00faltimos tempos. E agora? O que ser\u00e1 melhor fazer? Seguir em frente de acordo com as raz\u00f5es ou aproveitar e mudar tudo de uma vez?&#8230; Inferno astral existe para isso&#8230; O meio tempo das coisas, final de um ciclo e in\u00edcio de outro&#8230; Muitos acreditam que \u00e9 a pior fase do ano, mas eu n\u00e3o! Apenas acho que coisas estranhas acontecem o tempo todo&#8230; Estas coisinhas estranhas certamente d\u00e3o um sentido novo a diversos acontecimentos e relacionamentos&#8230;<\/p>\n<p style=\"text-align: justify;\">Outra coisa: n\u00e3o entendo o porque deste nome \u201cInferno Astral\u201d&#8230; rs Simplesmente n\u00e3o entra na minha cabe\u00e7a porque um per\u00edodo que antecede uma data t\u00e3o legal, que todo mundo gosta (menos para os deprimidos, \u00e9 claro!), n\u00e3o deveria ser uma fase de alegria e expectativa confiante&#8230;<\/p>\n<p style=\"text-align: justify;\">Estou em uma fase de mudan\u00e7as, inventando coisas, fazendo coisas diferentes do habitual&#8230; Nasci neste mundo para estar presente nos momentos e situa\u00e7\u00f5es em que o radicalismo n\u00e3o seja necess\u00e1rio!<\/p>\n<p style=\"text-align: justify;\">Se me permitem um conselho? N\u00e3o precisamos esperar pelo inferno astral para nos livrar do que nos limita&#8230; Todos os dias podemos descartar pesos, temores, anseios e culpas&#8230; Fa\u00e7a o que te faz bem, viva como gosta, ame e mime quem voc\u00ea quiser&#8230; E que venham todos os infernos astrais, desde que acrescidos de muito amor, paz, sa\u00fade e, claro, dinheiro no bolso para curtir f\u00e9rias em Paris&#8230;<\/p>\n<p style=\"text-align: justify;\">Ah! E mais um detalhe&#8230; Provocar\u00a0sagitariana na tpm e em pleno inferno astral \u00e9 certeza de trauma.<br \/>\nE trauma para todo o sempre&#8230; Hahahaha! Beijo<\/p>\n<p style=\"text-align: center;\"><a href=\"http:\/\/www.closetonline.com.br\/blogcarla\/wp-content\/uploads\/2010\/10\/inferno-astral.jpg\"><img loading=\"lazy\" decoding=\"async\" class=\"size-medium wp-image-896 aligncenter\" title=\"_inferno astral\" src=\"http:\/\/www.closetonline.com.br\/blogcarla\/wp-content\/uploads\/2010\/10\/inferno-astral-300x240.jpg\" alt=\"\" width=\"300\" height=\"240\" srcset=\"http:\/\/www.girosgourmet.com.br\/wp-content\/uploads\/2010\/10\/inferno-astral-300x240.jpg 300w, http:\/\/www.girosgourmet.com.br\/wp-content\/uploads\/2010\/10\/inferno-astral-150x120.jpg 150w, http:\/\/www.girosgourmet.com.br\/wp-content\/uploads\/2010\/10\/inferno-astral.jpg 400w\" sizes=\"auto, (max-width: 300px) 100vw, 300px\" \/><\/a><\/p>\n<p style=\"text-align: justify;\">\n<p style=\"text-align: center;\">\n<p style=\"text-align: justify;\">\u00a0<\/p>\n<iframe src=\"http:\/\/www.facebook.com\/plugins\/like.php?href=http:\/\/www.girosgourmet.com.br\/index.php\/ah-esse-inferno-astral\/&amp;layout=standard&amp;show_faces=1&amp;width=450&amp;action=like&amp;colorscheme=light&amp;font=\" scrolling=\"no\" frameborder=\"0\" style=\"border:none; overflow:hidden; width:450px; height:60px\"><\/iframe>","protected":false},"excerpt":{"rendered":"<p>Literalmente meu inferno astral se adiantou em 2 meses&#8230; Sabe como \u00e9? N\u00e3o? Ent\u00e3o explico&#8230; Hoje a geladeira quebrou, semana passada perdi a caneta que meus pais me deram de formatura (que ficou comigo por\u00a015 anos) e habitualmente ando matando um drag\u00e3o por dia! O que eu penso de tudo [&hellip;]<\/p>\n","protected":false},"author":3,"featured_media":0,"comment_status":"open","ping_status":"open","sticky":false,"template":"","format":"standard","meta":{"footnotes":""},"categories":[39],"tags":[498],"class_list":["post-895","post","type-post","status-publish","format-standard","hentry","category-gastronomia","tag-inferno-astral"],"_links":{"self":[{"href":"http:\/\/www.girosgourmet.com.br\/index.php\/wp-json\/wp\/v2\/posts\/895","targetHints":{"allow":["GET"]}}],"collection":[{"href":"http:\/\/www.girosgourmet.com.br\/index.php\/wp-json\/wp\/v2\/posts"}],"about":[{"href":"http:\/\/www.girosgourmet.com.br\/index.php\/wp-json\/wp\/v2\/types\/post"}],"author":[{"embeddable":true,"href":"http:\/\/www.girosgourmet.com.br\/index.php\/wp-json\/wp\/v2\/users\/3"}],"replies":[{"embeddable":true,"href":"http:\/\/www.girosgourmet.com.br\/index.php\/wp-json\/wp\/v2\/comments?post=895"}],"version-history":[{"count":5,"href":"http:\/\/www.girosgourmet.com.br\/index.php\/wp-json\/wp\/v2\/posts\/895\/revisions"}],"predecessor-version":[{"id":2784,"href":"http:\/\/www.girosgourmet.com.br\/index.php\/wp-json\/wp\/v2\/posts\/895\/revisions\/2784"}],"wp:attachment":[{"href":"http:\/\/www.girosgourmet.com.br\/index.php\/wp-json\/wp\/v2\/media?parent=895"}],"wp:term":[{"taxonomy":"category","embeddable":true,"href":"http:\/\/www.girosgourmet.com.br\/index.php\/wp-json\/wp\/v2\/categories?post=895"},{"taxonomy":"post_tag","embeddable":true,"href":"http:\/\/www.girosgourmet.com.br\/index.php\/wp-json\/wp\/v2\/tags?post=895"}],"curies":[{"name":"wp","href":"https:\/\/api.w.org\/{rel}","templated":true}]}}