{"id":8892,"date":"2018-05-08T13:59:17","date_gmt":"2018-05-08T16:59:17","guid":{"rendered":"http:\/\/www.girosgourmet.com.br\/?p=8892"},"modified":"2018-05-09T10:29:42","modified_gmt":"2018-05-09T13:29:42","slug":"especial-giros-dias-das-maes","status":"publish","type":"post","link":"http:\/\/www.girosgourmet.com.br\/index.php\/especial-giros-dias-das-maes\/","title":{"rendered":"Especial Giros Dias das M\u00e3es!"},"content":{"rendered":"<p style=\"text-align: center;\"><img loading=\"lazy\" decoding=\"async\" class=\"aligncenter size-full wp-image-8901\" src=\"http:\/\/www.girosgourmet.com.br\/wp-content\/uploads\/2018\/05\/dia-mamys.png\" alt=\"\" width=\"620\" height=\"330\" srcset=\"http:\/\/www.girosgourmet.com.br\/wp-content\/uploads\/2018\/05\/dia-mamys.png 620w, http:\/\/www.girosgourmet.com.br\/wp-content\/uploads\/2018\/05\/dia-mamys-300x160.png 300w\" sizes=\"auto, (max-width: 620px) 100vw, 620px\" \/><\/p>\n<p style=\"text-align: justify;\"><span style=\"color: #000000;\"><strong>Dias das M\u00e3es<\/strong> est\u00e1 chegando e para n\u00f3s da Giros esta data comemorativa tamb\u00e9m \u00e9 sin\u00f4nimo de fartura e boa comida. Afinal nada mais justo que tirar a sua m\u00e3e da cozinha em seu dia mega especial e leva-la para uma experi\u00eancia gastron\u00f4mica, onde irar surgir uma bela lembran\u00e7a gustativa para ambos. Pensando nisso separamos alguns lugares bacanas na Capital Paulista, que criaram menus especiais para um dos dias mais festivos do ano.<\/span><\/p>\n<p style=\"text-align: justify;\"><span style=\"color: #000000;\">Confira nossas dicas preciosas e um feliz dia!<\/span><\/p>\n<p><strong>SKYE<\/strong><\/p>\n<p style=\"text-align: center;\"><img loading=\"lazy\" decoding=\"async\" class=\"aligncenter wp-image-8906 size-full\" src=\"http:\/\/www.girosgourmet.com.br\/wp-content\/uploads\/2018\/05\/Skye-Sobremesa-Dia-das-M\u00e3es-Cr\u00e9dito-Helena-de-Castro-4-e1525803191712.jpg\" alt=\"\" width=\"486\" height=\"562\" \/><\/p>\n<p style=\"text-align: justify;\"><span style=\"color: #000000;\">O Dia das M\u00e3es \u00e9 uma das datas mais doces do ano e por isso, o chef <strong>Emmanuel Bassoleil<\/strong> preparou uma deliciosa surpresa em homenagem a elas. O <strong>Panach\u00e9 Nostalgia<\/strong> \u00e9 uma sele\u00e7\u00e3o das principais sobremesas feitas pelas m\u00e3es em suas casas.\u00a0 <\/span><\/p>\n<p style=\"text-align: justify;\"><span style=\"color: #000000;\">Al\u00e9m disso, ser\u00e1 oferecido como welcome drink uma ta\u00e7a de <strong>Chandon Ros\u00e9<\/strong> para brindar a ocasi\u00e3o e um presente especial da marca fitness We Fit.<\/span><\/p>\n<p><span style=\"color: #000000;\"><strong>Servi\u00e7o &#8211; Skye Restaurante &amp; Bar<br \/>\n<\/strong><span style=\"font-size: 1rem;\">Endere\u00e7o: Avenida Brigadeiro Luis Antonio, 4700 &#8211; Jardim Paulista, S\u00e3o Paulo <\/span><span style=\"font-size: 1rem;\">Tel: 11 3055 4702<\/span><\/span><\/p>\n<p style=\"text-align: justify;\"><span style=\"color: #000000;\"><strong>Max Bistr\u00f4<\/strong><\/span><\/p>\n<div id=\"attachment_8893\" style=\"width: 2746px\" class=\"wp-caption aligncenter\"><img loading=\"lazy\" decoding=\"async\" aria-describedby=\"caption-attachment-8893\" class=\"size-full wp-image-8893\" src=\"http:\/\/www.girosgourmet.com.br\/wp-content\/uploads\/2018\/05\/bacalhau-mantecato-3.jpg\" alt=\"\" width=\"2736\" height=\"1824\" srcset=\"http:\/\/www.girosgourmet.com.br\/wp-content\/uploads\/2018\/05\/bacalhau-mantecato-3.jpg 2736w, http:\/\/www.girosgourmet.com.br\/wp-content\/uploads\/2018\/05\/bacalhau-mantecato-3-300x200.jpg 300w, http:\/\/www.girosgourmet.com.br\/wp-content\/uploads\/2018\/05\/bacalhau-mantecato-3-768x512.jpg 768w, http:\/\/www.girosgourmet.com.br\/wp-content\/uploads\/2018\/05\/bacalhau-mantecato-3-1024x683.jpg 1024w\" sizes=\"auto, (max-width: 2736px) 100vw, 2736px\" \/><p id=\"caption-attachment-8893\" class=\"wp-caption-text\">Bacalhau mantecato<\/p><\/div>\n<p style=\"text-align: justify;\"><span style=\"color: #000000;\">O <a href=\"http:\/\/www.girosgourmet.com.br\/index.php\/max-bistro-comida-reconfortante-nos-jardins\/\"><strong><span style=\"color: #0000ff;\">Max Abdo Bistr\u00f4<\/span><\/strong><\/a> prepara um menu especial para celebrar o Dia das M\u00e3es, que acontece no dia 13 de maio.\u00a0 As sugest\u00f5es criadas pelo chef Ricardo Paulino para a data s\u00e3o:<\/span><\/p>\n<p style=\"text-align: justify;\"><span style=\"color: #000000;\"><strong><em>Bacalhau mantecato<\/em><\/strong> &#8211; cozido no leite e acompanhado com uma polenta cremosa levemente assada (R$ 69)<br \/>\n<\/span><span style=\"color: #000000;\"><strong><em>Shoulder Angus<\/em><\/strong> &#8211; paleta grelhada servida com folhado de pur\u00ea de espinafre (R$ 69)<\/span><\/p>\n<p style=\"text-align: justify;\"><span style=\"color: #000000;\">H\u00e1 tamb\u00e9m as op\u00e7\u00f5es do card\u00e1pio e entre os destaques est\u00e3o: o saboroso <em>Polvo grelhado ao molho pesto com tomates-cerejas e batatas<\/em>\u00a0(R$ 71), o <em>Atum selado com gergelim e pur\u00ea de banana da terra<\/em> (R$71) e o\u00a0<em>Ossobuco de vitela com risoto de a\u00e7afr\u00e3o<\/em>\u00a0(R$ 61). De sobremesa, n\u00e3o deixe de provar o\u00a0Creme<em> de abacaxi com manga<\/em> (R$ 19) e a deliciosa <em>Mousse Criola<\/em> (R$24) que vem envolta em uma casquinha de chocolate.<\/span><\/p>\n<p style=\"text-align: justify;\"><span style=\"color: #000000;\">As m\u00e3es que passarem pelo bistr\u00f4 tamb\u00e9m ser\u00e3o presenteadas com uma ta\u00e7a de espumante.<\/span><\/p>\n<p style=\"text-align: justify;\"><span style=\"color: #000000;\"><strong><a href=\"http:\/\/maxabdobistro.com.br\/\">Max Abdo Bistr\u00f4<\/a><\/strong> fica na\u00a0<a href=\"https:\/\/maps.google.com\/?q=rua+Peixoto+Gomide,+1658&amp;entry=gmail&amp;source=g\">rua Peixoto Gomide, 1658<\/a><\/span><\/p>\n<p style=\"text-align: justify;\"><span style=\"color: #000000;\"><strong>Le Vin Patisserie<\/strong><\/span><\/p>\n<p style=\"text-align: center;\"><img loading=\"lazy\" decoding=\"async\" class=\"aligncenter size-full wp-image-8895\" src=\"http:\/\/www.girosgourmet.com.br\/wp-content\/uploads\/2018\/05\/brunch-le-vin.jpg\" alt=\"\" width=\"2480\" height=\"1780\" srcset=\"http:\/\/www.girosgourmet.com.br\/wp-content\/uploads\/2018\/05\/brunch-le-vin.jpg 2480w, http:\/\/www.girosgourmet.com.br\/wp-content\/uploads\/2018\/05\/brunch-le-vin-300x215.jpg 300w, http:\/\/www.girosgourmet.com.br\/wp-content\/uploads\/2018\/05\/brunch-le-vin-768x551.jpg 768w, http:\/\/www.girosgourmet.com.br\/wp-content\/uploads\/2018\/05\/brunch-le-vin-1024x735.jpg 1024w\" sizes=\"auto, (max-width: 2480px) 100vw, 2480px\" \/><\/p>\n<p style=\"text-align: justify;\"><span style=\"color: #000000;\">A\u00a0Le Vin Patisserie\u00a0j\u00e1 est\u00e1 a postos para receber as fam\u00edlias em mais um dia das m\u00e3es. Para isso, ser\u00e1 servido um <strong>brunch<\/strong> especial no domingo como rota alternativa para fam\u00edlias que preferem um <strong>caf\u00e9 da manh\u00e3<\/strong> tardio.<\/span><\/p>\n<p style=\"text-align: justify;\"><span style=\"color: #000000;\">Madeleines e croissants diretamente da boulangerie do Le Vin, far\u00e3o companhia aos ovos beneditinos, croques monsieurs e canap\u00e9s de salm\u00e3o, seguidos\u00a0<strong>de deliciosas p\u00e2tisseries.<\/strong>\u00a0Sucos, caf\u00e9s e cappucinos tamb\u00e9m fazem parte do menu, assim como ostras frescas acompanhadas de uma ta\u00e7a de espumante ou um bloody Mary, ao valor de R$ 95 por pessoa.<\/span><\/p>\n<p style=\"text-align: justify;\"><span style=\"color: #000000;\">O brunch de dia das m\u00e3es ser\u00e1 servido exclusivamente na Le Vin Patisserie, entre 09 e 14h do domingo, dia 13 de maio. Reservas e mais informa\u00e7\u00f5es\u00a0<strong>F: 11 3081-3924.<\/strong><\/span><\/p>\n<p style=\"text-align: justify;\"><span style=\"color: #000000;\"><strong><a href=\"https:\/\/www.google.com\/search?client=secure&amp;site=async\/lcl_akp&amp;q=le+vin+bistro+e+patisserie+endere%C3%A7o&amp;stick=H4sIAAAAAAAAAOPgE-LWT9c3LEmprMgwyNWSzU620s_JT04syczPgzOsElNSilKLiwHbJGaYLgAAAA&amp;sa=X&amp;ved=2ahUKEwimxZi0vvbaAhWDHZAKHY_SB6MQ6BMwBHoECAEQGA\">Endere\u00e7o<\/a><\/strong><strong>:<\/strong><strong>\u00a0<\/strong>Rua Pais de Ara\u00fajo, 137 &#8211; Itaim Bibi, S\u00e3o Paulo \u2013 SP<\/span><\/p>\n<p style=\"text-align: justify;\"><span style=\"color: #000000;\"><strong>Des Cucina<\/strong><\/span><\/p>\n<div id=\"attachment_8896\" style=\"width: 6026px\" class=\"wp-caption aligncenter\"><img loading=\"lazy\" decoding=\"async\" aria-describedby=\"caption-attachment-8896\" class=\"size-full wp-image-8896\" src=\"http:\/\/www.girosgourmet.com.br\/wp-content\/uploads\/2018\/05\/Tartar-de-Atum-Des-Cucina-foto-Gladstone-Campos.jpg\" alt=\"\" width=\"6016\" height=\"4016\" srcset=\"http:\/\/www.girosgourmet.com.br\/wp-content\/uploads\/2018\/05\/Tartar-de-Atum-Des-Cucina-foto-Gladstone-Campos.jpg 6016w, http:\/\/www.girosgourmet.com.br\/wp-content\/uploads\/2018\/05\/Tartar-de-Atum-Des-Cucina-foto-Gladstone-Campos-300x200.jpg 300w, http:\/\/www.girosgourmet.com.br\/wp-content\/uploads\/2018\/05\/Tartar-de-Atum-Des-Cucina-foto-Gladstone-Campos-768x513.jpg 768w, http:\/\/www.girosgourmet.com.br\/wp-content\/uploads\/2018\/05\/Tartar-de-Atum-Des-Cucina-foto-Gladstone-Campos-1024x684.jpg 1024w\" sizes=\"auto, (max-width: 6016px) 100vw, 6016px\" \/><p id=\"caption-attachment-8896\" class=\"wp-caption-text\">Tartare de Atum<\/p><\/div>\n<p style=\"text-align: justify;\"><span style=\"color: #000000;\">Inaugurado h\u00e1 um ano, o restaurante Des Cucina ganhou esse\u00a0nome em homenagem \u00e0 rua onde os propriet\u00e1rios Orestes Duarte e Luis Mendes j\u00e1 cultivam uma fiel clientela com o descolado Bar Desembargador.<\/span><\/p>\n<p style=\"text-align: justify;\"><span style=\"color: #000000;\">Na hora de servir, as lou\u00e7as artesanais do Studio Neves d\u00e3o um toque especial aos pratos criados pelo <strong>chefe de cozinha Sergio Fran\u00e7a<\/strong>, especializado em culin\u00e1ria italiana contempor\u00e2nea.<\/span><\/p>\n<p style=\"text-align: justify;\"><span style=\"color: #000000;\">O card\u00e1pio \u00e9\u00a0recheado de \u00f3timas entradas, lev\u00edssimas massas artesanais recheadas diariamente, risotos, peixes, frutos do mar, aves e assados, al\u00e9m de sobremesas tentadoras. Para o <strong>Dia das M\u00e3es<\/strong>, o chefe sugere pratos especiais, s\u00e3o eles:<\/span><\/p>\n<p style=\"text-align: justify;\"><span style=\"color: #000000;\"><strong>Entradas<\/strong>:<br \/>\n<\/span><span style=\"color: #000000;\">Creme de Cogumelos frescos\u00a0&#8211; R$ 38,00<br \/>\n<\/span><span style=\"color: #000000;\">Tartar de Atum com tangerina e creme de Burrata \u2013 R$ 44,00<\/span><\/p>\n<p style=\"text-align: justify;\"><span style=\"color: #000000;\"><strong>Principais<\/strong>:<br \/>\n<\/span><span style=\"color: #000000;\">Risoto de Polvo \u2013 R$ 74,00<br \/>\n<\/span><span style=\"color: #000000;\">Ravioli de Queijo Brie em compota de figos frescos, com redu\u00e7\u00e3o de Vinho do Porto e especiarias \u2013 R$ 52,00<br \/>\n<\/span><span style=\"color: #000000;\">Fil\u00e9 de Pargo Grelhado com molho de azeitonas e tomate cereja \u2013 R$ 69,00<br \/>\n<\/span><span style=\"color: #000000;\">Prime Rib grelhado com molho de ervas crocantes e talharim na\u00a0 manteiga e s\u00e1lvia e grana padano \u2013 R$ 116,00<\/span><\/p>\n<p style=\"text-align: justify;\"><span style=\"color: #000000;\"><strong>Sobremesa<\/strong>:<br \/>\n<\/span><span style=\"color: #000000;\">Cheese Cake de coco com calda de jabuticaba \u2013 R$ 26,00<\/span><\/p>\n<p style=\"text-align: justify;\"><span style=\"color: #000000;\">Endere\u00e7o: Rua Desembargador do Vale, 233 Perdizes &#8211; S\u00e3o Paulo \u2013 SP<br \/>\n<\/span><span style=\"color: #000000;\">Tel: 3872-0050 \/ 3868-2654.\u00a0Aceita reservas antecipadas, com chegada ao restaurante at\u00e9 12:30 horas.<\/span><\/p>\n<p style=\"text-align: justify;\"><span style=\"color: #000000;\"><strong>\u00a0<\/strong><\/span><span style=\"color: #000000;\"><strong>Fit\u00f3<\/strong><\/span><\/p>\n<p style=\"text-align: center;\"><img loading=\"lazy\" decoding=\"async\" class=\"aligncenter size-full wp-image-8898\" src=\"http:\/\/www.girosgourmet.com.br\/wp-content\/uploads\/2018\/05\/fito.jpg\" alt=\"\" width=\"400\" height=\"600\" srcset=\"http:\/\/www.girosgourmet.com.br\/wp-content\/uploads\/2018\/05\/fito.jpg 400w, http:\/\/www.girosgourmet.com.br\/wp-content\/uploads\/2018\/05\/fito-200x300.jpg 200w\" sizes=\"auto, (max-width: 400px) 100vw, 400px\" \/><\/p>\n<p style=\"text-align: justify;\"><span style=\"color: #000000;\">Se voc\u00ea est\u00e1 afim de antecipar seu almo\u00e7o especial com a mamys, evitando a loucura gastron\u00f4mica do domingo, ent\u00e3o a boa dica fica por conta do <a href=\"http:\/\/www.girosgourmet.com.br\/index.php\/desvendado-o-comentado-restaurante-piauiense-fito\/\"><span style=\"color: #0000ff;\"><strong>Fit\u00f3<\/strong><\/span><\/a>, localizado no Largo da Batata, em Pinheiros, busca uma apresenta\u00e7\u00e3o leve, contempor\u00e2nea e de boa rela\u00e7\u00e3o custo-benef\u00edcio. O ambiente r\u00fastico e minimalista possui uma fachada que lembra o estilo das casas populares nordestinas.<\/span><\/p>\n<p style=\"text-align: justify;\"><span style=\"color: #000000;\">A casa oferece v\u00e1rios cl\u00e1ssicos da culin\u00e1ria piauiense e, para celebrar a data das m\u00e3es, a dica da cozinheira <strong>Cafira Foz<\/strong> \u00e9 o <em><strong>Carneiro no Leite de Coco<\/strong> <\/em>(R$ 48). O prato \u00e9 preparado com pernil marinado e depois cozido no leite de coco, acompanhado de cuscuz de milho com manteiga de garrafa e legumes. Ser\u00e1 servido somente neste s\u00e1bado.<\/span><\/p>\n<p style=\"text-align: justify;\"><span style=\"color: #000000;\">Composto por toda uma equipe feminina, o Fit\u00f3 busca oferecer comida afetiva, que carrega sabor, cor e mem\u00f3rias, e respeito ao universo feminino.<\/span><\/p>\n<p style=\"text-align: justify;\"><span style=\"color: #000000;\">Endere\u00e7o: Rua Cardeal Arcoverde, 2773 \u2013 Pinheiros-\u00a0<\/span><span style=\"color: #000000;\">S\u00e3o Paulo<\/span><\/p>\n<p style=\"text-align: justify;\"><span style=\"color: #000000;\"><strong>Le Bou<\/strong><\/span><\/p>\n<div id=\"attachment_8899\" style=\"width: 5770px\" class=\"wp-caption aligncenter\"><img loading=\"lazy\" decoding=\"async\" aria-describedby=\"caption-attachment-8899\" class=\"size-full wp-image-8899\" src=\"http:\/\/www.girosgourmet.com.br\/wp-content\/uploads\/2018\/05\/le-bon.jpg\" alt=\"\" width=\"5760\" height=\"3840\" srcset=\"http:\/\/www.girosgourmet.com.br\/wp-content\/uploads\/2018\/05\/le-bon.jpg 5760w, http:\/\/www.girosgourmet.com.br\/wp-content\/uploads\/2018\/05\/le-bon-300x200.jpg 300w, http:\/\/www.girosgourmet.com.br\/wp-content\/uploads\/2018\/05\/le-bon-768x512.jpg 768w, http:\/\/www.girosgourmet.com.br\/wp-content\/uploads\/2018\/05\/le-bon-1024x683.jpg 1024w\" sizes=\"auto, (max-width: 5760px) 100vw, 5760px\" \/><p id=\"caption-attachment-8899\" class=\"wp-caption-text\">pato confitado com rago\u00fbt de feij\u00e3o<\/p><\/div>\n<p style=\"text-align: justify;\"><span style=\"color: #000000;\">O <strong>Le Bou<\/strong>, no Itaim Bibi, traz toda uma cultura francesa ao alinhar pratos t\u00edpicos ao d\u00e9cor r\u00fastico-chique com inspira\u00e7\u00f5es arquitet\u00f4nicas da Fran\u00e7a.<\/span><\/p>\n<p style=\"text-align: justify;\"><span style=\"color: #000000;\">A dica para o domingo de Dia das M\u00e3es \u00e9 apostar no novo menu elaborado por <strong>Renato Carioni.<\/strong> Dentre os pratos principais, est\u00e3o receitas cl\u00e1ssicas, como o <strong><em>Boeuf Bourguignon <\/em><\/strong>(R$ 59, paleta bovina braseada ao vinho tinto com cogumelos, legumes e pur\u00ea de batatas) e o <strong><em>Confit de Canard <\/em><\/strong>(R$ 75, individual, e R$ 145, para duas pessoas, coxa de pato confitado com rago\u00fbt de feij\u00e3o servidos na cocote), e de inspira\u00e7\u00e3o \u00edtalo-francesa, como o <em>Spaghetti <strong>Crevettes au Citron <\/strong><\/em>(R$ 64, espaguete com camar\u00f5es salteados ao molho de lim\u00e3o), o <em>Risotto aux Champignons <\/em>(R$ 51, risoto com cogumelos frescos salteados e parmes\u00e3o) e a<strong> <em>Lasagne aux Legumes <\/em><\/strong>(R$ 48, lasanha recheada com legumes \u00e0 proven\u00e7al). Imperd\u00edvel!<\/span><\/p>\n<p style=\"text-align: justify;\"><span style=\"color: #000000;\">Endere\u00e7o: Rua Dr. Rentao Paes de Barros, 415 \u2013 Itaim Bibi S\u00e3o Paulo \u2013SP<br \/>\n<\/span><span style=\"color: #000000; font-size: 1rem;\">Tel.: 11 3078-7619<\/span><\/p>\n<p style=\"text-align: justify;\"><span style=\"color: #000000;\"><strong>\u00a0<\/strong><\/span><span style=\"color: #000000;\"><strong>Vicolo Nostro<\/strong><\/span><\/p>\n<p><img loading=\"lazy\" decoding=\"async\" class=\"size-full wp-image-8897\" src=\"http:\/\/www.girosgourmet.com.br\/wp-content\/uploads\/2018\/05\/Spaghetti-Mare-05.jpg\" alt=\"\" width=\"3822\" height=\"2548\" srcset=\"http:\/\/www.girosgourmet.com.br\/wp-content\/uploads\/2018\/05\/Spaghetti-Mare-05.jpg 3822w, http:\/\/www.girosgourmet.com.br\/wp-content\/uploads\/2018\/05\/Spaghetti-Mare-05-300x200.jpg 300w, http:\/\/www.girosgourmet.com.br\/wp-content\/uploads\/2018\/05\/Spaghetti-Mare-05-768x512.jpg 768w, http:\/\/www.girosgourmet.com.br\/wp-content\/uploads\/2018\/05\/Spaghetti-Mare-05-1024x683.jpg 1024w\" sizes=\"auto, (max-width: 3822px) 100vw, 3822px\" \/><\/p>\n<p style=\"text-align: justify;\"><span style=\"color: #000000;\">No tradicional almo\u00e7o de Dia das m\u00e3es, em 13 de maio, o restaurante <strong>Vicolo Nostro, <\/strong>refer\u00eancia em cozinha italiana no Brasil, recomenda como entrada o couvert, composto por pasta de gorgonzola, azeitonas, manteiga, pasta de berinjela, azeite extra virgem aromatizado, aceto bals\u00e2mico, p\u00e3o italiano, grissini e p\u00e3es frescos de fabrica\u00e7\u00e3o pr\u00f3pria (24 reais por pessoa).<\/span><\/p>\n<p style=\"text-align: justify;\"><span style=\"color: #000000;\">Entre os pratos principais, as sugest\u00f5es do menu s\u00e3o o <strong>Gamberi Provenzale con Risotto<\/strong> (camar\u00f5es puxados no azeite com alho, salsinha e cubos de tomate, acompanhado de risoto cremoso de parmes\u00e3o e lim\u00e3o siciliano), por 115 reais e o<strong> Sphaghetti Campo e Mare<\/strong> (camar\u00f5es, polvo, lulas e vongoles ao alho e \u00f3leo, servido com legumes grelhados), por 98 reais.<\/span><\/p>\n<p><span style=\"color: #000000;\"> Para a sobremesa, uma boa op\u00e7\u00e3o \u00e9 o <strong>Fragolata<\/strong> (mini suspiros com morangos e chantilly), por 32 reais. Como mimo, o restaurante ir\u00e1 distribuir, para as m\u00e3es, uma mini latinha com balas de gengibre cristalizado, um dos produtos naturais mais saud\u00e1veis que existem.<\/span><\/p>\n<p style=\"text-align: justify;\"><span style=\"color: #000000;\">Rua Jataituba, 29 &#8211; Cidade Mon\u00e7\u00f5es, S\u00e3o Paulo\u00a0<\/span><\/p>\n<p style=\"text-align: justify;\"><span style=\"color: #000000;\"><strong>Panel\u00e3o do Norte<\/strong><\/span><\/p>\n<p style=\"text-align: center;\"><img loading=\"lazy\" decoding=\"async\" class=\"aligncenter size-full wp-image-8900\" src=\"http:\/\/www.girosgourmet.com.br\/wp-content\/uploads\/2018\/05\/paella-vegetariana-e1494391458254-1024x765.jpg\" alt=\"\" width=\"1024\" height=\"765\" srcset=\"http:\/\/www.girosgourmet.com.br\/wp-content\/uploads\/2018\/05\/paella-vegetariana-e1494391458254-1024x765.jpg 1024w, http:\/\/www.girosgourmet.com.br\/wp-content\/uploads\/2018\/05\/paella-vegetariana-e1494391458254-1024x765-300x224.jpg 300w, http:\/\/www.girosgourmet.com.br\/wp-content\/uploads\/2018\/05\/paella-vegetariana-e1494391458254-1024x765-768x574.jpg 768w\" sizes=\"auto, (max-width: 1024px) 100vw, 1024px\" \/><\/p>\n<p style=\"text-align: justify;\"><span style=\"color: #000000;\">Em comemora\u00e7\u00e3o ao Dia das M\u00e3es, o Panel\u00e3o do Norte sugere um card\u00e1pio especial, no almo\u00e7o e jantar em suas duas unidades na Zona Leste de S\u00e3o Paulo- Penha e An\u00e1lia Franco. Entre as op\u00e7\u00f5es:<\/span><\/p>\n<p style=\"text-align: justify;\"><span style=\"color: #000000;\"><strong>Entradas:<br \/>\n<\/strong><\/span><span style=\"color: #000000;\">Bolinho de jab\u00e1 &#8211; Massa de abobora, carne seca e queijo coalho \u2013 R$39,00<br \/>\n<\/span><span style=\"color: #000000;\">Mandioca Cremosa &#8211; R$25,00<br \/>\n<\/span><span style=\"color: #000000;\">Quadradinho de Tapioca &#8211; R$25,00<\/span><\/p>\n<p style=\"text-align: justify;\"><span style=\"color: #000000;\"><strong>Pratos Principais:<br \/>\n<\/strong><\/span><span style=\"color: #000000;\"><strong>Bai\u00e3o de dois especial<\/strong> &#8211; Carne de sol, queijo coalho assado na chapa, acompanha; mandioca cozida na manteiga &#8211; R$96,00<br \/>\n<\/span><span style=\"color: #000000;\"><strong>Carne seca na moranga<\/strong> &#8211; Carne seca desfiada grelhada na chapa com catupiry e queijo coalho, acompanha; batata doce cozida, banana \u00e0 milanesa e arroz branco &#8211; R$104,00<br \/>\n<\/span><span style=\"color: #000000;\"><strong>Lasanha a moda nordestina<\/strong> &#8211; Massa, carne seca desfiada, ao molho branco, coberto com mussarela e parmes\u00e3o, acompanha; arroz branco &#8211; R$78,00<br \/>\n<\/span><span style=\"color: #000000;\"><strong>Medalh\u00e3o nordestino<\/strong> &#8211; Medalh\u00f5es de carne de sol com bacon, acompanha; bai\u00e3o de dois e chips de mandioca &#8211; R$ 121,00<br \/>\n<\/span><span style=\"color: #000000;\"><strong>Peixada nordestina <\/strong>\u2013 Posta de peixe ao molho de tomate, acompanha; arroz branco e pir\u00e3o \u2013 R$ 120,00<\/span><\/p>\n<p style=\"text-align: justify;\"><span style=\"color: #000000;\">Sobremesa:<br \/>\n<\/span><span style=\"color: #000000;\">Pudim de tapioca &#8211; R$16,00<br \/>\n<\/span><span style=\"color: #000000;\">Cocada cremosa &#8211; R$14,00<br \/>\n<\/span><span style=\"color: #000000;\">Doce de leite com queijo &#8211; R$16,00<\/span><\/p>\n<p style=\"text-align: justify;\"><span style=\"color: #000000;\">Al\u00e9m de toda a variedade do Card\u00e1pio. Nessa data especial, ainda na sobremesa todos os clientes ganhar\u00e3o a deliciosa rapadura. <\/span><span style=\"color: #000000;\">A casa tamb\u00e9m recebe reservas e no Dia das m\u00e3es das 13hs \u00e0s 17hs com \u00a0m\u00fasica AO VIVO.<\/span><\/p>\n<p style=\"text-align: justify;\"><span style=\"color: #000000; font-size: 1rem;\">Endere\u00e7o: Rua Namaxi, 155 \u2013 Penha \u2013 S\u00e3o Paulo. SP.<br \/>\n<\/span><span style=\"color: #000000;\">Telefone: (11) 2647-7805<\/span><span style=\"font-size: 1rem;\">\u00a0<\/span><\/p>\n<iframe src=\"http:\/\/www.facebook.com\/plugins\/like.php?href=http:\/\/www.girosgourmet.com.br\/index.php\/especial-giros-dias-das-maes\/&amp;layout=standard&amp;show_faces=1&amp;width=450&amp;action=like&amp;colorscheme=light&amp;font=\" scrolling=\"no\" frameborder=\"0\" style=\"border:none; overflow:hidden; width:450px; height:60px\"><\/iframe>","protected":false},"excerpt":{"rendered":"<p>Dias das M\u00e3es est\u00e1 chegando e para n\u00f3s da Giros esta data comemorativa tamb\u00e9m \u00e9 sin\u00f4nimo de fartura e boa comida. Afinal nada mais justo que tirar a sua m\u00e3e da cozinha em seu dia mega especial e leva-la para uma experi\u00eancia gastron\u00f4mica, onde irar surgir uma bela lembran\u00e7a gustativa [&hellip;]<\/p>\n","protected":false},"author":3,"featured_media":0,"comment_status":"open","ping_status":"closed","sticky":false,"template":"","format":"standard","meta":{"footnotes":""},"categories":[40,39],"tags":[114,2051,2052,1979,1930],"class_list":["post-8892","post","type-post","status-publish","format-standard","hentry","category-culturamodabelezabem-estar","category-gastronomia","tag-brunch","tag-dias-das-maes","tag-fito","tag-max-abdo-bistro","tag-max-bistro"],"_links":{"self":[{"href":"http:\/\/www.girosgourmet.com.br\/index.php\/wp-json\/wp\/v2\/posts\/8892","targetHints":{"allow":["GET"]}}],"collection":[{"href":"http:\/\/www.girosgourmet.com.br\/index.php\/wp-json\/wp\/v2\/posts"}],"about":[{"href":"http:\/\/www.girosgourmet.com.br\/index.php\/wp-json\/wp\/v2\/types\/post"}],"author":[{"embeddable":true,"href":"http:\/\/www.girosgourmet.com.br\/index.php\/wp-json\/wp\/v2\/users\/3"}],"replies":[{"embeddable":true,"href":"http:\/\/www.girosgourmet.com.br\/index.php\/wp-json\/wp\/v2\/comments?post=8892"}],"version-history":[{"count":6,"href":"http:\/\/www.girosgourmet.com.br\/index.php\/wp-json\/wp\/v2\/posts\/8892\/revisions"}],"predecessor-version":[{"id":8908,"href":"http:\/\/www.girosgourmet.com.br\/index.php\/wp-json\/wp\/v2\/posts\/8892\/revisions\/8908"}],"wp:attachment":[{"href":"http:\/\/www.girosgourmet.com.br\/index.php\/wp-json\/wp\/v2\/media?parent=8892"}],"wp:term":[{"taxonomy":"category","embeddable":true,"href":"http:\/\/www.girosgourmet.com.br\/index.php\/wp-json\/wp\/v2\/categories?post=8892"},{"taxonomy":"post_tag","embeddable":true,"href":"http:\/\/www.girosgourmet.com.br\/index.php\/wp-json\/wp\/v2\/tags?post=8892"}],"curies":[{"name":"wp","href":"https:\/\/api.w.org\/{rel}","templated":true}]}}