{"id":8637,"date":"2018-01-23T10:25:10","date_gmt":"2018-01-23T13:25:10","guid":{"rendered":"http:\/\/www.girosgourmet.com.br\/?p=8637"},"modified":"2018-01-23T10:26:11","modified_gmt":"2018-01-23T13:26:11","slug":"restaurantes-terao-programacao-especial-para-o-aniversario-de-sao-paulo","status":"publish","type":"post","link":"http:\/\/www.girosgourmet.com.br\/index.php\/restaurantes-terao-programacao-especial-para-o-aniversario-de-sao-paulo\/","title":{"rendered":"Restaurantes ter\u00e3o programa\u00e7\u00e3o especial para o anivers\u00e1rio de S\u00e3o Paulo"},"content":{"rendered":"<p style=\"text-align: center;\"><img loading=\"lazy\" decoding=\"async\" class=\"aligncenter size-full wp-image-8643\" src=\"http:\/\/www.girosgourmet.com.br\/wp-content\/uploads\/2018\/01\/aniversario-de-sao-paulo.png\" alt=\"\" width=\"570\" height=\"360\" srcset=\"http:\/\/www.girosgourmet.com.br\/wp-content\/uploads\/2018\/01\/aniversario-de-sao-paulo.png 570w, http:\/\/www.girosgourmet.com.br\/wp-content\/uploads\/2018\/01\/aniversario-de-sao-paulo-300x189.png 300w\" sizes=\"auto, (max-width: 570px) 100vw, 570px\" \/><\/p>\n<p style=\"text-align: justify;\">Anivers\u00e1rio da cidade mais querida do universo para mim \u00e9 um bom motivo para sair de casa com uma bela programa\u00e7\u00e3o gastron\u00f4mica, afinal vivemos na Capital Gastron\u00f4mica do mundo, e nada mais inspirador! Selecionamos alguns lugares onde certamente voc\u00ea ter\u00e1 momentos muitos felizes e uma experi\u00eancia contagiante, bem a cara de S\u00e3o Paulo. Enjoy!<\/p>\n<p><strong>Terra\u00e7o It\u00e1lia<\/strong><\/p>\n<p><img loading=\"lazy\" decoding=\"async\" class=\"aligncenter size-full wp-image-8640\" src=\"http:\/\/www.girosgourmet.com.br\/wp-content\/uploads\/2018\/01\/baba.jpg\" alt=\"\" width=\"3000\" height=\"2000\" srcset=\"http:\/\/www.girosgourmet.com.br\/wp-content\/uploads\/2018\/01\/baba.jpg 3000w, http:\/\/www.girosgourmet.com.br\/wp-content\/uploads\/2018\/01\/baba-300x200.jpg 300w, http:\/\/www.girosgourmet.com.br\/wp-content\/uploads\/2018\/01\/baba-768x512.jpg 768w, http:\/\/www.girosgourmet.com.br\/wp-content\/uploads\/2018\/01\/baba-1024x683.jpg 1024w\" sizes=\"auto, (max-width: 3000px) 100vw, 3000px\" \/><\/p>\n<p style=\"text-align: justify;\">Para comemorar o anivers\u00e1rio de 464 anos da cidade de S\u00e3o Paulo o <a href=\"http:\/\/www.girosgourmet.com.br\/index.php\/terraco-italia-nostalgico-e-contagiante\/\"><span style=\"color: #0000ff;\"><strong>Terra\u00e7o It\u00e1lia<\/strong><\/span><\/a> preparou uma programa\u00e7\u00e3o especial para agradar todos os tipos visitantes. O complexo foi um dos primeiros endere\u00e7os a oferecer vista da capital paulista. Ao longo de 50 anos de funcionamento presenciou a cidade crescer e tomar forma e hoje est\u00e1 consagrado como o principal endere\u00e7o para admirar a metr\u00f3pole que n\u00e3o para.<\/p>\n<p style=\"text-align: justify;\">No dia 25, entre 14h e 19h ser\u00e1 poss\u00edvel subir os quarenta e dois andares do lend\u00e1rio Edif\u00edcio It\u00e1lia e contemplar a vista da cidade sob a orienta\u00e7\u00e3o de um guia tur\u00edstico, que ir\u00e1 mostrar os principais pontos da cidade que podem ser avistados do alto. O passeio custa R$ 30 por pessoa e inclui um drink cortesia para o brinde de anivers\u00e1rio.<\/p>\n<p style=\"text-align: justify;\">Para quem desejar uma experi\u00eancia completa no restaurante, um menu especial tamb\u00e9m estar\u00e1 \u00e0 disposi\u00e7\u00e3o com diversas op\u00e7\u00f5es de entradas, pratos e sobremesas. Dentre elas, destaque para a <strong>polenta cremosa com funghi trifolate e pecorino<\/strong> de entrada, que pode ser seguido pelo <strong>agnolotti de frutos do mar e bisque de lagosta<\/strong>, e a deliciosa <strong>baba ao rum<\/strong>, que encerra a experi\u00eancia com chave de ouro ao valor de R$ 128 no almo\u00e7o e R$ 189 no jantar.<\/p>\n<p><strong>Bacalhau &amp; Vinho<\/strong><\/p>\n<p style=\"text-align: center;\"><img loading=\"lazy\" decoding=\"async\" class=\"aligncenter size-full wp-image-8641\" src=\"http:\/\/www.girosgourmet.com.br\/wp-content\/uploads\/2018\/01\/camarao-a-paulista.jpg\" alt=\"\" width=\"4026\" height=\"2697\" srcset=\"http:\/\/www.girosgourmet.com.br\/wp-content\/uploads\/2018\/01\/camarao-a-paulista.jpg 4026w, http:\/\/www.girosgourmet.com.br\/wp-content\/uploads\/2018\/01\/camarao-a-paulista-300x201.jpg 300w, http:\/\/www.girosgourmet.com.br\/wp-content\/uploads\/2018\/01\/camarao-a-paulista-768x514.jpg 768w, http:\/\/www.girosgourmet.com.br\/wp-content\/uploads\/2018\/01\/camarao-a-paulista-1024x686.jpg 1024w\" sizes=\"auto, (max-width: 4026px) 100vw, 4026px\" \/><\/p>\n<p style=\"text-align: justify;\">Tido como o precursor da gastronomia portuguesa em S\u00e3o Paulo, o Restaurante <strong>Bacalhau &amp; Vinho<\/strong> n\u00e3o ficou de fora da programa\u00e7\u00e3o para o anivers\u00e1rio da cidade. A casa ir\u00e1 oferecer a todos os clientes que por l\u00e1 passarem no dia 25, por\u00e7\u00f5es de \u201c<strong>camar\u00e3o \u00e0 paulista<\/strong>\u201d como cortesia no couvert.<\/p>\n<p style=\"text-align: justify;\">Para a data, a casa destaca pratos cl\u00e1ssicos, como <strong>bacalhau \u00e0s natas<\/strong> e o <strong>bacalhau ao murro<\/strong> a partir de R$ 140 e servem bem duas pessoas. Todos os pratos do menu podem possuem vers\u00f5es com at\u00e9 seis por\u00e7\u00f5es, perfeitos para fam\u00edlias e grandes grupos. Ao final, n\u00e3o deixe de conferir as delicias da pastelaria portuguesa e um c\u00e1lice de Vinho do Porto por conta da casa.<\/p>\n<p><em><strong>Le Vin Bistro<\/strong><\/em><\/p>\n<p style=\"text-align: center;\"><img loading=\"lazy\" decoding=\"async\" class=\"aligncenter wp-image-8642 \" src=\"http:\/\/www.girosgourmet.com.br\/wp-content\/uploads\/2018\/01\/hamburger-le-vin.jpg\" alt=\"\" width=\"473\" height=\"710\" srcset=\"http:\/\/www.girosgourmet.com.br\/wp-content\/uploads\/2018\/01\/hamburger-le-vin.jpg 2333w, http:\/\/www.girosgourmet.com.br\/wp-content\/uploads\/2018\/01\/hamburger-le-vin-200x300.jpg 200w, http:\/\/www.girosgourmet.com.br\/wp-content\/uploads\/2018\/01\/hamburger-le-vin-768x1152.jpg 768w, http:\/\/www.girosgourmet.com.br\/wp-content\/uploads\/2018\/01\/hamburger-le-vin-683x1024.jpg 683w\" sizes=\"auto, (max-width: 473px) 100vw, 473px\" \/><\/p>\n<p style=\"text-align: justify;\">Para comemorar o anivers\u00e1rio de S\u00e3o Paulo no pr\u00f3ximo dia 25 ao melhor estilo \u201cpaulistano\u201d o <strong>Le vin Bistro<\/strong> insere em seu menu uma excelente op\u00e7\u00e3o de <strong>hamb\u00farguer.<\/strong> Preparado com ingredientes de alta qualidade a proposta \u00e9 oferecer uma op\u00e7\u00e3o listada entre as dez pedidas gastron\u00f4micas mais aclamadas da cidade, por\u00e9m com toque franc\u00eas.<\/p>\n<p style=\"text-align: justify;\">Ao valor de R$ 38 acompanhado de fritas, ser\u00e1 poss\u00edvel degustar essa op\u00e7\u00e3o nas unidades do Le Vin do Jardins, Itaim Bibi, Higien\u00f3polis e Morumbi Shopping. De sobremesa, n\u00e3o resista a tenta\u00e7\u00e3o e escolha um dos cl\u00e1ssicos da gastronomia francesa, preparados pela <strong>Boulangerie Le Vin.<\/strong><\/p>\n<p style=\"text-align: justify;\"><strong>Mercearia do Conde<\/strong><\/p>\n<div id=\"attachment_8638\" style=\"width: 1210px\" class=\"wp-caption aligncenter\"><img loading=\"lazy\" decoding=\"async\" aria-describedby=\"caption-attachment-8638\" class=\"size-full wp-image-8638\" src=\"http:\/\/www.girosgourmet.com.br\/wp-content\/uploads\/2018\/01\/farnel-dos-bandeirantes_cr\u00e9ditos-C\u00edcero-Viega.jpg\" alt=\"\" width=\"1200\" height=\"815\" srcset=\"http:\/\/www.girosgourmet.com.br\/wp-content\/uploads\/2018\/01\/farnel-dos-bandeirantes_cr\u00e9ditos-C\u00edcero-Viega.jpg 1200w, http:\/\/www.girosgourmet.com.br\/wp-content\/uploads\/2018\/01\/farnel-dos-bandeirantes_cr\u00e9ditos-C\u00edcero-Viega-300x204.jpg 300w, http:\/\/www.girosgourmet.com.br\/wp-content\/uploads\/2018\/01\/farnel-dos-bandeirantes_cr\u00e9ditos-C\u00edcero-Viega-768x522.jpg 768w, http:\/\/www.girosgourmet.com.br\/wp-content\/uploads\/2018\/01\/farnel-dos-bandeirantes_cr\u00e9ditos-C\u00edcero-Viega-1024x695.jpg 1024w\" sizes=\"auto, (max-width: 1200px) 100vw, 1200px\" \/><p id=\"caption-attachment-8638\" class=\"wp-caption-text\">Cr\u00e9ditos C\u00edcero Viega<\/p><\/div>\n<p style=\"text-align: justify;\">A colorida <strong>Mercearia do Conde<\/strong>, que acaba de completar 26 anos e cuja hist\u00f3ria se mistura \u00e0 da pr\u00f3pria cidade, prepara uma surpresa mais do que especial para celebrar os 464 anos de S\u00e3o Paulo. A restauratrice Maddalena Stasi recupera a receita hist\u00f3rica do <strong><em>Farnel<\/em><\/strong>, catalogada pelo seu tio, Caloca Fernandes. O prato ser\u00e1 servido no restaurante de 25 a 28 de janeiro, no almo\u00e7o e no jantar, por R$ 68.<\/p>\n<p style=\"text-align: justify;\">\u201cNas suas entradas pelo sert\u00e3o, bandeirantes e depois os tropeiros levavam um farnel que consistia basicamente em farinha, peda\u00e7os de frango guisado ou feij\u00e3o cozido e ovos cozidos duros, tudo amarrado num guardanapo grande, como eram os guardanapos de ent\u00e3o. Ao abrir o guardanapo para o repasto, farinha e demais ingredientes estavam todos revirados, virados, transformados no que viria a ser, muito possivelmente, a origem dos atuais virados ou cuscuzes paulistas\u201d, conta Caloca Fernandes. A vers\u00e3o escolhida para comemorar o anivers\u00e1rio da cidade ser\u00e1 preparada com farinha de milho em flocos, frango, lingui\u00e7a, pupunha, tomate, ovos, azeitona, salsa e cebolinha, acompanhada de uma refrescante salada de couve.<\/p>\n<p><strong>Max Abdo Bistr\u00f4<\/strong><\/p>\n<div id=\"attachment_8639\" style=\"width: 910px\" class=\"wp-caption aligncenter\"><img loading=\"lazy\" decoding=\"async\" aria-describedby=\"caption-attachment-8639\" class=\"size-full wp-image-8639\" src=\"http:\/\/www.girosgourmet.com.br\/wp-content\/uploads\/2018\/01\/MAX_TBF_1573.jpg\" alt=\"\" width=\"900\" height=\"606\" srcset=\"http:\/\/www.girosgourmet.com.br\/wp-content\/uploads\/2018\/01\/MAX_TBF_1573.jpg 900w, http:\/\/www.girosgourmet.com.br\/wp-content\/uploads\/2018\/01\/MAX_TBF_1573-300x202.jpg 300w, http:\/\/www.girosgourmet.com.br\/wp-content\/uploads\/2018\/01\/MAX_TBF_1573-768x517.jpg 768w\" sizes=\"auto, (max-width: 900px) 100vw, 900px\" \/><p id=\"caption-attachment-8639\" class=\"wp-caption-text\">Tadeu Brunelli<\/p><\/div>\n<p style=\"text-align: justify;\">No dia 25 de janeiro, o <a href=\"http:\/\/www.girosgourmet.com.br\/index.php\/max-bistro-comida-reconfortante-nos-jardins\/\"><span style=\"color: #0000ff;\"><strong>Max Abdo Bistr\u00f4<\/strong><\/span><\/a> abre literalmente as portas para promover mais uma edi\u00e7\u00e3o do Max Street. O evento, que acontece ao ar livre, oferece comidinhas de rua por um pre\u00e7o fixo (R$ 50) e marca a celebra\u00e7\u00e3o do anivers\u00e1rio da cidade de S\u00e3o Paulo e tamb\u00e9m do <em>restaurateur <\/em><strong>Max Abdo<\/strong>.<\/p>\n<p style=\"text-align: justify;\">\u201cA ideia \u00e9 promover uma tarde diferente no bistr\u00f4, com comida de rua em clima de descontra\u00e7\u00e3o\u201d, conta o anfitri\u00e3o Max Abdo, que, para festa, preparou duas receitas inspiradas na fam\u00edlia: <strong>Sanduiche de ragu 7carnes<\/strong> &#8211;\u00a0 no p\u00e3o portugu\u00eas, recheado com ragu de 7 carnes &#8211; pernil, m\u00fasculo, lagarto, lingui\u00e7a toscana, lingui\u00e7a portuguesa, frango e cotechino &#8211; catupiry, cebola caramelizada e vinagrete de tomate com pimenta biquinho, e o <strong>Sandu\u00edche Arais<\/strong> &#8211; no p\u00e3o folha, recheado com carne temperada com cebola, alho, canela, cominho, molho ingl\u00eas, azeite, sal, pimenta mo\u00edda, manjeric\u00e3o, hortel\u00e3 e coentro.<\/p>\n<p style=\"text-align: justify;\">Para prepara\u00e7\u00e3o dos drinks, o evento conta com a participa\u00e7\u00e3o do bartender <strong>La\u00e9rcio Zulu<\/strong>, que estar\u00e1 no comando do bar na varanda<\/p>\n<p><strong>Servi\u00e7o:<\/strong><br \/>\n<strong>Terra\u00e7o Italia<\/strong><br \/>\nAv. Ipiranga, 344 &#8211; Rep\u00fablica, S\u00e3o Paulo &#8211; SP.<br \/>\nTelefone: (11) 2189-2929<\/p>\n<p><strong>Bacalhau &amp; Vinho<\/strong><br \/>\nR. Barra Funda, 1067 &#8211; Barra Funda, S\u00e3o Paulo \u2013 SP<br \/>\nTelefone: (11) 3666-0381<\/p>\n<p><strong>Le Vin Bistro<br \/>\n<\/strong><span style=\"font-size: 1rem;\">Alameda Tiet\u00ea, 184 &#8211; Jardim Paulista, S\u00e3o Paulo &#8211; SP.<br \/>\n<\/span>Telefone: (11) 3081-3924<\/p>\n<p><strong>Mercearia do Conde<\/strong><br \/>\nRua Joaquim Antunes, 217 &#8211; Jardim Paulistano &#8211; S\u00e3o Paulo &#8211; SP<br \/>\nTel. 11 3081-7204<\/p>\n<p><strong>Max Abdo Bistr\u00f4<\/strong><br \/>\nRua Peixoto Gomide, 1658- Jardins\/ S\u00e3o Paulo<br \/>\ntelefone (11) 30625557.<\/p>\n<p>&nbsp;<\/p>\n<p>&nbsp;<\/p>\n<p>&nbsp;<\/p>\n<iframe src=\"http:\/\/www.facebook.com\/plugins\/like.php?href=http:\/\/www.girosgourmet.com.br\/index.php\/restaurantes-terao-programacao-especial-para-o-aniversario-de-sao-paulo\/&amp;layout=standard&amp;show_faces=1&amp;width=450&amp;action=like&amp;colorscheme=light&amp;font=\" scrolling=\"no\" frameborder=\"0\" style=\"border:none; overflow:hidden; width:450px; height:60px\"><\/iframe>","protected":false},"excerpt":{"rendered":"<p>Anivers\u00e1rio da cidade mais querida do universo para mim \u00e9 um bom motivo para sair de casa com uma bela programa\u00e7\u00e3o gastron\u00f4mica, afinal vivemos na Capital Gastron\u00f4mica do mundo, e nada mais inspirador! Selecionamos alguns lugares onde certamente voc\u00ea ter\u00e1 momentos muitos felizes e uma experi\u00eancia contagiante, bem a cara [&hellip;]<\/p>\n","protected":false},"author":3,"featured_media":0,"comment_status":"open","ping_status":"closed","sticky":false,"template":"","format":"standard","meta":{"footnotes":""},"categories":[40,39],"tags":[1978,1977,1335,1749,1979,1597,135,726],"class_list":["post-8637","post","type-post","status-publish","format-standard","hentry","category-culturamodabelezabem-estar","category-gastronomia","tag-aniversario-de-sao-paulo","tag-bacalhau-vinho","tag-hamburguer","tag-le-vin-bistro","tag-max-abdo-bistro","tag-mercearia-do-conde","tag-sao-paulo","tag-terraco-italia"],"_links":{"self":[{"href":"http:\/\/www.girosgourmet.com.br\/index.php\/wp-json\/wp\/v2\/posts\/8637","targetHints":{"allow":["GET"]}}],"collection":[{"href":"http:\/\/www.girosgourmet.com.br\/index.php\/wp-json\/wp\/v2\/posts"}],"about":[{"href":"http:\/\/www.girosgourmet.com.br\/index.php\/wp-json\/wp\/v2\/types\/post"}],"author":[{"embeddable":true,"href":"http:\/\/www.girosgourmet.com.br\/index.php\/wp-json\/wp\/v2\/users\/3"}],"replies":[{"embeddable":true,"href":"http:\/\/www.girosgourmet.com.br\/index.php\/wp-json\/wp\/v2\/comments?post=8637"}],"version-history":[{"count":2,"href":"http:\/\/www.girosgourmet.com.br\/index.php\/wp-json\/wp\/v2\/posts\/8637\/revisions"}],"predecessor-version":[{"id":8645,"href":"http:\/\/www.girosgourmet.com.br\/index.php\/wp-json\/wp\/v2\/posts\/8637\/revisions\/8645"}],"wp:attachment":[{"href":"http:\/\/www.girosgourmet.com.br\/index.php\/wp-json\/wp\/v2\/media?parent=8637"}],"wp:term":[{"taxonomy":"category","embeddable":true,"href":"http:\/\/www.girosgourmet.com.br\/index.php\/wp-json\/wp\/v2\/categories?post=8637"},{"taxonomy":"post_tag","embeddable":true,"href":"http:\/\/www.girosgourmet.com.br\/index.php\/wp-json\/wp\/v2\/tags?post=8637"}],"curies":[{"name":"wp","href":"https:\/\/api.w.org\/{rel}","templated":true}]}}