{"id":86,"date":"2009-02-15T04:34:55","date_gmt":"2009-02-15T07:34:55","guid":{"rendered":"http:\/\/www.closetonline.com.br\/blogcarla\/?p=86"},"modified":"2011-10-21T15:16:02","modified_gmt":"2011-10-21T18:16:02","slug":"1-temporada-do-programa-closet-2","status":"publish","type":"post","link":"http:\/\/www.girosgourmet.com.br\/index.php\/1-temporada-do-programa-closet-2\/","title":{"rendered":"1\u00b0 Temporada do Programa CLOSET"},"content":{"rendered":"<p style=\"text-align: justify;\">\u00c9 assim&#8230;algumas pessoas sabem, mas acredito que a grande maioria n\u00e3o&#8230;o portal existe h\u00e1 pouco mais de 3 meses&#8230;.e estamos muito felizes com a evolu\u00e7\u00e3o do nosso trabalho, mais um sonho realizado na minha lista de 350.000 sonhos que faltam at\u00e9 o final da minha exist\u00eancia&#8230;.hahahaha&#8230;e antes do ClosetOnLine, nossa equipe j\u00e1 fazia o programa Closet em uma Tv On Demand, do nosso amigo Wagner \u00c1vila (<a href=\"http:\/\/www.tivionline.com.br\/\">www.tivionline.com.br<\/a>). Estreamos a Segunda Temporada esta semana, apresentando o todo \u201cpoderoso da Moda Masculina\u201d &#8211; Ricardo Almeida. O programa foi o in\u00edcio de tudo, por isso eu e a Ceci temos um carinho e cuidados com ele ultra especiais&#8230;<\/p>\n<p style=\"text-align: justify;\">O Closet \u00e9 um projeto profissional h\u00e1 muito tempo buscado&#8230;e tentamos fazer dele um programa onde nossos leitores tenham prazer em assisti-lo&#8230;algumas pessoas me pedem os links dos v\u00eddeos da 1\u00b0 temporada&#8230;pedido aceito!! Compartilho agora com voc\u00eas&#8230;..Vale mencionar mais uma vez que nossa inten\u00e7\u00e3o \u00e9 fazer uma cobertura jornal\u00edstica, de forma mais cr\u00edtica, relevante e que realmente contribua para a profissionaliza\u00e7\u00e3o do setor e sua divulga\u00e7\u00e3o&#8230;<\/p>\n<p style=\"text-align: justify;\">E lembre-se \u201cN\u00e3o \u00e9 triste mudar de id\u00e9ias, triste \u00e9 n\u00e3o ter id\u00e9ias para mudar\u201d<\/p>\n<p style=\"text-align: justify;\">Beijo Carinhoso<\/p>\n<p style=\"text-align: justify;\">Carla Palmieri\/Cec\u00edlia Lima<\/p>\n<p style=\"text-align: justify;\">Abaixo est\u00e3o os links para voc\u00eas visualizarem os outros programas.<\/p>\n<p style=\"text-align: justify;\">Entrevista Jair Bortoli \u2013 Modelista<\/p>\n<p style=\"text-align: justify;\"><a href=\"http:\/\/www.youtube.com\/watch?v=jo1huX_pgKY\">http:\/\/www.youtube.com\/watch?v=jo1huX_pgKY<\/a><\/p>\n<p style=\"text-align: justify;\">Entrevista Viella Bernardes \u2013 Criadores de Moda Noiva<\/p>\n<p style=\"text-align: justify;\"><a href=\"http:\/\/www.youtube.com\/watch?v=KdS9ffIQlxs\">http:\/\/www.youtube.com\/watch?v=KdS9ffIQlxs<\/a><\/p>\n<p style=\"text-align: justify;\">Entrevista Geraldo Lima \u2013 Designer de Moda<\/p>\n<p style=\"text-align: justify;\"><a href=\"http:\/\/www.youtube.com\/watch?v=fuR4iUMJLWY\">http:\/\/www.youtube.com\/watch?v=fuR4iUMJLWY<\/a><\/p>\n<p style=\"text-align: justify;\">Entrevista Dobras \u2013 Revista Cientifica de Moda<\/p>\n<p style=\"text-align: justify;\"><a href=\"http:\/\/www.youtube.com\/watch?v=vbHUBIk4E1g\">http:\/\/www.youtube.com\/watch?v=vbHUBIk4E1g<\/a><\/p>\n<p style=\"text-align: justify;\">\u00a0Entrevista Rodrigo Braga \u2013 Fotografo de Moda<\/p>\n<p style=\"text-align: justify;\"><a href=\"http:\/\/www.youtube.com\/watch?v=5kQp_IWFFO8\">http:\/\/www.youtube.com\/watch?v=5kQp_IWFFO8<\/a><\/p>\n<p style=\"text-align: justify;\">\u00a0Entrevista Sator Endo \u2013 Produtor de Moda<\/p>\n<p style=\"text-align: justify;\"><a href=\"http:\/\/www.youtube.com\/watch?v=_TJpyWXCDNY\">http:\/\/www.youtube.com\/watch?v=_TJpyWXCDNY<\/a><\/p>\n<p style=\"text-align: justify;\">Entrevista Roberto Ethel \u2013 Assessor de Imprensa<\/p>\n<p style=\"text-align: justify;\"><a href=\"http:\/\/www.youtube.com\/watch?v=JXtIBFKTCR0\">http:\/\/www.youtube.com\/watch?v=JXtIBFKTCR0<\/a><\/p>\n<p style=\"text-align: justify;\"><a href=\"http:\/\/www.closetonline.com.br\/blogcarla\/wp-content\/uploads\/2010\/05\/LOGO-CLOSET1.jpg\"><img loading=\"lazy\" decoding=\"async\" class=\"aligncenter size-full wp-image-87\" title=\"LOGO CLOSET\" src=\"http:\/\/www.closetonline.com.br\/blogcarla\/wp-content\/uploads\/2010\/05\/LOGO-CLOSET1.jpg\" alt=\"\" width=\"566\" height=\"418\" srcset=\"http:\/\/www.girosgourmet.com.br\/wp-content\/uploads\/2010\/05\/LOGO-CLOSET1.jpg 708w, http:\/\/www.girosgourmet.com.br\/wp-content\/uploads\/2010\/05\/LOGO-CLOSET1-300x221.jpg 300w\" sizes=\"auto, (max-width: 566px) 100vw, 566px\" \/><\/a>\u00a0<\/p>\n<p><span style=\"font-size: x-small;\"><span style=\"font-family: Verdana;\">\u00a0<\/span><\/span><\/p>\n<p class=\"MsoNormal\" style=\"margin: 0cm 0cm 0pt;\"><span style=\"font-family: Verdana; font-size: 10pt;\">\u00a0<\/span><\/p>\n<iframe src=\"http:\/\/www.facebook.com\/plugins\/like.php?href=http:\/\/www.girosgourmet.com.br\/index.php\/1-temporada-do-programa-closet-2\/&amp;layout=standard&amp;show_faces=1&amp;width=450&amp;action=like&amp;colorscheme=light&amp;font=\" scrolling=\"no\" frameborder=\"0\" style=\"border:none; overflow:hidden; width:450px; height:60px\"><\/iframe>","protected":false},"excerpt":{"rendered":"<p>\u00c9 assim&#8230;algumas pessoas sabem, mas acredito que a grande maioria n\u00e3o&#8230;o portal existe h\u00e1 pouco mais de 3 meses&#8230;.e estamos muito felizes com a evolu\u00e7\u00e3o do nosso trabalho, mais um sonho realizado na minha lista de 350.000 sonhos que faltam at\u00e9 o final da minha exist\u00eancia&#8230;.hahahaha&#8230;e antes do ClosetOnLine, nossa [&hellip;]<\/p>\n","protected":false},"author":3,"featured_media":0,"comment_status":"open","ping_status":"open","sticky":false,"template":"","format":"standard","meta":{"footnotes":""},"categories":[39],"tags":[390],"class_list":["post-86","post","type-post","status-publish","format-standard","hentry","category-gastronomia","tag-tv-on-demand"],"_links":{"self":[{"href":"http:\/\/www.girosgourmet.com.br\/index.php\/wp-json\/wp\/v2\/posts\/86","targetHints":{"allow":["GET"]}}],"collection":[{"href":"http:\/\/www.girosgourmet.com.br\/index.php\/wp-json\/wp\/v2\/posts"}],"about":[{"href":"http:\/\/www.girosgourmet.com.br\/index.php\/wp-json\/wp\/v2\/types\/post"}],"author":[{"embeddable":true,"href":"http:\/\/www.girosgourmet.com.br\/index.php\/wp-json\/wp\/v2\/users\/3"}],"replies":[{"embeddable":true,"href":"http:\/\/www.girosgourmet.com.br\/index.php\/wp-json\/wp\/v2\/comments?post=86"}],"version-history":[{"count":7,"href":"http:\/\/www.girosgourmet.com.br\/index.php\/wp-json\/wp\/v2\/posts\/86\/revisions"}],"predecessor-version":[{"id":2718,"href":"http:\/\/www.girosgourmet.com.br\/index.php\/wp-json\/wp\/v2\/posts\/86\/revisions\/2718"}],"wp:attachment":[{"href":"http:\/\/www.girosgourmet.com.br\/index.php\/wp-json\/wp\/v2\/media?parent=86"}],"wp:term":[{"taxonomy":"category","embeddable":true,"href":"http:\/\/www.girosgourmet.com.br\/index.php\/wp-json\/wp\/v2\/categories?post=86"},{"taxonomy":"post_tag","embeddable":true,"href":"http:\/\/www.girosgourmet.com.br\/index.php\/wp-json\/wp\/v2\/tags?post=86"}],"curies":[{"name":"wp","href":"https:\/\/api.w.org\/{rel}","templated":true}]}}