{"id":8328,"date":"2017-10-22T18:55:59","date_gmt":"2017-10-22T21:55:59","guid":{"rendered":"http:\/\/www.girosgourmet.com.br\/?p=8328"},"modified":"2017-10-22T18:56:33","modified_gmt":"2017-10-22T21:56:33","slug":"festival-frances-buziano-homenageara-a-cultura-gastronomica-do-brasil","status":"publish","type":"post","link":"http:\/\/www.girosgourmet.com.br\/index.php\/festival-frances-buziano-homenageara-a-cultura-gastronomica-do-brasil\/","title":{"rendered":"Festival franc\u00eas buziano homenagear\u00e1 a cultura gastron\u00f4mica do Brasil."},"content":{"rendered":"<div id=\"attachment_8330\" style=\"width: 1210px\" class=\"wp-caption aligncenter\"><a href=\"http:\/\/www.girosgourmet.com.br\/index.php\/festival-frances-buziano-homenageara-a-cultura-gastronomica-do-brasil\/cigale-por-nicolas-frion\/\" rel=\"attachment wp-att-8330\"><img loading=\"lazy\" decoding=\"async\" aria-describedby=\"caption-attachment-8330\" class=\"size-full wp-image-8330\" src=\"http:\/\/www.girosgourmet.com.br\/wp-content\/uploads\/2017\/10\/Cigale-por-Nicolas-Frion.jpg\" alt=\"\" width=\"1200\" height=\"889\" srcset=\"http:\/\/www.girosgourmet.com.br\/wp-content\/uploads\/2017\/10\/Cigale-por-Nicolas-Frion.jpg 1200w, http:\/\/www.girosgourmet.com.br\/wp-content\/uploads\/2017\/10\/Cigale-por-Nicolas-Frion-300x222.jpg 300w, http:\/\/www.girosgourmet.com.br\/wp-content\/uploads\/2017\/10\/Cigale-por-Nicolas-Frion-768x569.jpg 768w, http:\/\/www.girosgourmet.com.br\/wp-content\/uploads\/2017\/10\/Cigale-por-Nicolas-Frion-1024x759.jpg 1024w\" sizes=\"auto, (max-width: 1200px) 100vw, 1200px\" \/><\/a><p id=\"caption-attachment-8330\" class=\"wp-caption-text\">Cigale por Nicolas Frion<\/p><\/div>\n<p style=\"text-align: justify;\"><span style=\"color: #000000;\"><a href=\"http:\/\/www.girosgourmet.com.br\/index.php\/descobertas-gastronomicas-buzianas\/\"><strong>B\u00fazios,<\/strong><\/a> um dos balne\u00e1rios mais charmosos do pa\u00eds e um dos meus preferidos pelos seus ventos doces, praias estonteantes e sobretudo por seu cen\u00e1rio gastron\u00f4mico que certamente agradar\u00e1 a todas as tribos que por ali passar, vai ser palco mais uma vez do festival franc\u00eas <strong>Le Pantagruels<\/strong> (24 a 28 de outubro), onde todo o requinte da cozinha franco-brasileira se intensificar\u00e1 pelas m\u00e3os de 16 chefs consagrados.<\/span><\/p>\n<p><a href=\"http:\/\/www.girosgourmet.com.br\/index.php\/festival-frances-buziano-homenageara-a-cultura-gastronomica-do-brasil\/festival-gastronomico-les-pantagruels-2014\/\" rel=\"attachment wp-att-8329\"><img loading=\"lazy\" decoding=\"async\" class=\"size-full wp-image-8329\" src=\"http:\/\/www.girosgourmet.com.br\/wp-content\/uploads\/2017\/10\/Chez-Franc\u0327oise-1.jpg\" alt=\"\" width=\"1200\" height=\"797\" srcset=\"http:\/\/www.girosgourmet.com.br\/wp-content\/uploads\/2017\/10\/Chez-Franc\u0327oise-1.jpg 1200w, http:\/\/www.girosgourmet.com.br\/wp-content\/uploads\/2017\/10\/Chez-Franc\u0327oise-1-300x199.jpg 300w, http:\/\/www.girosgourmet.com.br\/wp-content\/uploads\/2017\/10\/Chez-Franc\u0327oise-1-768x510.jpg 768w, http:\/\/www.girosgourmet.com.br\/wp-content\/uploads\/2017\/10\/Chez-Franc\u0327oise-1-1024x680.jpg 1024w\" sizes=\"auto, (max-width: 1200px) 100vw, 1200px\" \/><\/a><\/p>\n<p style=\"text-align: justify;\"><span style=\"color: #000000;\">Para a s\u00e9tima edi\u00e7\u00e3o, o foco do festival, que \u00e9 realizado pelo <strong>restaurante Chez Fran\u00e7oise<\/strong> desde 2010, \u00e9 homenagear a riqueza da cozinha brasileira. Por isso, para representar o Brasil, s\u00e3o convidados 4 chefs, trazendo o melhor da culin\u00e1ria e dos insumos que cada regi\u00e3o do pa\u00eds oferece. Mantendo, \u00e9 claro, o esp\u00edrito de interc\u00e2mbio do evento, que se intensifica com a apresenta\u00e7\u00e3o destes ingredientes \u00fanicos para os chefs estrangeiros, que v\u00e3o poder conhecer mais a fundo a mat\u00e9ria prima brasileira.\u00a0<\/span><\/p>\n<p style=\"text-align: justify;\"><span style=\"font-style: italic; color: #000000; font-size: 1rem;\">&#8220;O Les Pantagruels surgiu, e \u00e9 baseado, na amizade e na vontade de compartilhar o <\/span><em style=\"color: #000000; font-size: 1rem;\">savoir-faire<\/em><span style=\"font-style: italic; color: #000000; font-size: 1rem;\">, o conhecimento de cada cultura. Aqui, os chefs podem aprender e trocar ideias, apresentar novidades, testar e experimentar, uns com os outros, antes de chegarem no resultado que ser\u00e1 apresentado no jantar final. Isso tudo para continuarem fazendo o que mais gostam: encantar os paladares!\u201d explica <\/span><strong style=\"font-style: italic; color: #000000; font-size: 1rem;\">Nicolas Lindemann<\/strong><span style=\"font-style: italic; color: #000000; font-size: 1rem;\">, diretor de marketing do <\/span><strong style=\"font-style: italic; color: #000000; font-size: 1rem;\">hotel Le Relais La Borie<\/strong><span style=\"font-style: italic; color: #000000; font-size: 1rem;\">, onde se localiza o restaurante Chez Fran\u00e7oise.<\/span><\/p>\n<p style=\"text-align: justify;\"><span style=\"color: #000000;\">D\u00e1 uma olhada na programa\u00e7\u00e3o completa:<\/span><\/p>\n<p style=\"text-align: justify;\"><span style=\"color: #000000;\">Os dias <strong><em>24 e 25 de outubro<\/em><\/strong>, os 2 primeiros dias do evento, ser\u00e3o dedicados a uma profunda an\u00e1lise dos ingredientes disponibilizados aos chefs. Um primeiro contato e troca de t\u00e9cnicas, enriquecendo o conhecimento sobre as culturas e m\u00e9todos utilizados na cozinha. Cada dia contar\u00e1 com um jantar para convidados, no qual os chefs poder\u00e3o iniciar o entrosamento que se intensificar\u00e1 nos dias seguintes.<\/span><\/p>\n<p style=\"text-align: justify;\"><span style=\"color: #000000;\">No dia <strong><em>26 de outubro<\/em><\/strong>, acontece a abertura oficial do encontro. Os chefs apresentar\u00e3o pratos que representam sua regi\u00e3o de origem ou atua\u00e7\u00e3o, possibilitando aos convidados uma verdadeira viagem gastron\u00f4mica por terras tupiniquins e francesas.<\/span><\/p>\n<p style=\"text-align: justify;\"><span style=\"color: #000000;\">J\u00e1 no dia <strong><em>27 de outubro<\/em><\/strong>, al\u00e9m do tradicional jantar <em>pantagru\u00e9lico<\/em> realizado no Chez Fran\u00e7oise, os chefs visitar\u00e3o as cozinhas de restaurantes parceiros, nos pontos tur\u00edsticos mais marcantes de B\u00fazios, que receber\u00e3o um menu degusta\u00e7\u00e3o de 3 passos, fruto dos primeiros dias do interc\u00e2mbio de sabores entre os chefs dos dois pa\u00edses. O Circuito Pantagruels, como foi denominado, levar\u00e1 ao p\u00fablico, e ao cora\u00e7\u00e3o da cidade de B\u00fazios, essa integra\u00e7\u00e3o entre as duas culturas gastron\u00f4micas. Entre os restaurantes participantes, est\u00e3o: Cigalon Restaurant (Rua das Pedras), Taverne 67 (Rua Tur\u00edbio), Donna J\u00f4 (Porto da Barra) e Bar do Z\u00e9 (Orla Bardot).<\/span><\/p>\n<p style=\"text-align: justify;\"><span style=\"color: #000000;\">O s\u00e1bado, <strong><em>28 de outubro<\/em><\/strong>, ser\u00e1 o <em>grand finale<\/em>! Um jantar celebrando a alta gastronomia de Brasil e Fran\u00e7a, com o melhor do que foi pensado e criado durante o interc\u00e2mbio. Um menu de 5 passos, onde os chefs ter\u00e3o a oportunidade de colocar em pr\u00e1tica sua criatividade para surpreender os presentes com um menu in\u00e9dito.<\/span><\/p>\n<p style=\"text-align: justify;\"><span style=\"color: #000000;\">Confira os chefs participantes desta edi\u00e7\u00e3o:<\/span><\/p>\n<ol style=\"text-align: justify;\">\n<li><span style=\"color: #000000;\"><strong>Nicolas Frion<\/strong>: Sudoeste da Fran\u00e7a (1 Estrela Michelin);<\/span><\/li>\n<li><span style=\"color: #000000;\"><strong>Olivier Briand<\/strong>: Norte da Fran\u00e7a (eleito melhor bistr\u00f4 em 2006);<\/span><\/li>\n<li><span style=\"color: #000000;\"><strong>Bruno Capellari<\/strong>: Sul da Fran\u00e7a (Bib Gourmand Michelin);<\/span><\/li>\n<li><span style=\"color: #000000;\"><strong>Humberto Marra<\/strong>: Chef embaixador do Centro-Oeste do Brasil;<\/span><\/li>\n<li><span style=\"color: #000000;\"><strong>Natacha Fink<\/strong>: Chef embaixadora do Norte do Brasil;<\/span><\/li>\n<li><span style=\"color: #000000;\"><strong>Roberta Ciasca:<\/strong> Chef embaixadora do Sudeste do Brasil;<\/span><\/li>\n<li><span style=\"color: #000000;\"><strong>Marcones Deus<\/strong>: Chef embaixador do Nordeste do Brasil;<\/span><\/li>\n<li><span style=\"color: #000000;\"><strong>Philippe Brye<\/strong>: Franc\u00eas residente no Rio de Janeiro (P\u00e2tissier do Sofitel);<\/span><\/li>\n<li><span style=\"color: #000000;\"><strong>Antoine Patrick Caestecker<\/strong>: Franc\u00eas residente em S\u00e3o Paulo (Membro da Academie Culinaire de France);<\/span><\/li>\n<li><span style=\"color: #000000;\"><strong>S\u00e9bastien Laurent Michaut<\/strong>: Franc\u00eas residente em S\u00e3o Paulo;<\/span><\/li>\n<li><span style=\"color: #000000;\"><strong>Frederic Monnier<\/strong>: Franc\u00eas residente no Rio de Janeiro (Chef Ma\u00eetre Cuisinier de France);<\/span><\/li>\n<li><span style=\"color: #000000;\"><strong>Sonia Persiani<\/strong>: Argentina residente em B\u00fazios \u2013 Chef embaixadora de B\u00fazios (Cigalon);<\/span><\/li>\n<li><span style=\"color: #000000;\"><strong>Joana Gallo<\/strong>: Chef embaixadora de B\u00fazios (Donna J\u00f4);<\/span><\/li>\n<li><span style=\"color: #000000;\"><strong>Frank G\u00e9rard<\/strong>: Franc\u00eas residente em B\u00fazios \u2013 Chef embaixador de B\u00fazios (La Taverne 67);<\/span><\/li>\n<li><span style=\"color: #000000;\"><strong>Leandro Ferreira<\/strong>: Chef embaixador de B\u00fazios (Bar do Z\u00e9);<\/span><\/li>\n<li><span style=\"color: #000000;\"><strong>Paulo Cezar Cordeiro<\/strong>: Chef residente do Les Pantagruels (Chez Fran\u00e7oise).<\/span><\/li>\n<\/ol>\n<p style=\"text-align: justify;\"><span style=\"color: #000000;\">N\u00e3o \u00e9 magnifico? Evento imperd\u00edvel para os franc\u00f3filos de plant\u00e3o!<\/span><\/p>\n<p style=\"text-align: justify;\"><span style=\"color: #000000;\"><strong>Servico<br \/>\n<\/strong><strong>Consulta sobre pacotes Les Pantagruels:<br \/>\n<\/strong><span style=\"font-size: 1rem;\">De 2 a 5 noites, contato:<br \/>\n<\/span><span style=\"font-size: 1rem;\">Hotel Le Relais La Borie<br \/>\n<\/span><span style=\"font-size: 1rem;\">Rua Gerbert Periss\u00e9, 554<br \/>\n<\/span><span style=\"font-size: 1rem;\">Praia de Gerib\u00e1, B\u00fazios<br \/>\n<\/span><span style=\"font-size: 1rem;\">Reservas: tel. (22) 2620-8504 | E-mail: <\/span><\/span><a style=\"font-size: 1rem;\" href=\"mailto:laborie@laboriebuzios.com\">laborie@laboriebuzios.com<\/a><\/p>\n<p>&nbsp;<\/p>\n<iframe src=\"http:\/\/www.facebook.com\/plugins\/like.php?href=http:\/\/www.girosgourmet.com.br\/index.php\/festival-frances-buziano-homenageara-a-cultura-gastronomica-do-brasil\/&amp;layout=standard&amp;show_faces=1&amp;width=450&amp;action=like&amp;colorscheme=light&amp;font=\" scrolling=\"no\" frameborder=\"0\" style=\"border:none; overflow:hidden; width:450px; height:60px\"><\/iframe>","protected":false},"excerpt":{"rendered":"<p>B\u00fazios, um dos balne\u00e1rios mais charmosos do pa\u00eds e um dos meus preferidos pelos seus ventos doces, praias estonteantes e sobretudo por seu cen\u00e1rio gastron\u00f4mico que certamente agradar\u00e1 a todas as tribos que por ali passar, vai ser palco mais uma vez do festival franc\u00eas Le Pantagruels (24 a 28 [&hellip;]<\/p>\n","protected":false},"author":3,"featured_media":0,"comment_status":"open","ping_status":"closed","sticky":false,"template":"","format":"standard","meta":{"footnotes":""},"categories":[39,41],"tags":[844,1895],"class_list":["post-8328","post","type-post","status-publish","format-standard","hentry","category-gastronomia","category-viagens","tag-buzios","tag-le-pantagruels"],"_links":{"self":[{"href":"http:\/\/www.girosgourmet.com.br\/index.php\/wp-json\/wp\/v2\/posts\/8328","targetHints":{"allow":["GET"]}}],"collection":[{"href":"http:\/\/www.girosgourmet.com.br\/index.php\/wp-json\/wp\/v2\/posts"}],"about":[{"href":"http:\/\/www.girosgourmet.com.br\/index.php\/wp-json\/wp\/v2\/types\/post"}],"author":[{"embeddable":true,"href":"http:\/\/www.girosgourmet.com.br\/index.php\/wp-json\/wp\/v2\/users\/3"}],"replies":[{"embeddable":true,"href":"http:\/\/www.girosgourmet.com.br\/index.php\/wp-json\/wp\/v2\/comments?post=8328"}],"version-history":[{"count":6,"href":"http:\/\/www.girosgourmet.com.br\/index.php\/wp-json\/wp\/v2\/posts\/8328\/revisions"}],"predecessor-version":[{"id":8336,"href":"http:\/\/www.girosgourmet.com.br\/index.php\/wp-json\/wp\/v2\/posts\/8328\/revisions\/8336"}],"wp:attachment":[{"href":"http:\/\/www.girosgourmet.com.br\/index.php\/wp-json\/wp\/v2\/media?parent=8328"}],"wp:term":[{"taxonomy":"category","embeddable":true,"href":"http:\/\/www.girosgourmet.com.br\/index.php\/wp-json\/wp\/v2\/categories?post=8328"},{"taxonomy":"post_tag","embeddable":true,"href":"http:\/\/www.girosgourmet.com.br\/index.php\/wp-json\/wp\/v2\/tags?post=8328"}],"curies":[{"name":"wp","href":"https:\/\/api.w.org\/{rel}","templated":true}]}}