{"id":8261,"date":"2017-10-06T16:16:21","date_gmt":"2017-10-06T19:16:21","guid":{"rendered":"http:\/\/www.girosgourmet.com.br\/?p=8261"},"modified":"2017-10-06T16:40:56","modified_gmt":"2017-10-06T19:40:56","slug":"especial-giros-dia-das-criancas","status":"publish","type":"post","link":"http:\/\/www.girosgourmet.com.br\/index.php\/especial-giros-dia-das-criancas\/","title":{"rendered":"Especial Giros &#8211; Dia das Crian\u00e7as"},"content":{"rendered":"<p style=\"text-align: center;\"><a href=\"http:\/\/www.girosgourmet.com.br\/index.php\/especial-giros-dia-das-criancas\/criancas-1024x576\/\" rel=\"attachment wp-att-8271\"><img loading=\"lazy\" decoding=\"async\" class=\"aligncenter size-full wp-image-8271\" src=\"http:\/\/www.girosgourmet.com.br\/wp-content\/uploads\/2017\/10\/CRIAN\u00c7AS-1024x576.jpeg\" alt=\"\" width=\"1024\" height=\"576\" srcset=\"http:\/\/www.girosgourmet.com.br\/wp-content\/uploads\/2017\/10\/CRIAN\u00c7AS-1024x576.jpeg 1024w, http:\/\/www.girosgourmet.com.br\/wp-content\/uploads\/2017\/10\/CRIAN\u00c7AS-1024x576-300x169.jpeg 300w, http:\/\/www.girosgourmet.com.br\/wp-content\/uploads\/2017\/10\/CRIAN\u00c7AS-1024x576-768x432.jpeg 768w\" sizes=\"auto, (max-width: 1024px) 100vw, 1024px\" \/><\/a><\/p>\n<p style=\"text-align: justify;\"><span style=\"color: #000000;\">Estar\u00e1 com seus filhotes, sobrinhos e netos no feriado e ainda n\u00e3o faz ideia do que fazer com esta garotada no dia 12?\u00a0<\/span><span style=\"color: #000000;\"><strong>Dia das Crian\u00e7as<\/strong> tamb\u00e9m \u00e9 uma \u00f3tima oportunidade de sair da rotina com os pequenos gourmets e saborear \u00f3timos menus especiais, que alguns lugares da cidade est\u00e3o promovendo para que este in\u00edcio de feriado seja bacan\u00e9rrimo. A giros elaborou um roteiro para quem deseja entrar no clima m\u00e1gico que o dia sugere, d\u00e1 uma olhada e seja feliz!<\/span><\/p>\n<p style=\"text-align: justify;\"><span style=\"color: #000000;\"><strong>Restaurant Week<\/strong><\/span><\/p>\n<p style=\"text-align: center;\"><a href=\"http:\/\/www.girosgourmet.com.br\/index.php\/especial-giros-dia-das-criancas\/restaurant-week\/\" rel=\"attachment wp-att-8273\"><img loading=\"lazy\" decoding=\"async\" class=\"aligncenter size-full wp-image-8273\" src=\"http:\/\/www.girosgourmet.com.br\/wp-content\/uploads\/2017\/10\/restaurant-week.jpg\" alt=\"\" width=\"620\" height=\"465\" srcset=\"http:\/\/www.girosgourmet.com.br\/wp-content\/uploads\/2017\/10\/restaurant-week.jpg 620w, http:\/\/www.girosgourmet.com.br\/wp-content\/uploads\/2017\/10\/restaurant-week-300x225.jpg 300w\" sizes=\"auto, (max-width: 620px) 100vw, 620px\" \/><\/a><\/p>\n<p style=\"text-align: justify;\"><span style=\"color: #000000;\">Se liga na primeira super dica, a <strong>21\u00ba SP Restaurant Week<\/strong> selecionou alguns bons restaurantes que estar\u00e3o com \u00f3timos menus e entretenimento para os pequenos, e com os pre\u00e7os super acess\u00edveis (para o Menu Tradicional, o almo\u00e7o \u00e9 R$ 41,90 + R$ 1 de doa\u00e7\u00e3o para projetos sociais da Funda\u00e7\u00e3o Cafu, total de R$ 42,90; e no jantar, R$ 54,90 + R$ 1 de doa\u00e7\u00e3o, total de R$ 55,90). Confira as indica\u00e7\u00f5es dos pr\u00f3prios organizadores;<\/span><\/p>\n<p style=\"text-align: justify;\"><span style=\"color: #000000;\"><strong>365 Novotel Jaragu\u00e1<\/strong> (Rua Martins Fontes, 71 &#8211; Centro, S\u00e3o Paulo), <strong>Banana Verde<\/strong>\u00a0<\/span><span style=\"color: #000000;\">(Rua Harmonia, 278, Vila Madalena), <strong>Camden House\u00a0<\/strong><\/span><span style=\"color: #000000;\">(Itaim Bibi-R. Manuel Guedes, 243), <strong>L\u2019Entrecote\u2013<\/strong>(Cidade Jardi-Morumbi-Avenida Magalh\u00e3es de Castro, 12000 loja 17 e 18), <strong>Nello\u2019s Vila Leopoldina<\/strong> (R. Guaip\u00e1, 880 &#8211; S\u00e3o Paulo), <strong>Portucho<\/strong> (R. P\u00e1ssaros e Flores, 239 \u2013 Brooklin), <strong>Taka Daru Izakaya<\/strong> <\/span><span style=\"color: #000000;\">(R. Costa Carvalho, 234 \u2013 Pinheiros-Espa\u00e7o para recrea\u00e7\u00e3o infantil aos domingos, no almo\u00e7o) e <strong>Villa Roma<\/strong> (Alameda Ja\u00fa, 1191).<\/span><\/p>\n<p style=\"text-align: justify;\"><span style=\"color: #000000;\">Lembrando que o festival acontece at\u00e9 o pr\u00f3ximo dia 15 de outubro.<\/span><\/p>\n<p style=\"text-align: justify;\"><span style=\"color: #000000;\"><strong>Toro Sushi<\/strong><\/span><\/p>\n<p style=\"text-align: center;\"><a href=\"http:\/\/www.girosgourmet.com.br\/index.php\/especial-giros-dia-das-criancas\/toro-sushi_mochi-recheado-com-sorvete-de-tutti-frutti_creditos-mario-rodrigues\/\" rel=\"attachment wp-att-8264\"><img loading=\"lazy\" decoding=\"async\" class=\"aligncenter wp-image-8264\" src=\"http:\/\/www.girosgourmet.com.br\/wp-content\/uploads\/2017\/10\/Toro-Sushi_Mochi-Recheado-com-Sorvete-de-Tutti-Frutti_cr\u00e9ditos-Mario-Rodrigues-200x300.jpg\" alt=\"\" width=\"340\" height=\"510\" srcset=\"http:\/\/www.girosgourmet.com.br\/wp-content\/uploads\/2017\/10\/Toro-Sushi_Mochi-Recheado-com-Sorvete-de-Tutti-Frutti_cr\u00e9ditos-Mario-Rodrigues-200x300.jpg 200w, http:\/\/www.girosgourmet.com.br\/wp-content\/uploads\/2017\/10\/Toro-Sushi_Mochi-Recheado-com-Sorvete-de-Tutti-Frutti_cr\u00e9ditos-Mario-Rodrigues-768x1152.jpg 768w, http:\/\/www.girosgourmet.com.br\/wp-content\/uploads\/2017\/10\/Toro-Sushi_Mochi-Recheado-com-Sorvete-de-Tutti-Frutti_cr\u00e9ditos-Mario-Rodrigues-683x1024.jpg 683w, http:\/\/www.girosgourmet.com.br\/wp-content\/uploads\/2017\/10\/Toro-Sushi_Mochi-Recheado-com-Sorvete-de-Tutti-Frutti_cr\u00e9ditos-Mario-Rodrigues.jpg 800w\" sizes=\"auto, (max-width: 340px) 100vw, 340px\" \/><\/a><\/p>\n<p style=\"text-align: justify;\"><span style=\"color: #000000;\">Oferecer a excel\u00eancia em sushi. Essa \u00e9 a proposta do <strong>Toro Sushi<\/strong>, que traz j\u00e1 no nome sua peculiaridade. Para comemorar a data, o restaurante preparou o <em>Mochi Recheado com Sorvete de Tutti-Frutti<\/em>, que ser\u00e1 servido como cortesia para os pequenos junto com um pegador de hashi personalizado, de diferentes cores e em formatos de bichos, como elefante, papagaio e macaco. Tudo para tornar a data ainda mais especial.<\/span><\/p>\n<p style=\"text-align: justify;\"><span style=\"color: #000000;\"><strong>Farabbud<\/strong>.<\/span><\/p>\n<p style=\"text-align: center;\"><a href=\"http:\/\/www.girosgourmet.com.br\/index.php\/especial-giros-dia-das-criancas\/farabbud_ambiente_creditos-mario-rodrigues\/\" rel=\"attachment wp-att-8265\"><img loading=\"lazy\" decoding=\"async\" class=\"aligncenter size-full wp-image-8265\" src=\"http:\/\/www.girosgourmet.com.br\/wp-content\/uploads\/2017\/10\/Farabbud_ambiente_cr\u00e9ditos-Mario-Rodrigues.jpg\" alt=\"\" width=\"1200\" height=\"800\" srcset=\"http:\/\/www.girosgourmet.com.br\/wp-content\/uploads\/2017\/10\/Farabbud_ambiente_cr\u00e9ditos-Mario-Rodrigues.jpg 1200w, http:\/\/www.girosgourmet.com.br\/wp-content\/uploads\/2017\/10\/Farabbud_ambiente_cr\u00e9ditos-Mario-Rodrigues-300x200.jpg 300w, http:\/\/www.girosgourmet.com.br\/wp-content\/uploads\/2017\/10\/Farabbud_ambiente_cr\u00e9ditos-Mario-Rodrigues-768x512.jpg 768w, http:\/\/www.girosgourmet.com.br\/wp-content\/uploads\/2017\/10\/Farabbud_ambiente_cr\u00e9ditos-Mario-Rodrigues-1024x683.jpg 1024w\" sizes=\"auto, (max-width: 1200px) 100vw, 1200px\" \/><\/a><\/p>\n<p style=\"text-align: justify;\"><span style=\"color: #000000;\">Ingredientes de qualidade e pratos com gostinho da comida da vov\u00f3 comp\u00f5em a f\u00f3rmula de sucesso de um dos marcos da culin\u00e1ria \u00e1rabe em S\u00e3o Paulo, o <strong>Farabbud<\/strong>. No menu, para come\u00e7ar, as dicas s\u00e3o o <em>Tabule <\/em>(alface picada, tomate, trigo fino, cebola, salsinha e hortel\u00e3, R$ 39) e o prato <em>Chich Barak <\/em>(capelletti de vitela apurado na coalhada, acompanhado de cebola dourada, pinoli crocante e notas de hortel\u00e3, R$ 51). Como sobremesa, o <em>Ali Bab\u00e1 <\/em>(R$ 22) com sorvete de creme com calda quente de chocolate e chantili \u00e9 perfeito para a data. Al\u00e9m do menu especial, a casa preparou uma programa\u00e7\u00e3o com muitas brincadeiras no espa\u00e7o Canto do Brinquedo, durante toda a tarde, das 12h30 \u00e0s 16h30. Oficinas de massinha, jogos de tabuleiro, blocos de montagem, amarelinha e livro de pintura personalizado s\u00e3o algumas das atividades pensadas especialmente para as crian\u00e7as. Haver\u00e1, ainda, o espa\u00e7o do soninho, uma minibiblioteca e uma tenda infantil.<\/span><\/p>\n<p style=\"text-align: center;\"><a href=\"http:\/\/www.girosgourmet.com.br\/index.php\/especial-giros-dia-das-criancas\/mercearia-do-conde_nhoque-de-mandioquinha_creditos-romulo-fialdini\/\" rel=\"attachment wp-att-8266\"><img loading=\"lazy\" decoding=\"async\" class=\"aligncenter wp-image-8266 \" src=\"http:\/\/www.girosgourmet.com.br\/wp-content\/uploads\/2017\/10\/Mercearia-do-Conde_Nhoque-de-Mandioquinha_cr\u00e9ditos-Romulo-Fialdini-684x1024.jpg\" alt=\"\" width=\"508\" height=\"760\" srcset=\"http:\/\/www.girosgourmet.com.br\/wp-content\/uploads\/2017\/10\/Mercearia-do-Conde_Nhoque-de-Mandioquinha_cr\u00e9ditos-Romulo-Fialdini-684x1024.jpg 684w, http:\/\/www.girosgourmet.com.br\/wp-content\/uploads\/2017\/10\/Mercearia-do-Conde_Nhoque-de-Mandioquinha_cr\u00e9ditos-Romulo-Fialdini-200x300.jpg 200w, http:\/\/www.girosgourmet.com.br\/wp-content\/uploads\/2017\/10\/Mercearia-do-Conde_Nhoque-de-Mandioquinha_cr\u00e9ditos-Romulo-Fialdini-768x1151.jpg 768w, http:\/\/www.girosgourmet.com.br\/wp-content\/uploads\/2017\/10\/Mercearia-do-Conde_Nhoque-de-Mandioquinha_cr\u00e9ditos-Romulo-Fialdini.jpg 801w\" sizes=\"auto, (max-width: 508px) 100vw, 508px\" \/><\/a><\/p>\n<p style=\"text-align: justify;\"><span style=\"color: #000000;\">Multicultural e astral, a <strong>Mercearia do Conde<\/strong>, localizada no cora\u00e7\u00e3o do Jardim Paulistano, tem ambiente perfeito para reunir toda a fam\u00edlia. Fadas e trapezistas parecem voar pelo ambiente. Quadros, pierr\u00f4s, espelhos, relic\u00e1rios, bicicleta, vassouras, panos de prato bordados, sacolas de feira, m\u00f3biles e artesanato variado est\u00e3o por todos <\/span><span style=\"color: #000000;\">os cantos, com quebra-cabe\u00e7as e livros infantis para distrair os pequenos. Com tr\u00eas op\u00e7\u00f5es de pratos principais, ao pre\u00e7o fixo de R$ 32 cada um, o card\u00e1pio foi pensado especialmente para o Dia das Crian\u00e7as e ser\u00e1 servido dos dias 12 a 15 de outubro\/17. Dentre as escolhas, est\u00e3o o <strong><em>Nhoque de Mandioquinha com Minipolpettas de Frango ao Molho de Tomates<\/em>; <em>Peixe \u00e0 Dor\u00ea com Batatas Francesas e Creme de Espinafre <\/em>(opcional) e <em>Escalopinho de Fil\u00e9 com Espaguete da Casa ao Molho de Tomates Frescos ou Molho de Queijos. <\/em><\/strong>Para deixar a data ainda mais festiva, a casa dar\u00e1 como cortesia uma por\u00e7\u00e3o de <strong>brigadeirinhos<\/strong> artesanais e um brinde surpresa para os pequenos.<\/span><\/p>\n<p style=\"text-align: justify;\"><span style=\"color: #000000;\"><strong>Le Bou<\/strong><\/span><\/p>\n<div id=\"attachment_8268\" style=\"width: 535px\" class=\"wp-caption aligncenter\"><a href=\"http:\/\/www.girosgourmet.com.br\/index.php\/especial-giros-dia-das-criancas\/2016-marcia-gamma\/\" rel=\"attachment wp-att-8268\"><img loading=\"lazy\" decoding=\"async\" aria-describedby=\"caption-attachment-8268\" class=\"wp-image-8268 size-large\" src=\"http:\/\/www.girosgourmet.com.br\/wp-content\/uploads\/2017\/10\/Le-Bou_Steak-du-Petit-Gabriel_cr\u00e9ditos-M\u00e1rcia-Gamma-791x1024.jpg\" alt=\"\" width=\"525\" height=\"680\" srcset=\"http:\/\/www.girosgourmet.com.br\/wp-content\/uploads\/2017\/10\/Le-Bou_Steak-du-Petit-Gabriel_cr\u00e9ditos-M\u00e1rcia-Gamma-791x1024.jpg 791w, http:\/\/www.girosgourmet.com.br\/wp-content\/uploads\/2017\/10\/Le-Bou_Steak-du-Petit-Gabriel_cr\u00e9ditos-M\u00e1rcia-Gamma-232x300.jpg 232w, http:\/\/www.girosgourmet.com.br\/wp-content\/uploads\/2017\/10\/Le-Bou_Steak-du-Petit-Gabriel_cr\u00e9ditos-M\u00e1rcia-Gamma-768x994.jpg 768w, http:\/\/www.girosgourmet.com.br\/wp-content\/uploads\/2017\/10\/Le-Bou_Steak-du-Petit-Gabriel_cr\u00e9ditos-M\u00e1rcia-Gamma.jpg 927w\" sizes=\"auto, (max-width: 525px) 100vw, 525px\" \/><\/a><p id=\"caption-attachment-8268\" class=\"wp-caption-text\">\u00a9 2016 &#8211; MARCIA GAMMA<\/p><\/div>\n<p style=\"text-align: justify;\"><span style=\"color: #000000;\">Servi\u00e7o, comida e pre\u00e7o de bistr\u00f4. Essa \u00e9 a proposta do <strong>Le Bou <\/strong>(abrevia\u00e7\u00e3o de \u201cboulangerie\u201d, padaria, em franc\u00eas), localizado em um charmoso sobrado, no Itaim Bibi, tem varanda pet friendly em mesinhas na cal\u00e7ada, \u00e9 poss\u00edvel almo\u00e7ar ou jantar com seu amigo preferido observando o movimento da rua. Para o Dia das Crian\u00e7as, o restaurante preparou um menu especial em dois tempos ao pre\u00e7o fixo de R$ 35 por pessoa. Entre as op\u00e7\u00f5es de prato, est\u00e3o o <em><strong>Steak du Petit Gabriel<\/strong> <\/em>(escalope de mignon com arroz e fritas) e o <strong>Pat\u00eas de La Princesse Manu Masse<\/strong> (linguini na manteiga com frango desfiado). Para ado\u00e7ar, as op\u00e7\u00f5es de sobremesa s\u00e3o o <strong>Minipain Perdu <\/strong>(banhado em creme ingl\u00eas e servido com sorvete de iogurte de frutas vermelhas) e o <strong><em>Minigateau Le<\/em> Bou<\/strong> (petit gateau tradicional coberto com Nutella e calda de morangos c\u00edtricos, acompanhado de uma bola de sorvete de creme). Para acompanhar e refrescar, o menu tamb\u00e9m inclui um suco natural do card\u00e1pio, com frutas da esta\u00e7\u00e3o.<\/span><\/p>\n<p style=\"text-align: justify;\"><span style=\"color: #000000;\"><strong>Coco Bambu<\/strong><\/span><\/p>\n<p><a href=\"http:\/\/www.girosgourmet.com.br\/index.php\/especial-giros-dia-das-criancas\/www-tbfoto-com-brcoco-bambu-spsp-27082012foto-tadeu-br\/\" rel=\"attachment wp-att-8269\"><img loading=\"lazy\" decoding=\"async\" class=\"size-full wp-image-8269\" src=\"http:\/\/www.girosgourmet.com.br\/wp-content\/uploads\/2017\/10\/coco-bambu.jpg\" alt=\"\" width=\"4338\" height=\"2915\" srcset=\"http:\/\/www.girosgourmet.com.br\/wp-content\/uploads\/2017\/10\/coco-bambu.jpg 4338w, http:\/\/www.girosgourmet.com.br\/wp-content\/uploads\/2017\/10\/coco-bambu-300x202.jpg 300w, http:\/\/www.girosgourmet.com.br\/wp-content\/uploads\/2017\/10\/coco-bambu-768x516.jpg 768w, http:\/\/www.girosgourmet.com.br\/wp-content\/uploads\/2017\/10\/coco-bambu-1024x688.jpg 1024w\" sizes=\"auto, (max-width: 4338px) 100vw, 4338px\" \/><\/a><\/p>\n<p style=\"text-align: justify;\"><span style=\"color: #000000;\">O restaurante tamb\u00e9m criar\u00e1 um \u00f3timo cen\u00e1rio para comemorar o Dia das Crian\u00e7as, quinta-feira (12\/10), em 4 endere\u00e7os: An\u00e1lia Franco, Anhembi, JK e Market Place. S\u00e3o quatro sugest\u00f5es individuais para este dia, como <strong>Espaguete ao molho branco ou sugo (R$42), Fil\u00e9 mignon \u00e0 parmegiana com espaguete e molho de tomate (R$53), Fil\u00e9 mignon grelhado, arroz e batatas fritas (R$42) e o Peito de frango grelhado, arroz e batata fritas (R$42).<\/strong><\/span><\/p>\n<p style=\"text-align: justify;\"><span style=\"color: #000000;\">Na unidade <strong>An\u00e1lia Franco<\/strong> (R$10) e <strong>Anhembi<\/strong> (R$19), as crian\u00e7as contam com um espa\u00e7o exclusivo com a presen\u00e7a de monitores, inclui brinquedos, videogames, TV\u2019s que passam anima\u00e7\u00e3o, entre outras atra\u00e7\u00f5es.<\/span><\/p>\n<p style=\"text-align: justify;\"><span style=\"color: #000000;\"><strong>Eataly<\/strong><\/span><\/p>\n<p style=\"text-align: center;\"><a href=\"http:\/\/www.girosgourmet.com.br\/index.php\/especial-giros-dia-das-criancas\/eataly\/\" rel=\"attachment wp-att-8270\"><img loading=\"lazy\" decoding=\"async\" class=\"aligncenter size-full wp-image-8270\" src=\"http:\/\/www.girosgourmet.com.br\/wp-content\/uploads\/2017\/10\/eataly.jpg\" alt=\"\" width=\"600\" height=\"375\" srcset=\"http:\/\/www.girosgourmet.com.br\/wp-content\/uploads\/2017\/10\/eataly.jpg 600w, http:\/\/www.girosgourmet.com.br\/wp-content\/uploads\/2017\/10\/eataly-300x188.jpg 300w\" sizes=\"auto, (max-width: 600px) 100vw, 600px\" \/><\/a><\/p>\n<p style=\"text-align: justify;\"><span style=\"color: #000000;\">O Eataly est\u00e1 com duas a\u00e7\u00f5es bem legais e divertidas para entreter a crian\u00e7ada. <\/span><span style=\"color: #000000;\">Vai rolar um curso Dia das Crian\u00e7as na Cozinha (R$100,00) \u00a0que acontece no dia 12 de outubro. A receita ser\u00e1 o <strong>Gnocchi de chocolate com calda de brigadeiro e morangos<\/strong>. <strong>Focaccias<\/strong> salgadas como aperitivo. <\/span><span style=\"color: #000000;\">Os alunos tamb\u00e9m aprender\u00e3o a escolher os ingredientes corretamente, preparar e modelar massas e dicas para acertar o ponto de cozimento. <\/span><\/p>\n<p style=\"text-align: justify;\"><span style=\"color: #000000;\">Todo m\u00eas acontece o <strong>Kids Tour<\/strong> que tem o valor de R$90 para crian\u00e7as maiores de 6 anos e R$135 para menores de 6 anos acompanhadas dos pais. <\/span><br \/>\n<span style=\"color: #000000;\"> O tour \u00e9 super interativo, visitando a padaria, peixaria, pasta fresca, FLV (frutas, legumes e verduras) f\u00e1brica de queijos e mais. O Kids Tour \u00e9 interativo, com degusta\u00e7\u00f5es de p\u00e3es, mozzarella, peixe, frutas, sucos, brincadeiras e m\u00e3o na massa. Reservas pelo e-mail: <strong><a href=\"mailto:oi@jardinsdainfancia.com.br\">oi@jardinsdainfancia.com.br<\/a> <\/strong><\/span><\/p>\n<p style=\"text-align: justify;\"><strong><span style=\"color: #000000;\">Servi\u00e7o<\/span><\/strong><br \/>\n<span style=\"color: #000000;\"><strong>Toro Sushi &#8211;<\/strong><\/span><span style=\"color: #000000;\">Unidade Jardins<br \/>\n<\/span><span style=\"color: #000000;\">Endere\u00e7o: Rua Oscar Freire, 512 &#8211; Cerqueira C\u00e9sar \u2013 S\u00e3o Paulo \u2013 SP-Telefone: 11 4508-3195<\/span><\/p>\n<p style=\"text-align: justify;\"><span style=\"color: #000000;\"><strong>Farabbud<br \/>\n<\/strong><\/span><span style=\"color: #000000;\">Endere\u00e7o: Alameda dos Anapurus, 1253 \u2013 Moema, S\u00e3o Paulo\u2013 SP -Telefone: 11 5054-1648<\/span><\/p>\n<p style=\"text-align: justify;\"><span style=\"color: #000000;\"><strong>Mercearia do Conde<br \/>\n<\/strong><\/span><span style=\"color: #000000;\">Endere\u00e7o: Rua Joaquim Antunes, 217 \u2013 Jardim Paulistano, S\u00e3o Paulo &#8211; SP Telefone: 11 3081-7204<\/span><\/p>\n<p style=\"text-align: justify;\"><span style=\"color: #000000;\"><strong>Le Bou Bistr\u00f4<br \/>\n<\/strong><\/span><span style=\"color: #000000;\">Endere\u00e7o: Renato Paes de Barros, 415 &#8211; Itaim Bibi \u2013 S\u00e3o Paulo &#8211; SP<br \/>\n<\/span><span style=\"color: #000000;\">Telefone: 11 3078-7619 | 11 99410-6282<\/span><\/p>\n<p style=\"text-align: justify;\"><span style=\"color: #000000;\"><strong>Coco Bambu<br \/>\n<\/strong><\/span><span style=\"color: #000000;\"><a href=\"http:\/\/www.cocobambu.com\">www.cocobambu.com<\/a><\/span><\/p>\n<p><strong>Eataly<\/strong><br \/>\n<span style=\"color: #000000;\">Av. Pres. Juscelino Kubitschek, 1489 &#8211; Itaim Bibi, S\u00e3o Paulo &#8211; SP.<\/span><br \/>\n<span style=\"color: #000000;\">Telefone: (11) 3279-3300<\/span><\/p>\n<p>&nbsp;<\/p>\n<iframe src=\"http:\/\/www.facebook.com\/plugins\/like.php?href=http:\/\/www.girosgourmet.com.br\/index.php\/especial-giros-dia-das-criancas\/&amp;layout=standard&amp;show_faces=1&amp;width=450&amp;action=like&amp;colorscheme=light&amp;font=\" scrolling=\"no\" frameborder=\"0\" style=\"border:none; overflow:hidden; width:450px; height:60px\"><\/iframe>","protected":false},"excerpt":{"rendered":"<p>Estar\u00e1 com seus filhotes, sobrinhos e netos no feriado e ainda n\u00e3o faz ideia do que fazer com esta garotada no dia 12?\u00a0Dia das Crian\u00e7as tamb\u00e9m \u00e9 uma \u00f3tima oportunidade de sair da rotina com os pequenos gourmets e saborear \u00f3timos menus especiais, que alguns lugares da cidade est\u00e3o promovendo [&hellip;]<\/p>\n","protected":false},"author":3,"featured_media":0,"comment_status":"open","ping_status":"closed","sticky":false,"template":"","format":"standard","meta":{"footnotes":""},"categories":[40,39],"tags":[380,1375,1842],"class_list":["post-8261","post","type-post","status-publish","format-standard","hentry","category-culturamodabelezabem-estar","category-gastronomia","tag-dia-das-criancas","tag-restaurant-week","tag-toro-sushi"],"_links":{"self":[{"href":"http:\/\/www.girosgourmet.com.br\/index.php\/wp-json\/wp\/v2\/posts\/8261","targetHints":{"allow":["GET"]}}],"collection":[{"href":"http:\/\/www.girosgourmet.com.br\/index.php\/wp-json\/wp\/v2\/posts"}],"about":[{"href":"http:\/\/www.girosgourmet.com.br\/index.php\/wp-json\/wp\/v2\/types\/post"}],"author":[{"embeddable":true,"href":"http:\/\/www.girosgourmet.com.br\/index.php\/wp-json\/wp\/v2\/users\/3"}],"replies":[{"embeddable":true,"href":"http:\/\/www.girosgourmet.com.br\/index.php\/wp-json\/wp\/v2\/comments?post=8261"}],"version-history":[{"count":8,"href":"http:\/\/www.girosgourmet.com.br\/index.php\/wp-json\/wp\/v2\/posts\/8261\/revisions"}],"predecessor-version":[{"id":8277,"href":"http:\/\/www.girosgourmet.com.br\/index.php\/wp-json\/wp\/v2\/posts\/8261\/revisions\/8277"}],"wp:attachment":[{"href":"http:\/\/www.girosgourmet.com.br\/index.php\/wp-json\/wp\/v2\/media?parent=8261"}],"wp:term":[{"taxonomy":"category","embeddable":true,"href":"http:\/\/www.girosgourmet.com.br\/index.php\/wp-json\/wp\/v2\/categories?post=8261"},{"taxonomy":"post_tag","embeddable":true,"href":"http:\/\/www.girosgourmet.com.br\/index.php\/wp-json\/wp\/v2\/tags?post=8261"}],"curies":[{"name":"wp","href":"https:\/\/api.w.org\/{rel}","templated":true}]}}