{"id":819,"date":"2010-09-28T22:59:54","date_gmt":"2010-09-29T01:59:54","guid":{"rendered":"http:\/\/www.closetonline.com.br\/blogcarla\/?p=819"},"modified":"2011-10-26T20:24:27","modified_gmt":"2011-10-26T23:24:27","slug":"velho-centrao","status":"publish","type":"post","link":"http:\/\/www.girosgourmet.com.br\/index.php\/velho-centrao\/","title":{"rendered":"Bienal de Rua&#8230;."},"content":{"rendered":"<p style=\"text-align: justify;\">S\u00e3o Paulo \u00e9 uma cidade incr\u00edvel&#8230; E a cada dia ela me surpreende mais! Minha verdadeira paix\u00e3o&#8230; Voc\u00eas sabiam que t\u00e1 rolando na cidade desde o dia 23 a conhecida \u201cStreet Biennale\u201d (Bienal de Rua)? Trata-se de uma galeria a c\u00e9u aberto, que acontece nas ruas do centro da cidade&#8230; Artistas pl\u00e1sticos de 3 pa\u00edses (Brasil, Fran\u00e7a e China) foram convidados a expressarem suas manifesta\u00e7\u00f5es art\u00edsticas em fachadas de im\u00f3veis&#8230; E o resultado? B\u00e1rbaro&#8230;<\/p>\n<p style=\"text-align: justify;\">Diz o curador franc\u00eas (a verba veio de l\u00e1) Jeremy Planchon, que um dos objetivos da bienal \u00e9 dialogar com pessoas que n\u00e3o t\u00eam o habito de frequentar galerias e com artistas que n\u00e3o t\u00eam o h\u00e1bito de criar na ruas&#8230; Esta explica\u00e7\u00e3o para mim fez super sentido&#8230; risos&#8230;<\/p>\n<p style=\"text-align: justify;\">Eu particularmente achei a id\u00e9ia genial, imagine andar pelas ruas e poder apreciar lindos trabalhos, que s\u00e3o 14 telas no total. A gente se sente uma verdadeira atriz no meio destes pain\u00e9is, que mais parecem cen\u00e1rios teatrais gigantes. Sem contar que este evento \u00e9 um col\u00edrio para os fot\u00f3grafos e para gente que gosta de visuais&#8230; hahahaha! Ou seja, perfeito para n\u00f3s fashionistas!!!<\/p>\n<p style=\"text-align: justify;\">Os trabalhos deste super evento art\u00edstico podem ser vistos rua Conselheiro Crispiniano, na Pra\u00e7a Ramos, nas avenidas S\u00e3o Jo\u00e3o e Rio Branco, Pra\u00e7a J\u00falio Prestes e centro hist\u00f3rico&#8230; Pessoas queridas, n\u00e3o deixem de dar uma passadinha pelas ruas de SP e ver esta maravilha de perto&#8230; Seus olhos te agradecer\u00e3o e tenho certeza, sua caminhada ser\u00e1 uma delicia, porque gente interessante certamente voc\u00eas encontrar\u00e3o&#8230; Ahhhhhh! Vale lembrar que esta bienal rola at\u00e9 dia 23 de outubro (uhuhuhuhu primeiro dia do meu inferno astral&#8230; hahaha! Olha a louca em \u201cmomento desabafo\u201d&#8230;).<\/p>\n<p style=\"text-align: justify;\">Mas&#8230; rs&#8230; Quer uma canjinha? Vou mostrar ent\u00e3o, afinal cabe a mim motiva-los para esta pequena aventura&#8230; ENJOY! Beijosssssss paulistanos&#8230;<\/p>\n<p style=\"text-align: justify;\">\n<div id=\"attachment_818\" style=\"width: 310px\" class=\"wp-caption aligncenter\"><a href=\"http:\/\/www.closetonline.com.br\/blogcarla\/wp-content\/uploads\/2010\/09\/fashion_life_mambo.jpg\"><img loading=\"lazy\" decoding=\"async\" aria-describedby=\"caption-attachment-818\" class=\"size-medium wp-image-818\" title=\"_fashion_life_mambo\" src=\"http:\/\/www.closetonline.com.br\/blogcarla\/wp-content\/uploads\/2010\/09\/fashion_life_mambo-300x205.jpg\" alt=\"\" width=\"300\" height=\"205\" srcset=\"http:\/\/www.girosgourmet.com.br\/wp-content\/uploads\/2010\/09\/fashion_life_mambo-300x205.jpg 300w, http:\/\/www.girosgourmet.com.br\/wp-content\/uploads\/2010\/09\/fashion_life_mambo-150x102.jpg 150w, http:\/\/www.girosgourmet.com.br\/wp-content\/uploads\/2010\/09\/fashion_life_mambo.jpg 546w\" sizes=\"auto, (max-width: 300px) 100vw, 300px\" \/><\/a><p id=\"caption-attachment-818\" class=\"wp-caption-text\">Obra de Mambo no Centro <\/p><\/div>\n<div id=\"attachment_820\" style=\"width: 310px\" class=\"wp-caption aligncenter\"><a href=\"http:\/\/www.closetonline.com.br\/blogcarla\/wp-content\/uploads\/2010\/09\/fashion_life_Ko-Siu.jpg\"><img loading=\"lazy\" decoding=\"async\" aria-describedby=\"caption-attachment-820\" class=\"size-medium wp-image-820\" title=\"_fashion_life_Ko Siu\" src=\"http:\/\/www.closetonline.com.br\/blogcarla\/wp-content\/uploads\/2010\/09\/fashion_life_Ko-Siu-300x168.jpg\" alt=\"\" width=\"300\" height=\"168\" srcset=\"http:\/\/www.girosgourmet.com.br\/wp-content\/uploads\/2010\/09\/fashion_life_Ko-Siu-300x168.jpg 300w, http:\/\/www.girosgourmet.com.br\/wp-content\/uploads\/2010\/09\/fashion_life_Ko-Siu-150x84.jpg 150w, http:\/\/www.girosgourmet.com.br\/wp-content\/uploads\/2010\/09\/fashion_life_Ko-Siu.jpg 546w\" sizes=\"auto, (max-width: 300px) 100vw, 300px\" \/><\/a><p id=\"caption-attachment-820\" class=\"wp-caption-text\">Obra da Chinesa Ko Siu Lan<\/p><\/div>\n<p><strong>Bienal de Rua<\/strong><br \/>\nDiariamente de 23\/09 (Qui) a 23\/10 (S\u00e1b)<br \/>\nDas 00:00 \u00e0s 23:59<\/p>\n<iframe src=\"http:\/\/www.facebook.com\/plugins\/like.php?href=http:\/\/www.girosgourmet.com.br\/index.php\/velho-centrao\/&amp;layout=standard&amp;show_faces=1&amp;width=450&amp;action=like&amp;colorscheme=light&amp;font=\" scrolling=\"no\" frameborder=\"0\" style=\"border:none; overflow:hidden; width:450px; height:60px\"><\/iframe>","protected":false},"excerpt":{"rendered":"<p>S\u00e3o Paulo \u00e9 uma cidade incr\u00edvel&#8230; E a cada dia ela me surpreende mais! Minha verdadeira paix\u00e3o&#8230; Voc\u00eas sabiam que t\u00e1 rolando na cidade desde o dia 23 a conhecida \u201cStreet Biennale\u201d (Bienal de Rua)? Trata-se de uma galeria a c\u00e9u aberto, que acontece nas ruas do centro da cidade&#8230; [&hellip;]<\/p>\n","protected":false},"author":3,"featured_media":0,"comment_status":"open","ping_status":"open","sticky":false,"template":"","format":"standard","meta":{"footnotes":""},"categories":[40],"tags":[587,135,586],"class_list":["post-819","post","type-post","status-publish","format-standard","hentry","category-culturamodabelezabem-estar","tag-jeremy-planchon","tag-sao-paulo","tag-street-biennale"],"_links":{"self":[{"href":"http:\/\/www.girosgourmet.com.br\/index.php\/wp-json\/wp\/v2\/posts\/819","targetHints":{"allow":["GET"]}}],"collection":[{"href":"http:\/\/www.girosgourmet.com.br\/index.php\/wp-json\/wp\/v2\/posts"}],"about":[{"href":"http:\/\/www.girosgourmet.com.br\/index.php\/wp-json\/wp\/v2\/types\/post"}],"author":[{"embeddable":true,"href":"http:\/\/www.girosgourmet.com.br\/index.php\/wp-json\/wp\/v2\/users\/3"}],"replies":[{"embeddable":true,"href":"http:\/\/www.girosgourmet.com.br\/index.php\/wp-json\/wp\/v2\/comments?post=819"}],"version-history":[{"count":7,"href":"http:\/\/www.girosgourmet.com.br\/index.php\/wp-json\/wp\/v2\/posts\/819\/revisions"}],"predecessor-version":[{"id":822,"href":"http:\/\/www.girosgourmet.com.br\/index.php\/wp-json\/wp\/v2\/posts\/819\/revisions\/822"}],"wp:attachment":[{"href":"http:\/\/www.girosgourmet.com.br\/index.php\/wp-json\/wp\/v2\/media?parent=819"}],"wp:term":[{"taxonomy":"category","embeddable":true,"href":"http:\/\/www.girosgourmet.com.br\/index.php\/wp-json\/wp\/v2\/categories?post=819"},{"taxonomy":"post_tag","embeddable":true,"href":"http:\/\/www.girosgourmet.com.br\/index.php\/wp-json\/wp\/v2\/tags?post=819"}],"curies":[{"name":"wp","href":"https:\/\/api.w.org\/{rel}","templated":true}]}}