{"id":8131,"date":"2017-09-11T20:01:22","date_gmt":"2017-09-11T23:01:22","guid":{"rendered":"http:\/\/www.girosgourmet.com.br\/?p=8131"},"modified":"2017-09-11T20:06:10","modified_gmt":"2017-09-11T23:06:10","slug":"em-setembro-campari-promove-o-bar-temporario-bere-bene","status":"publish","type":"post","link":"http:\/\/www.girosgourmet.com.br\/index.php\/em-setembro-campari-promove-o-bar-temporario-bere-bene\/","title":{"rendered":"Em setembro Campari promove o bar tempor\u00e1rio Bere Bene."},"content":{"rendered":"<p style=\"text-align: center;\"><a href=\"http:\/\/www.girosgourmet.com.br\/index.php\/em-setembro-campari-promove-o-bar-temporario-bere-bene\/berebene\/\" rel=\"attachment wp-att-8133\"><img loading=\"lazy\" decoding=\"async\" class=\"aligncenter size-full wp-image-8133\" src=\"http:\/\/www.girosgourmet.com.br\/wp-content\/uploads\/2017\/09\/berebene.jpg\" alt=\"\" width=\"1200\" height=\"600\" srcset=\"http:\/\/www.girosgourmet.com.br\/wp-content\/uploads\/2017\/09\/berebene.jpg 1200w, http:\/\/www.girosgourmet.com.br\/wp-content\/uploads\/2017\/09\/berebene-300x150.jpg 300w, http:\/\/www.girosgourmet.com.br\/wp-content\/uploads\/2017\/09\/berebene-768x384.jpg 768w, http:\/\/www.girosgourmet.com.br\/wp-content\/uploads\/2017\/09\/berebene-1024x512.jpg 1024w\" sizes=\"auto, (max-width: 1200px) 100vw, 1200px\" \/><\/a><\/p>\n<p style=\"text-align: justify;\"><span style=\"color: #000000;\">Duas coisas hoje me chamaram a aten\u00e7\u00e3o, a primeira foi saber que o maior espet\u00e1culo da Cidade Maravilhosa, o Rock In Rio, ir\u00e1 come\u00e7ar daqui h\u00e1 uma semana, n\u00e3o acreditei e me perguntei na mesma hora \u201caonde eu estou com a minha cabe\u00e7a?!\u201d, em seguida veio a segunda noticia que tamb\u00e9m \u00e9 muito legal e super mais acess\u00edvel para n\u00f3s sortudos paulistanos, ou para quem tiver por aqui at\u00e9 o dia 29 de setembro. Ta rolando em SP, um bar tempor\u00e1rio o <strong>Bere Bene<\/strong>, j\u00e1 conhece? Ent\u00e3o vamos l\u00e1&#8230;&#8230;<\/span><\/p>\n<p style=\"text-align: justify;\"><span style=\"color: #000000;\">O nome surgiu de um movimento que acontece na <strong>It\u00e1lia<\/strong>, onde os italianos passeiam pelos bares para o \u201cfare l\u2019aperitivo\u201d, drinks preparados com primor e harmonizado com comidinhas especiais oferecidas pelo bar. Esta experi\u00eancia puramente italiana, est\u00e1 acontecendo aqui em S\u00e3o Paulo desde o dia 01 em um bar tempor\u00e1rio, nos Jardins.<\/span><\/p>\n<p style=\"text-align: justify;\"><span style=\"color: #000000;\">A casa est\u00e1 oferecendo 11 combina\u00e7\u00f5es de drinques e comidinha, servidos sempre juntos e inspirados em quatro regi\u00f5es do pa\u00eds. O negroni, por exemplo, vem com t\u00e1bua de queijos fortes, como gorgonzola e grana padano e homenageia a Lombardia. J\u00e1 o aperol spritz \u00e9 acompanhado de fatias presunto de Parma, salame e crostini a combina\u00e7\u00e3o \u00e9 inspirada em Veneto. Todos os drinks s\u00e3o feitos com <strong>Campari<\/strong>, ent\u00e3o tem que curtir a bebidinha amarga e avermelhada! Mas se voc\u00ea apenas quer dar uma espiada e sentir o clima sem compromisso? Tudo bem, v\u00e1 sem pressa, pois a entrada \u00e9 gratuita!<\/span><\/p>\n<p style=\"text-align: justify;\"><span style=\"color: #000000;\">O lance do Bere Bene \u00e9 imperd\u00edvel porque ressalta como ainda \u00e9 necess\u00e1rio, sentar-nos com quem gostamos ao redor de uma mesa, relaxar, comer e beber bem. A cara de S\u00e3o Paulo!<\/span><\/p>\n<p><span style=\"color: #000000;\"><strong>SERVI\u00c7O<br \/>\nBere Bene<\/strong><\/span><\/p>\n<p>ENDERE\u00c7O\u00a0Alameda Lorena, 1879 &#8211; Jardins<br \/>\n<span style=\"color: #000000;\"> <strong>HOR\u00c1RIO\u00a0<\/strong>quintas e sextas-feiras,\u00a018h \u00e0 1h \/ domingos,\u00a016h \u00e0s 22h\u00a0<\/span><br \/>\n<span style=\"color: #000000;\"> <strong>ENTRADA\u00a0<\/strong>Gr\u00e1tis\u00a0<\/span><br \/>\n<span style=\"color: #000000;\"> <strong>PRE\u00c7O\u00a0<\/strong>$ 32 (todos os drinks e acompanhamentos)<\/span><\/p>\n<p>&nbsp;<\/p>\n<iframe src=\"http:\/\/www.facebook.com\/plugins\/like.php?href=http:\/\/www.girosgourmet.com.br\/index.php\/em-setembro-campari-promove-o-bar-temporario-bere-bene\/&amp;layout=standard&amp;show_faces=1&amp;width=450&amp;action=like&amp;colorscheme=light&amp;font=\" scrolling=\"no\" frameborder=\"0\" style=\"border:none; overflow:hidden; width:450px; height:60px\"><\/iframe>","protected":false},"excerpt":{"rendered":"<p>Duas coisas hoje me chamaram a aten\u00e7\u00e3o, a primeira foi saber que o maior espet\u00e1culo da Cidade Maravilhosa, o Rock In Rio, ir\u00e1 come\u00e7ar daqui h\u00e1 uma semana, n\u00e3o acreditei e me perguntei na mesma hora \u201caonde eu estou com a minha cabe\u00e7a?!\u201d, em seguida veio a segunda noticia que [&hellip;]<\/p>\n","protected":false},"author":3,"featured_media":0,"comment_status":"open","ping_status":"closed","sticky":false,"template":"","format":"standard","meta":{"footnotes":""},"categories":[39],"tags":[1847,1846,626,609,442],"class_list":["post-8131","post","type-post","status-publish","format-standard","hentry","category-gastronomia","tag-bere-bene","tag-campari","tag-drinks","tag-italia","tag-jardins"],"_links":{"self":[{"href":"http:\/\/www.girosgourmet.com.br\/index.php\/wp-json\/wp\/v2\/posts\/8131","targetHints":{"allow":["GET"]}}],"collection":[{"href":"http:\/\/www.girosgourmet.com.br\/index.php\/wp-json\/wp\/v2\/posts"}],"about":[{"href":"http:\/\/www.girosgourmet.com.br\/index.php\/wp-json\/wp\/v2\/types\/post"}],"author":[{"embeddable":true,"href":"http:\/\/www.girosgourmet.com.br\/index.php\/wp-json\/wp\/v2\/users\/3"}],"replies":[{"embeddable":true,"href":"http:\/\/www.girosgourmet.com.br\/index.php\/wp-json\/wp\/v2\/comments?post=8131"}],"version-history":[{"count":4,"href":"http:\/\/www.girosgourmet.com.br\/index.php\/wp-json\/wp\/v2\/posts\/8131\/revisions"}],"predecessor-version":[{"id":8137,"href":"http:\/\/www.girosgourmet.com.br\/index.php\/wp-json\/wp\/v2\/posts\/8131\/revisions\/8137"}],"wp:attachment":[{"href":"http:\/\/www.girosgourmet.com.br\/index.php\/wp-json\/wp\/v2\/media?parent=8131"}],"wp:term":[{"taxonomy":"category","embeddable":true,"href":"http:\/\/www.girosgourmet.com.br\/index.php\/wp-json\/wp\/v2\/categories?post=8131"},{"taxonomy":"post_tag","embeddable":true,"href":"http:\/\/www.girosgourmet.com.br\/index.php\/wp-json\/wp\/v2\/tags?post=8131"}],"curies":[{"name":"wp","href":"https:\/\/api.w.org\/{rel}","templated":true}]}}