{"id":806,"date":"2010-09-27T19:39:16","date_gmt":"2010-09-27T22:39:16","guid":{"rendered":"http:\/\/www.closetonline.com.br\/blogcarla\/?p=806"},"modified":"2011-10-26T20:26:38","modified_gmt":"2011-10-26T23:26:38","slug":"dica-literaria-valiosa-dias-com-meu-pai","status":"publish","type":"post","link":"http:\/\/www.girosgourmet.com.br\/index.php\/dica-literaria-valiosa-dias-com-meu-pai\/","title":{"rendered":"Dica Liter\u00e1ria da semana: \u201cDias Com Meu Pai\u201d"},"content":{"rendered":"<p style=\"text-align: justify;\">Nada mais humano do que\u00a0compartilhar com voc\u00eas uma dica linda que me foi dada pelo r\u00e1migo Marcos. Voc\u00eas querem saber? Pois eu darei a voc\u00eas neste momento&#8230; Para algumas pessoas a arte muitas vezes\u00a0pode ser um caminho para lidar com uma realidade dif\u00edcil, e a prova disso \u00e9 o livro \u201cDias Com Meu Pai\u201d, do fot\u00f3grafo ingl\u00eas Philip Toledano.<\/p>\n<p style=\"text-align: justify;\">Ap\u00f3s a morte s\u00fabita de sua m\u00e3e, o fotografo passou a registrar todos os momentos ao lado de seu pai idoso&#8230; As fotos, sempre acompanhadas por escritas lindas, vieram de um <span style=\"text-decoration: underline;\"><strong><a href=\"http:\/\/www.dayswithmyfather.com\/\">blog<\/a><\/strong><\/span> mantido por ele at\u00e9 2009, quando seu pai veio a falecer, aos 99 anos, de velhice. Este blog foi visto por mais de 1,4 milh\u00f5es de pessoas&#8230; (neste momento rezando para que o meu, algum dia, quem sabe, atinja estes n\u00fameros&#8230; hahahaha)<\/p>\n<p style=\"text-align: justify;\">E ap\u00f3s este ato lindo de amor filial, o universo conspirou com Philip e o que era um blog criado apenas para ele se sentir menos sozinho no mundo, virou inspira\u00e7\u00e3o para transformar o projeto em livro, que com certeza vai ajudar milhares de pessoas com a dor da perda&#8230; Talvez para quem perdeu uma pessoa pr\u00f3xima o livro possa ser comovente demais&#8230; Depr\u00ea demais&#8230; Mas acho sinceramente que esta reflex\u00e3o sincera e cheia de amor pode nos aproximar mais das pessoas, afinal todos estamos envelhecendo&#8230; E precisamos insistir em compartilhar a vida ao lado das pessoas que amamos!!! Desejo que cada um de voc\u00eas vivam a cada minuto da melhor maneira&#8230; E que vontade de abra\u00e7ar o meu pai neste momento!!! Beijossssssssss<\/p>\n<p><strong>&#8220;Dias Com Meu Pai&#8221;<\/strong><\/p>\n<p><strong>Autor:<\/strong> Phillip Toledano<br \/>\n<strong>Editora:<\/strong> Alles Trade<br \/>\n<strong>Pre\u00e7o:<\/strong> R$ 55<\/p>\n<p style=\"text-align: center;\"><a href=\"http:\/\/www.closetonline.com.br\/blogcarla\/wp-content\/uploads\/2010\/09\/father.jpg\"><img loading=\"lazy\" decoding=\"async\" class=\"alignnone size-medium wp-image-807\" title=\"_father\" src=\"http:\/\/www.closetonline.com.br\/blogcarla\/wp-content\/uploads\/2010\/09\/father-300x168.jpg\" alt=\"\" width=\"300\" height=\"168\" srcset=\"http:\/\/www.girosgourmet.com.br\/wp-content\/uploads\/2010\/09\/father-300x168.jpg 300w, http:\/\/www.girosgourmet.com.br\/wp-content\/uploads\/2010\/09\/father-150x84.jpg 150w, http:\/\/www.girosgourmet.com.br\/wp-content\/uploads\/2010\/09\/father.jpg 575w\" sizes=\"auto, (max-width: 300px) 100vw, 300px\" \/><\/a><\/p>\n<iframe src=\"http:\/\/www.facebook.com\/plugins\/like.php?href=http:\/\/www.girosgourmet.com.br\/index.php\/dica-literaria-valiosa-dias-com-meu-pai\/&amp;layout=standard&amp;show_faces=1&amp;width=450&amp;action=like&amp;colorscheme=light&amp;font=\" scrolling=\"no\" frameborder=\"0\" style=\"border:none; overflow:hidden; width:450px; height:60px\"><\/iframe>","protected":false},"excerpt":{"rendered":"<p>Nada mais humano do que\u00a0compartilhar com voc\u00eas uma dica linda que me foi dada pelo r\u00e1migo Marcos. Voc\u00eas querem saber? Pois eu darei a voc\u00eas neste momento&#8230; Para algumas pessoas a arte muitas vezes\u00a0pode ser um caminho para lidar com uma realidade dif\u00edcil, e a prova disso \u00e9 o livro [&hellip;]<\/p>\n","protected":false},"author":3,"featured_media":0,"comment_status":"open","ping_status":"open","sticky":false,"template":"","format":"standard","meta":{"footnotes":""},"categories":[40],"tags":[394,588,298,58,589],"class_list":["post-806","post","type-post","status-publish","format-standard","hentry","category-culturamodabelezabem-estar","tag-blog","tag-dias-com-meu-pai","tag-fotografia","tag-livro","tag-philip-toledano"],"_links":{"self":[{"href":"http:\/\/www.girosgourmet.com.br\/index.php\/wp-json\/wp\/v2\/posts\/806","targetHints":{"allow":["GET"]}}],"collection":[{"href":"http:\/\/www.girosgourmet.com.br\/index.php\/wp-json\/wp\/v2\/posts"}],"about":[{"href":"http:\/\/www.girosgourmet.com.br\/index.php\/wp-json\/wp\/v2\/types\/post"}],"author":[{"embeddable":true,"href":"http:\/\/www.girosgourmet.com.br\/index.php\/wp-json\/wp\/v2\/users\/3"}],"replies":[{"embeddable":true,"href":"http:\/\/www.girosgourmet.com.br\/index.php\/wp-json\/wp\/v2\/comments?post=806"}],"version-history":[{"count":9,"href":"http:\/\/www.girosgourmet.com.br\/index.php\/wp-json\/wp\/v2\/posts\/806\/revisions"}],"predecessor-version":[{"id":2794,"href":"http:\/\/www.girosgourmet.com.br\/index.php\/wp-json\/wp\/v2\/posts\/806\/revisions\/2794"}],"wp:attachment":[{"href":"http:\/\/www.girosgourmet.com.br\/index.php\/wp-json\/wp\/v2\/media?parent=806"}],"wp:term":[{"taxonomy":"category","embeddable":true,"href":"http:\/\/www.girosgourmet.com.br\/index.php\/wp-json\/wp\/v2\/categories?post=806"},{"taxonomy":"post_tag","embeddable":true,"href":"http:\/\/www.girosgourmet.com.br\/index.php\/wp-json\/wp\/v2\/tags?post=806"}],"curies":[{"name":"wp","href":"https:\/\/api.w.org\/{rel}","templated":true}]}}