{"id":8042,"date":"2017-08-22T13:11:32","date_gmt":"2017-08-22T16:11:32","guid":{"rendered":"http:\/\/www.girosgourmet.com.br\/?p=8042"},"modified":"2017-08-22T13:15:25","modified_gmt":"2017-08-22T16:15:25","slug":"taste-of-sao-paulo-reune-os-melhores-chefs-da-gastronomia-paulistana","status":"publish","type":"post","link":"http:\/\/www.girosgourmet.com.br\/index.php\/taste-of-sao-paulo-reune-os-melhores-chefs-da-gastronomia-paulistana\/","title":{"rendered":"Taste of S\u00e3o Paulo re\u00fane os melhores chefs da gastronomia Paulistana!"},"content":{"rendered":"<p style=\"text-align: center;\"><a href=\"http:\/\/www.girosgourmet.com.br\/index.php\/taste-of-sao-paulo-reune-os-melhores-chefs-da-gastronomia-paulistana\/chefs-taste-of-sp-2017\/\" rel=\"attachment wp-att-8043\"><img loading=\"lazy\" decoding=\"async\" class=\"aligncenter size-full wp-image-8043\" src=\"http:\/\/www.girosgourmet.com.br\/wp-content\/uploads\/2017\/08\/Chefs-Taste-of-SP-2017.jpg\" alt=\"\" width=\"4000\" height=\"2667\" srcset=\"http:\/\/www.girosgourmet.com.br\/wp-content\/uploads\/2017\/08\/Chefs-Taste-of-SP-2017.jpg 4000w, http:\/\/www.girosgourmet.com.br\/wp-content\/uploads\/2017\/08\/Chefs-Taste-of-SP-2017-300x200.jpg 300w, http:\/\/www.girosgourmet.com.br\/wp-content\/uploads\/2017\/08\/Chefs-Taste-of-SP-2017-768x512.jpg 768w, http:\/\/www.girosgourmet.com.br\/wp-content\/uploads\/2017\/08\/Chefs-Taste-of-SP-2017-1024x683.jpg 1024w\" sizes=\"auto, (max-width: 4000px) 100vw, 4000px\" \/><\/a><\/p>\n<p style=\"text-align: justify;\">Este \u00e9 um daqueles eventos imperd\u00edveis para os amantes da boa gastronomia, a segunda edi\u00e7\u00e3o do <strong><span style=\"color: #0000ff;\">Taste of S\u00e3o Paulo<\/span><\/strong>, que ser\u00e1 realizado entre os dias <strong>24 e 27 de agosto, no Clube H\u00edpico de Santo Amaro, <\/strong>reunir\u00e1 os melhores chefs da Capital Paulista, al\u00e9m disso, os visitantes ter\u00e3o a oportunidade de assistir aulas gratuitas, com receitas maravilhosas. E entre uma coisa e outra voc\u00ea poder\u00e1 ainda ir as compras, o evento oferecer\u00e1 um mercado, onde os expositores oferecer\u00e3o produtos <em>premium<\/em> como temperos, alimentos, bebidas e utens\u00edlios. Entre os expositores confirmados est\u00e3o nomes como <strong>BR Spices, Bombay, Pirineus, Cogushi, Basbuxca, Vecchio Cancian e Mustachio<\/strong>.<\/p>\n<p style=\"text-align: center;\"><a href=\"http:\/\/www.girosgourmet.com.br\/index.php\/taste-of-sao-paulo-reune-os-melhores-chefs-da-gastronomia-paulistana\/tartelete-de-yuzu-taste\/\" rel=\"attachment wp-att-8045\"><img loading=\"lazy\" decoding=\"async\" class=\"aligncenter size-full wp-image-8045\" src=\"http:\/\/www.girosgourmet.com.br\/wp-content\/uploads\/2017\/08\/Tartelete-de-yuzu-Taste.jpg\" alt=\"\" width=\"5500\" height=\"3667\" srcset=\"http:\/\/www.girosgourmet.com.br\/wp-content\/uploads\/2017\/08\/Tartelete-de-yuzu-Taste.jpg 5500w, http:\/\/www.girosgourmet.com.br\/wp-content\/uploads\/2017\/08\/Tartelete-de-yuzu-Taste-300x200.jpg 300w, http:\/\/www.girosgourmet.com.br\/wp-content\/uploads\/2017\/08\/Tartelete-de-yuzu-Taste-768x512.jpg 768w, http:\/\/www.girosgourmet.com.br\/wp-content\/uploads\/2017\/08\/Tartelete-de-yuzu-Taste-1024x683.jpg 1024w\" sizes=\"auto, (max-width: 5500px) 100vw, 5500px\" \/><\/a><\/p>\n<p style=\"text-align: justify;\">No espa\u00e7o <strong>Papo de Cozinha<\/strong>, ser\u00e3o ministradas vinte e uma aulas pr\u00e1ticas, sendo sete delas gratuitas, com dura\u00e7\u00e3o de trinta minutos e inscri\u00e7\u00e3o trinta minutos antes de cada sess\u00e3o. Entre os grandes nomes da programa\u00e7\u00e3o de aulas gratuitas est\u00e3o <strong>Luiz Am\u00e9rico<\/strong>, tamb\u00e9m curador do evento, ensinando sua receita de p\u00e3o s\u00edrio na frigideira, o chef <strong>Oscar Bosch (Tanit)<\/strong> com suas batatas bravas, o chef <strong>Caio Ottoboni (Oui)<\/strong> ensinando steak tartare, o chef <strong>Fl\u00e1vio Miyamura,<\/strong> o chef <strong>Henrique Schoendorfet (Ristorantino)<\/strong> com seu carpaccio cl\u00e1ssico, o chef <strong>Julien Mercier<\/strong> com uma aula de molhos e o chef <strong>Chico Farah (Teus)<\/strong> ensinando o ovo mai\u00f4. Al\u00e9m das aulas gratuitas, ser\u00e3o ministradas mais quatorze aulas pr\u00e1ticas pagas com dura\u00e7\u00e3o de uma hora. Os ingressos est\u00e3o dispon\u00edveis no site <a href=\"http:\/\/www.tudus.com.br\">www.tudus.com.br<\/a>, pelo valor de R$ 100. O p\u00fablico poder\u00e1 aprender com outros chefs de peso como<strong>, Paulo Barros, Ana Soares, Lucas Corazza, Ivan Achcar e Pier Paolo Picchi<\/strong>.<\/p>\n<p style=\"text-align: center;\"><a href=\"http:\/\/www.girosgourmet.com.br\/index.php\/taste-of-sao-paulo-reune-os-melhores-chefs-da-gastronomia-paulistana\/ayla\/\" rel=\"attachment wp-att-8044\"><img loading=\"lazy\" decoding=\"async\" class=\"aligncenter size-full wp-image-8044\" src=\"http:\/\/www.girosgourmet.com.br\/wp-content\/uploads\/2017\/08\/ayla.jpg\" alt=\"\" width=\"2048\" height=\"1365\" srcset=\"http:\/\/www.girosgourmet.com.br\/wp-content\/uploads\/2017\/08\/ayla.jpg 2048w, http:\/\/www.girosgourmet.com.br\/wp-content\/uploads\/2017\/08\/ayla-300x200.jpg 300w, http:\/\/www.girosgourmet.com.br\/wp-content\/uploads\/2017\/08\/ayla-768x512.jpg 768w, http:\/\/www.girosgourmet.com.br\/wp-content\/uploads\/2017\/08\/ayla-1024x683.jpg 1024w\" sizes=\"auto, (max-width: 2048px) 100vw, 2048px\" \/><\/a><\/p>\n<p style=\"text-align: justify;\">Al\u00e9m das aulas pr\u00e1ticas, o p\u00fablico poder\u00e1 assistir \u00e0s vinte e oito palestras no espa\u00e7o Audit\u00f3rio. A programa\u00e7\u00e3o conta com chefs como <strong>Alex Atala, Bel Coelho, Helena Rizzo, Ivan Ralston e Andr\u00e9 Mifano<\/strong>, em um bate-papo com dura\u00e7\u00e3o de uma hora. Todas as palestras s\u00e3o gratuitas com inscri\u00e7\u00e3o trinta minutos antes de cada sess\u00e3o, no local do evento.<\/p>\n<p style=\"text-align: justify;\">Confira abaixo a lista de restaurantes de chefs presentes no evento.<\/p>\n<ul style=\"text-align: justify;\">\n<li><strong>Adega Santiago<\/strong>, com os chefs Alexandre \u201cAlem\u00e3o\u201d Vorpagel e Murilo Pessoto<\/li>\n<li><strong>Grupo D.O.M.,<\/strong> com os restaurantes Dalva e Dito e A\u00e7ougue Central<\/li>\n<li><strong>Ar\u00e1bia<\/strong>, com a chef Leila Youssef<\/li>\n<li><strong>Br\u00e1z Trattoria<\/strong>, com os restaurantes Br\u00e1z e Br\u00e1z Elettrica e a presen\u00e7a dos chefs Benny Novak e Marcelo Tanus<\/li>\n<li><strong>Buzina<\/strong>, com os chefs Marcio Silva e Jorge Gonzalez<\/li>\n<li><strong>Casa do Porco e Bar da Dona On\u00e7a<\/strong>, com os chefs Jefferson Rueda e Janaina Rueda<\/li>\n<li><strong>Eataly<\/strong>, com os chefs Jos\u00e9 Barattino e Ligia Karazawa<\/li>\n<li><strong>Grupo Fasano<\/strong>, com os restaurantes Fasano, a Trattoria e o Bistrot Parigi, e a presen\u00e7a dos chefs Lucca Gozzani e Jos\u00e9 Branco<\/li>\n<li><strong>Fechado para Jantar<\/strong>, com o chef Raphael Despirite<\/li>\n<li><strong>Jiquitaia<\/strong>, com o chef Marcelo C\u00f4rrea Bastos<\/li>\n<li><strong>Le Jazz<\/strong>, com seu bar Petit, e a presen\u00e7a do chef Chico Ferreira;<\/li>\n<li><strong>Aizom\u00ea<\/strong>, com a chef Telma Shiraishi<\/li>\n<li><strong>Mocot\u00f3<\/strong>, com o chef Rodrigo Oliveira<\/li>\n<li><strong>NB Steak<\/strong>, com os chefs Arri Coser e Gilson Belluzzo<\/li>\n<li><strong>Nino Cucina<\/strong>, com o bar Peppino, e a presen\u00e7a do chef Rodolfo de Santis<\/li>\n<li><strong>TonTon<\/strong>, com o chef Gustavo Rozzino<\/li>\n<li><strong>Tian<\/strong>, com a chef Marina Pipatpan<\/li>\n<li><strong>Tordesilhas<\/strong>, com a chef Mara Salles<\/li>\n<li><strong>Astor<\/strong>, com drinks do barman Fabio La Pietra<\/li>\n<li><strong>Veloso<\/strong>, com caipirinhas do barman Deusdete Souza<\/li>\n<\/ul>\n<p style=\"text-align: justify;\">Os ingressos para o festival j\u00e1 est\u00e3o dispon\u00edveis para compra no site <span style=\"color: #0000ff;\"><strong><a href=\"http:\/\/www.tudus.com.br\">www.tudus.com.br<\/a><\/strong><\/span> por R$ 60 a sess\u00e3o (almo\u00e7o ou o jantar). Clientes Santander que comprarem com o cart\u00e3o Mastercard ganham 30% de desconto, v\u00e1lido para at\u00e9 4 ingressos por CPF e sess\u00e3o.<\/p>\n<p>Confira a programa\u00e7\u00e3o <a href=\"https:\/\/www.facebook.com\/tastesaopaulo\/\"><strong>completa aqui<\/strong><\/a>, e divirta-se! Nos veremos l\u00e1&#8230;..<\/p>\n<p><strong>Servi\u00e7o<\/strong><\/p>\n<p>Data: 24 a 27 de agosto de 2017<br \/>\nHor\u00e1rios: Almo\u00e7o (12h \u00e0s 16h30) ou jantar (19h \u00e0s 23h30)<br \/>\nLocal: Clube H\u00edpico de Santo Amaro<br \/>\nR. Visconde de Taunay, 508 &#8211; Vila Cruzeiro, S\u00e3o Paulo \u2013 SP<br \/>\nIngressos: \u00c0 venda no site www.tudus.com.br<br \/>\nPre\u00e7o: R$ 60 pela sess\u00e3o do almo\u00e7o ou pela sess\u00e3o do jantar<br \/>\nClientes Santander que comprarem com o cart\u00e3o Mastercard ganham 30% de desconto, v\u00e1lido para at\u00e9 4 ingressos por CPF e sess\u00e3o.<br \/>\nAulas pr\u00e1ticas pagas: R$ 100 a sess\u00e3o, \u00e0 venda no site <a href=\"http:\/\/www.tudus.com.br\">www.tudus.com.br<\/a><br \/>\nPalestras e aulas pr\u00e1ticas n\u00e3o pagas: Inscri\u00e7\u00e3o 30 minutos antes de cada sess\u00e3o, no local do evento<\/p>\n<p><strong>Informa\u00e7\u00f5es de redes sociais<\/strong><br \/>\nFacebook: <a href=\"https:\/\/www.facebook.com\/tastesaopaulo\/\">https:\/\/www.facebook.com\/tastesaopaulo\/<\/a><br \/>\nTwitter: <a href=\"https:\/\/twitter.com\/tasteof_sp\">https:\/\/twitter.com\/tasteof_sp<\/a><br \/>\nInstagram: <a href=\"https:\/\/www.instagram.com\/tasteofsaopaulo\/\">https:\/\/www.instagram.com\/tasteofsaopaulo\/<\/a><\/p>\n<iframe src=\"http:\/\/www.facebook.com\/plugins\/like.php?href=http:\/\/www.girosgourmet.com.br\/index.php\/taste-of-sao-paulo-reune-os-melhores-chefs-da-gastronomia-paulistana\/&amp;layout=standard&amp;show_faces=1&amp;width=450&amp;action=like&amp;colorscheme=light&amp;font=\" scrolling=\"no\" frameborder=\"0\" style=\"border:none; overflow:hidden; width:450px; height:60px\"><\/iframe>","protected":false},"excerpt":{"rendered":"<p>Este \u00e9 um daqueles eventos imperd\u00edveis para os amantes da boa gastronomia, a segunda edi\u00e7\u00e3o do Taste of S\u00e3o Paulo, que ser\u00e1 realizado entre os dias 24 e 27 de agosto, no Clube H\u00edpico de Santo Amaro, reunir\u00e1 os melhores chefs da Capital Paulista, al\u00e9m disso, os visitantes ter\u00e3o a [&hellip;]<\/p>\n","protected":false},"author":3,"featured_media":0,"comment_status":"open","ping_status":"closed","sticky":false,"template":"","format":"standard","meta":{"footnotes":""},"categories":[39],"tags":[1818,1674,1817],"class_list":["post-8042","post","type-post","status-publish","format-standard","hentry","category-gastronomia","tag-clube-hipico-de-santo-amaro","tag-festival-gastronomico","tag-taste-of-sao-paulo"],"_links":{"self":[{"href":"http:\/\/www.girosgourmet.com.br\/index.php\/wp-json\/wp\/v2\/posts\/8042","targetHints":{"allow":["GET"]}}],"collection":[{"href":"http:\/\/www.girosgourmet.com.br\/index.php\/wp-json\/wp\/v2\/posts"}],"about":[{"href":"http:\/\/www.girosgourmet.com.br\/index.php\/wp-json\/wp\/v2\/types\/post"}],"author":[{"embeddable":true,"href":"http:\/\/www.girosgourmet.com.br\/index.php\/wp-json\/wp\/v2\/users\/3"}],"replies":[{"embeddable":true,"href":"http:\/\/www.girosgourmet.com.br\/index.php\/wp-json\/wp\/v2\/comments?post=8042"}],"version-history":[{"count":3,"href":"http:\/\/www.girosgourmet.com.br\/index.php\/wp-json\/wp\/v2\/posts\/8042\/revisions"}],"predecessor-version":[{"id":8048,"href":"http:\/\/www.girosgourmet.com.br\/index.php\/wp-json\/wp\/v2\/posts\/8042\/revisions\/8048"}],"wp:attachment":[{"href":"http:\/\/www.girosgourmet.com.br\/index.php\/wp-json\/wp\/v2\/media?parent=8042"}],"wp:term":[{"taxonomy":"category","embeddable":true,"href":"http:\/\/www.girosgourmet.com.br\/index.php\/wp-json\/wp\/v2\/categories?post=8042"},{"taxonomy":"post_tag","embeddable":true,"href":"http:\/\/www.girosgourmet.com.br\/index.php\/wp-json\/wp\/v2\/tags?post=8042"}],"curies":[{"name":"wp","href":"https:\/\/api.w.org\/{rel}","templated":true}]}}