{"id":7926,"date":"2017-08-02T18:01:31","date_gmt":"2017-08-02T21:01:31","guid":{"rendered":"http:\/\/www.girosgourmet.com.br\/?p=7926"},"modified":"2017-08-02T18:18:00","modified_gmt":"2017-08-02T21:18:00","slug":"gianpiero-giuliani-e-jean-ponce-assinam-menu-de-agosto-no-terraco-italia","status":"publish","type":"post","link":"http:\/\/www.girosgourmet.com.br\/index.php\/gianpiero-giuliani-e-jean-ponce-assinam-menu-de-agosto-no-terraco-italia\/","title":{"rendered":"Gianpiero Giuliani e Jean Ponce assinam menu de agosto no Terra\u00e7o It\u00e1lia"},"content":{"rendered":"<p style=\"text-align: justify;\"><span style=\"color: #000000;\">E as festividades cinquenten\u00e1rias do <strong>Terra\u00e7o It\u00e1lia<\/strong> parece n\u00e3o ter fim. Dando sequ\u00eancia \u00e0s comemora\u00e7\u00f5es do cinq\u00fcent\u00e3o mais charmoso de S\u00e3o Paulo, \u00e9 a vez do <strong>chef Gianpiero Giuliani<\/strong> e do mixologista <strong>Jean Ponce<\/strong> assumirem o menu. Ambos assinam card\u00e1pio e carta do lugar durante todo o m\u00eas de agosto com releituras de cl\u00e1ssicos que marcaram os anos 2000 do restaurante.<\/span><\/p>\n<p style=\"text-align: center;\"><a href=\"http:\/\/www.girosgourmet.com.br\/index.php\/gianpiero-giuliani-e-jean-ponce-assinam-menu-de-agosto-no-terraco-italia\/chef-gianpiero-giuliani\/\" rel=\"attachment wp-att-7928\"><img loading=\"lazy\" decoding=\"async\" class=\"aligncenter size-full wp-image-7928\" src=\"http:\/\/www.girosgourmet.com.br\/wp-content\/uploads\/2017\/08\/chef-Gianpiero-Giuliani.jpg\" alt=\"\" width=\"956\" height=\"500\" srcset=\"http:\/\/www.girosgourmet.com.br\/wp-content\/uploads\/2017\/08\/chef-Gianpiero-Giuliani.jpg 956w, http:\/\/www.girosgourmet.com.br\/wp-content\/uploads\/2017\/08\/chef-Gianpiero-Giuliani-300x157.jpg 300w, http:\/\/www.girosgourmet.com.br\/wp-content\/uploads\/2017\/08\/chef-Gianpiero-Giuliani-768x402.jpg 768w\" sizes=\"auto, (max-width: 956px) 100vw, 956px\" \/><\/a><\/p>\n<p style=\"text-align: justify;\"><span style=\"color: #000000;\">Convidado a interpretar o <strong>Pato com Laranja<\/strong>, prato mais pedido \u00e0 \u00e9poca em que o Terra\u00e7o It\u00e1lia chegava ao s\u00e9culo 21, Gianpiero (Due Cuochi), assina o menu servindo <strong>polenta cremosa com Taleggio DOP e mostarda de cremona<\/strong>,\u00a0<strong>Ravioli aberto de pato e\u00a0porcini\u00a0com redu\u00e7\u00e3o de laranja lima<\/strong> &#8211; \u00a0vers\u00e3o\u00a0moderna do c\u00e9lebre prato &#8211;\u00a0\u00a0e Duas texturas de mascarpone italiano com compota de figo, \u00a0mel trufado e farofa de cantucci toscano. R$219.<\/span><\/p>\n<div id=\"attachment_7927\" style=\"width: 2922px\" class=\"wp-caption aligncenter\"><a href=\"http:\/\/www.girosgourmet.com.br\/index.php\/gianpiero-giuliani-e-jean-ponce-assinam-menu-de-agosto-no-terraco-italia\/pato\/\" rel=\"attachment wp-att-7927\"><img loading=\"lazy\" decoding=\"async\" aria-describedby=\"caption-attachment-7927\" class=\"size-full wp-image-7927\" src=\"http:\/\/www.girosgourmet.com.br\/wp-content\/uploads\/2017\/08\/pato.jpg\" alt=\"\" width=\"2912\" height=\"4368\" srcset=\"http:\/\/www.girosgourmet.com.br\/wp-content\/uploads\/2017\/08\/pato.jpg 2912w, http:\/\/www.girosgourmet.com.br\/wp-content\/uploads\/2017\/08\/pato-200x300.jpg 200w, http:\/\/www.girosgourmet.com.br\/wp-content\/uploads\/2017\/08\/pato-768x1152.jpg 768w, http:\/\/www.girosgourmet.com.br\/wp-content\/uploads\/2017\/08\/pato-683x1024.jpg 683w\" sizes=\"auto, (max-width: 2912px) 100vw, 2912px\" \/><\/a><p id=\"caption-attachment-7927\" class=\"wp-caption-text\">Ravioli aberto de pato defumado<\/p><\/div>\n<p style=\"text-align: justify;\"><span style=\"color: #000000;\">J\u00e1 no universo et\u00edlico Jean Ponce (Guarita), apresenta o drink\u00a0<strong>Osmar Maffeo<\/strong>,\u00a0tamb\u00e9m em releitura da\u00a0d\u00e9cada de 2000<strong>,\u00a0<\/strong>\u00a0\u00e0 base de\u00a0gin infusionado com especiarias brasileiras: Brasil Berg, Lim\u00e3o Siciliano, camomila artesanal,\u00a0decorado\u00a0com lavandas colhidas dos jardins do Terra\u00e7o It\u00e1lia,\u00a0hortel\u00e3 fresca e perfume de\u00a0lim\u00e3o siciliano. R$ 42.<\/span><\/p>\n<p style=\"text-align: justify;\"><span style=\"color: #000000;\">Antes deles, j\u00e1 passaram por aqui o chef da\u00a0<strong>Casa Ravioli\u00a0<\/strong>e<a href=\"http:\/\/www.girosgourmet.com.br\/index.php\/roberto-ravioli-e-spencer-amereno-comandam-menu-do-terraco-italia-em-julho\/\"><strong> Roberto Ravioli<\/strong><\/a>\u00a0exp\u00f4s todo o seu talento no m\u00eas de julho, na sequ\u00eancia dos sucessos de\u00a0<strong>Marco Renzetti<\/strong>, em maio, e de <strong>Pier Paolo Picchi<\/strong>, chef convidado do m\u00eas de junho.<\/span><\/p>\n<p style=\"text-align: justify;\"><span style=\"color: #000000;\">Imperd\u00edvel esta festa! O melhor da gastronomia italiana em um s\u00f3 lugar! Vida longaaaaaaaaaaa Terra\u00e7o It\u00e1lia.<\/span><\/p>\n<p style=\"text-align: justify;\"><span style=\"color: #000000;\"><strong>Servi\u00e7o<br \/>\n<\/strong><strong>Terra\u00e7o It\u00e1lia<\/strong>\u00a0Avenida Ipiranga, n\u00b0344 &#8211; 41\u00b0\u00a0Centro &#8211; S\u00e3o Paulo \u2013 SP<br \/>\n<\/span><span style=\"color: #000000; font-size: 1rem;\">Hor\u00e1rio de funcionamento: Segunda a sexta, a partir das 15h; S\u00e1bados, domingos e feriados, a partir das 12h<br \/>\n<\/span><span style=\"color: #000000; font-size: 1rem;\">Reservas: SP (11) 2189-2929<br \/>\n<\/span><span style=\"color: #000000; font-size: 1rem;\">Formas de Pagamento: todos os cart\u00f5es de cr\u00e9dito<br \/>\n<\/span><span style=\"color: #000000; font-size: 1rem;\">Estacionamento com manobrista R$25<\/span><\/p>\n<iframe src=\"http:\/\/www.facebook.com\/plugins\/like.php?href=http:\/\/www.girosgourmet.com.br\/index.php\/gianpiero-giuliani-e-jean-ponce-assinam-menu-de-agosto-no-terraco-italia\/&amp;layout=standard&amp;show_faces=1&amp;width=450&amp;action=like&amp;colorscheme=light&amp;font=\" scrolling=\"no\" frameborder=\"0\" style=\"border:none; overflow:hidden; width:450px; height:60px\"><\/iframe>","protected":false},"excerpt":{"rendered":"<p>E as festividades cinquenten\u00e1rias do Terra\u00e7o It\u00e1lia parece n\u00e3o ter fim. Dando sequ\u00eancia \u00e0s comemora\u00e7\u00f5es do cinq\u00fcent\u00e3o mais charmoso de S\u00e3o Paulo, \u00e9 a vez do chef Gianpiero Giuliani e do mixologista Jean Ponce assumirem o menu. Ambos assinam card\u00e1pio e carta do lugar durante todo o m\u00eas de agosto [&hellip;]<\/p>\n","protected":false},"author":3,"featured_media":0,"comment_status":"open","ping_status":"closed","sticky":false,"template":"","format":"standard","meta":{"footnotes":""},"categories":[39],"tags":[1789,1731,726],"class_list":["post-7926","post","type-post","status-publish","format-standard","hentry","category-gastronomia","tag-cinquenta-anos","tag-roberto-ravioli","tag-terraco-italia"],"_links":{"self":[{"href":"http:\/\/www.girosgourmet.com.br\/index.php\/wp-json\/wp\/v2\/posts\/7926","targetHints":{"allow":["GET"]}}],"collection":[{"href":"http:\/\/www.girosgourmet.com.br\/index.php\/wp-json\/wp\/v2\/posts"}],"about":[{"href":"http:\/\/www.girosgourmet.com.br\/index.php\/wp-json\/wp\/v2\/types\/post"}],"author":[{"embeddable":true,"href":"http:\/\/www.girosgourmet.com.br\/index.php\/wp-json\/wp\/v2\/users\/3"}],"replies":[{"embeddable":true,"href":"http:\/\/www.girosgourmet.com.br\/index.php\/wp-json\/wp\/v2\/comments?post=7926"}],"version-history":[{"count":4,"href":"http:\/\/www.girosgourmet.com.br\/index.php\/wp-json\/wp\/v2\/posts\/7926\/revisions"}],"predecessor-version":[{"id":7932,"href":"http:\/\/www.girosgourmet.com.br\/index.php\/wp-json\/wp\/v2\/posts\/7926\/revisions\/7932"}],"wp:attachment":[{"href":"http:\/\/www.girosgourmet.com.br\/index.php\/wp-json\/wp\/v2\/media?parent=7926"}],"wp:term":[{"taxonomy":"category","embeddable":true,"href":"http:\/\/www.girosgourmet.com.br\/index.php\/wp-json\/wp\/v2\/categories?post=7926"},{"taxonomy":"post_tag","embeddable":true,"href":"http:\/\/www.girosgourmet.com.br\/index.php\/wp-json\/wp\/v2\/tags?post=7926"}],"curies":[{"name":"wp","href":"https:\/\/api.w.org\/{rel}","templated":true}]}}