{"id":7800,"date":"2017-07-13T20:41:37","date_gmt":"2017-07-13T23:41:37","guid":{"rendered":"http:\/\/www.girosgourmet.com.br\/?p=7800"},"modified":"2017-07-17T16:55:46","modified_gmt":"2017-07-17T19:55:46","slug":"vivencie-o-melhor-de-buzios-no-villa-raphael","status":"publish","type":"post","link":"http:\/\/www.girosgourmet.com.br\/index.php\/vivencie-o-melhor-de-buzios-no-villa-raphael\/","title":{"rendered":"Vivencie o melhor de B\u00fazios no Villa Raphael."},"content":{"rendered":"<p style=\"text-align: center;\"><a href=\"http:\/\/www.girosgourmet.com.br\/index.php\/vivencie-o-melhor-de-buzios-no-villa-raphael\/villa-fachada\/\" rel=\"attachment wp-att-7804\"><img loading=\"lazy\" decoding=\"async\" class=\"aligncenter size-full wp-image-7804\" src=\"http:\/\/www.girosgourmet.com.br\/wp-content\/uploads\/2017\/07\/Villa-fachada.jpg\" alt=\"\" width=\"907\" height=\"605\" srcset=\"http:\/\/www.girosgourmet.com.br\/wp-content\/uploads\/2017\/07\/Villa-fachada.jpg 907w, http:\/\/www.girosgourmet.com.br\/wp-content\/uploads\/2017\/07\/Villa-fachada-300x200.jpg 300w, http:\/\/www.girosgourmet.com.br\/wp-content\/uploads\/2017\/07\/Villa-fachada-768x512.jpg 768w\" sizes=\"auto, (max-width: 907px) 100vw, 907px\" \/><\/a><\/p>\n<p style=\"text-align: justify;\">Eu soube que estava em um lugar especial no momento em que abri a janela da varanda do meu quarto e pude contemplar um dos melhores visuais que encontrei durante a minha estadia no charmoso balne\u00e1rio de Arma\u00e7\u00e3o de B\u00fazios.<\/p>\n<p style=\"text-align: center;\"><a href=\"http:\/\/www.girosgourmet.com.br\/index.php\/vivencie-o-melhor-de-buzios-no-villa-raphael\/villa-janela\/\" rel=\"attachment wp-att-7801\"><img loading=\"lazy\" decoding=\"async\" class=\"aligncenter size-full wp-image-7801\" src=\"http:\/\/www.girosgourmet.com.br\/wp-content\/uploads\/2017\/07\/Villa-Janela.jpg\" alt=\"\" width=\"907\" height=\"605\" srcset=\"http:\/\/www.girosgourmet.com.br\/wp-content\/uploads\/2017\/07\/Villa-Janela.jpg 907w, http:\/\/www.girosgourmet.com.br\/wp-content\/uploads\/2017\/07\/Villa-Janela-300x200.jpg 300w, http:\/\/www.girosgourmet.com.br\/wp-content\/uploads\/2017\/07\/Villa-Janela-768x512.jpg 768w\" sizes=\"auto, (max-width: 907px) 100vw, 907px\" \/><\/a><\/p>\n<p style=\"text-align: justify;\">Localizado na pitoresca <strong>praia da Ferradura<\/strong>, o Villa Raphael n\u00e3o foi apenas um hotel que conheci, ele foi a minha mais recente descoberta quando se trata de uma experi\u00eancia personalizada em pousada de luxo! O lugar possui duas casas no estilo colonial, que s\u00e3o surpreendentemente super clean, com um d\u00e9cor praieiro e de muito bom gosto. Do imenso jardim voc\u00ea est\u00e1 apenas a alguns passos da areia e do mar. &#8220;A ideia \u00e9 que nossos h\u00f3spedes se sintam em suas pr\u00f3prias casas, e que tenham liberdade de transitar, sem se sentirem em um hotel cheio de normas e etiquetas\u201d, afirma Cintia de Paula Santos, gerente do hotel.<\/p>\n<p style=\"text-align: center;\"><a href=\"http:\/\/www.girosgourmet.com.br\/index.php\/vivencie-o-melhor-de-buzios-no-villa-raphael\/villa-jardim\/\" rel=\"attachment wp-att-7802\"><img loading=\"lazy\" decoding=\"async\" class=\"aligncenter size-full wp-image-7802\" src=\"http:\/\/www.girosgourmet.com.br\/wp-content\/uploads\/2017\/07\/Villa-jardim.jpg\" alt=\"\" width=\"907\" height=\"605\" srcset=\"http:\/\/www.girosgourmet.com.br\/wp-content\/uploads\/2017\/07\/Villa-jardim.jpg 907w, http:\/\/www.girosgourmet.com.br\/wp-content\/uploads\/2017\/07\/Villa-jardim-300x200.jpg 300w, http:\/\/www.girosgourmet.com.br\/wp-content\/uploads\/2017\/07\/Villa-jardim-768x512.jpg 768w\" sizes=\"auto, (max-width: 907px) 100vw, 907px\" \/><\/a><\/p>\n<p style=\"text-align: justify;\">E voc\u00ea se sentir\u00e1 assim mesmo, na sua casa de praia! Assim que chegar para seu checkin perceber\u00e1 que n\u00e3o existe nenhum balc\u00e3o de entrada, tudo \u00e9 muito descontra\u00eddo. O lugar conta com uma equipe eficaz e que sabe realizar um servi\u00e7o impec\u00e1vel, invis\u00edvel, gentil e em sil\u00eancio, porque a concep\u00e7\u00e3o aqui \u00e9 voc\u00ea ficar o mais relaxado poss\u00edvel, e posso garantir: isso acontecer\u00e1!<\/p>\n<div id=\"attachment_7803\" style=\"width: 917px\" class=\"wp-caption aligncenter\"><a href=\"http:\/\/www.girosgourmet.com.br\/index.php\/vivencie-o-melhor-de-buzios-no-villa-raphael\/villa-restaurante\/\" rel=\"attachment wp-att-7803\"><img loading=\"lazy\" decoding=\"async\" aria-describedby=\"caption-attachment-7803\" class=\"size-full wp-image-7803\" src=\"http:\/\/www.girosgourmet.com.br\/wp-content\/uploads\/2017\/07\/Villa-restaurante.jpg\" alt=\"\" width=\"907\" height=\"605\" srcset=\"http:\/\/www.girosgourmet.com.br\/wp-content\/uploads\/2017\/07\/Villa-restaurante.jpg 907w, http:\/\/www.girosgourmet.com.br\/wp-content\/uploads\/2017\/07\/Villa-restaurante-300x200.jpg 300w, http:\/\/www.girosgourmet.com.br\/wp-content\/uploads\/2017\/07\/Villa-restaurante-768x512.jpg 768w\" sizes=\"auto, (max-width: 907px) 100vw, 907px\" \/><\/a><p id=\"caption-attachment-7803\" class=\"wp-caption-text\">Varanda Cigalon<\/p><\/div>\n<p style=\"text-align: justify;\">Eu sempre acreditei que uma boa pousada precisa estar aliada a uma inusitada gastronomia, e o Villa Raphael tamb\u00e9m cr\u00ea nesta filosofia, tanto que voc\u00ea encontrar\u00e1 comandando as panelas de seu restaurante, o <strong>Varanda Cigalon<\/strong>, uma das chefs mais emblem\u00e1ticas da cidade, a argentina <strong>Sonia Persiani<\/strong>. Eu j\u00e1 conhecia o trabalho dela do seu restaurante franc\u00eas na Rua das Pedras, e fiquei encantada com seu novo espa\u00e7o dentro do hotel. A chef ir\u00e1 te seduzir com deliciosas receitas francesas, com pitadas de gastronomia do mundo todo. Por favor, fa\u00e7a uma gentileza \u00e0 sua alma e n\u00e3o dispense um almo\u00e7o ou jantar no Varanda, que est\u00e1 aberto todos os dias! Outra experi\u00eancia que tamb\u00e9m n\u00e3o pode ser dispensada \u00e9 o delicioso caf\u00e9 da manh\u00e3 que ocorre numa varanda linda, com uma mesa generosa de frutas, p\u00e3es, bolos e sucos naturais.<\/p>\n<p style=\"text-align: center;\"><a href=\"http:\/\/www.girosgourmet.com.br\/index.php\/vivencie-o-melhor-de-buzios-no-villa-raphael\/villa-cafe\/\" rel=\"attachment wp-att-7805\"><img loading=\"lazy\" decoding=\"async\" class=\"aligncenter size-full wp-image-7805\" src=\"http:\/\/www.girosgourmet.com.br\/wp-content\/uploads\/2017\/07\/villa-cafe.jpg\" alt=\"\" width=\"907\" height=\"605\" srcset=\"http:\/\/www.girosgourmet.com.br\/wp-content\/uploads\/2017\/07\/villa-cafe.jpg 907w, http:\/\/www.girosgourmet.com.br\/wp-content\/uploads\/2017\/07\/villa-cafe-300x200.jpg 300w, http:\/\/www.girosgourmet.com.br\/wp-content\/uploads\/2017\/07\/villa-cafe-768x512.jpg 768w\" sizes=\"auto, (max-width: 907px) 100vw, 907px\" \/><\/a><\/p>\n<p style=\"text-align: justify;\">O Villa ainda oferece tratamentos de massoterapia para quem deseja relaxamento m\u00e1ximo, em uma sala deliciosa onde se pode ouvir o barulho do mar. Voc\u00ea apenas tem que marcar antecipadamente um hor\u00e1rio.<\/p>\n<p style=\"text-align: center;\"><a href=\"http:\/\/www.girosgourmet.com.br\/index.php\/vivencie-o-melhor-de-buzios-no-villa-raphael\/villa-quarto\/\" rel=\"attachment wp-att-7806\"><img loading=\"lazy\" decoding=\"async\" class=\"aligncenter size-full wp-image-7806\" src=\"http:\/\/www.girosgourmet.com.br\/wp-content\/uploads\/2017\/07\/Villa-quarto.jpg\" alt=\"\" width=\"907\" height=\"605\" srcset=\"http:\/\/www.girosgourmet.com.br\/wp-content\/uploads\/2017\/07\/Villa-quarto.jpg 907w, http:\/\/www.girosgourmet.com.br\/wp-content\/uploads\/2017\/07\/Villa-quarto-300x200.jpg 300w, http:\/\/www.girosgourmet.com.br\/wp-content\/uploads\/2017\/07\/Villa-quarto-768x512.jpg 768w\" sizes=\"auto, (max-width: 907px) 100vw, 907px\" \/><\/a><\/p>\n<p style=\"text-align: justify;\">Os quartos daqui tamb\u00e9m s\u00e3o tudo o que queremos! Em uma das treze acomoda\u00e7\u00f5es (divididas em tr\u00eas categorias: standard, luxo e super luxo), voc\u00ea desfrutar\u00e1 de mimos interessantes e de uma bela paisagem. A ideia continua a mesma por aqui: todos os apartamentos foram criados para fazer com que voc\u00ea se sinta em casa. E eu me senti! Havia horas em que tudo que eu queria era aproveitar o m\u00e1ximo este espa\u00e7o pessoal e me deixar levar pelo \u201cnadismo\u201d por horas.<\/p>\n<p style=\"text-align: justify;\">Vale ressaltar que a pousada possui servi\u00e7o de praia personalizado, Shuttle Service, Wifi gratuito e acesso especial ao UNIQ Beach Lounge, um <em>beach club<\/em> exclusivo localizado na praia de Gerib\u00e1.<\/p>\n<p style=\"text-align: justify;\">A localiza\u00e7\u00e3o \u00e9 um dos destaques da pousada, mas n\u00e3o somente isso, a sensa\u00e7\u00e3o \u00e9 de que tudo que \u00e9 oferecido foi pensado em seus m\u00ednimos detalhes, o que faz toda a diferen\u00e7a quando se trata de uma experi\u00eancia hoteleira. Eu recomendo e quero voltar!<\/p>\n<p style=\"text-align: justify;\"><strong><u>Servi\u00e7o<\/u><\/strong><\/p>\n<p style=\"text-align: justify;\"><strong>Villa Raphael<\/strong><br \/>\nRua Beatriz de Larragoiti, 144 \u2013 Ferradura &#8211; Arma\u00e7\u00e3o dos B\u00fazios \u2013 RJ<br \/>\nTel. Reservas: (22) 2623-1616 &#8211; (22) 2623-6448 | Tel. Recep\u00e7\u00e3o: (22) 2623-1209<br \/>\n<a href=\"mailto:reservas@villaraphael.com.br\">reservas@villaraphael.com.br<br \/>\n<strong>www.villaraphael.com.br\u00a0<\/strong><\/a><\/p>\n<p><span style=\"color: #000000;\">Cr\u00e9dito Imagens: Roberto Salgado<\/span><\/p>\n<iframe src=\"http:\/\/www.facebook.com\/plugins\/like.php?href=http:\/\/www.girosgourmet.com.br\/index.php\/vivencie-o-melhor-de-buzios-no-villa-raphael\/&amp;layout=standard&amp;show_faces=1&amp;width=450&amp;action=like&amp;colorscheme=light&amp;font=\" scrolling=\"no\" frameborder=\"0\" style=\"border:none; overflow:hidden; width:450px; height:60px\"><\/iframe>","protected":false},"excerpt":{"rendered":"<p>Eu soube que estava em um lugar especial no momento em que abri a janela da varanda do meu quarto e pude contemplar um dos melhores visuais que encontrei durante a minha estadia no charmoso balne\u00e1rio de Arma\u00e7\u00e3o de B\u00fazios. Localizado na pitoresca praia da Ferradura, o Villa Raphael n\u00e3o [&hellip;]<\/p>\n","protected":false},"author":3,"featured_media":0,"comment_status":"open","ping_status":"closed","sticky":false,"template":"","format":"standard","meta":{"footnotes":""},"categories":[1703,41],"tags":[1595,1756,111,994,1759,1758,1757],"class_list":["post-7800","post","type-post","status-publish","format-standard","hentry","category-fique-aqui","category-viagens","tag-armacao-de-buzios","tag-praia-da-ferradura","tag-rio-de-janeiro","tag-roberto-salgado","tag-sonia-persiani","tag-varanda-cigalon","tag-villa-raphael"],"_links":{"self":[{"href":"http:\/\/www.girosgourmet.com.br\/index.php\/wp-json\/wp\/v2\/posts\/7800","targetHints":{"allow":["GET"]}}],"collection":[{"href":"http:\/\/www.girosgourmet.com.br\/index.php\/wp-json\/wp\/v2\/posts"}],"about":[{"href":"http:\/\/www.girosgourmet.com.br\/index.php\/wp-json\/wp\/v2\/types\/post"}],"author":[{"embeddable":true,"href":"http:\/\/www.girosgourmet.com.br\/index.php\/wp-json\/wp\/v2\/users\/3"}],"replies":[{"embeddable":true,"href":"http:\/\/www.girosgourmet.com.br\/index.php\/wp-json\/wp\/v2\/comments?post=7800"}],"version-history":[{"count":5,"href":"http:\/\/www.girosgourmet.com.br\/index.php\/wp-json\/wp\/v2\/posts\/7800\/revisions"}],"predecessor-version":[{"id":7833,"href":"http:\/\/www.girosgourmet.com.br\/index.php\/wp-json\/wp\/v2\/posts\/7800\/revisions\/7833"}],"wp:attachment":[{"href":"http:\/\/www.girosgourmet.com.br\/index.php\/wp-json\/wp\/v2\/media?parent=7800"}],"wp:term":[{"taxonomy":"category","embeddable":true,"href":"http:\/\/www.girosgourmet.com.br\/index.php\/wp-json\/wp\/v2\/categories?post=7800"},{"taxonomy":"post_tag","embeddable":true,"href":"http:\/\/www.girosgourmet.com.br\/index.php\/wp-json\/wp\/v2\/tags?post=7800"}],"curies":[{"name":"wp","href":"https:\/\/api.w.org\/{rel}","templated":true}]}}