{"id":780,"date":"2010-09-24T16:00:36","date_gmt":"2010-09-24T19:00:36","guid":{"rendered":"http:\/\/www.closetonline.com.br\/blogcarla\/?p=780"},"modified":"2011-10-26T20:36:05","modified_gmt":"2011-10-26T23:36:05","slug":"super-imperdivel-bienal-sao-paulo","status":"publish","type":"post","link":"http:\/\/www.girosgourmet.com.br\/index.php\/super-imperdivel-bienal-sao-paulo\/","title":{"rendered":"Dica Cultural: Bienal de S\u00e3o Paulo"},"content":{"rendered":"<p style=\"text-align: justify;\">Tem programinha bacan\u00e9rrimo em Sampa City para este final de semana? E de gra\u00e7a? E com muita gente descolada e super cool?! Bem este lugar existe e se chama BIENAL DE S\u00c3O PAULO&#8230; O que mais posso dizer? Adoroooooooooo&#8230; Obriga\u00e7\u00e3o moral para os amantes das Artes Pl\u00e1sticas e das coisas boas, diferentes e imperd\u00edveis desta vida!!<\/p>\n<p style=\"text-align: justify;\">Com o tema &#8220;H\u00e1 Sempre Um Copo de Mar Para Um Homem Navegar&#8221;, o lugar, diferentemente da edi\u00e7\u00e3o anterior, esta super colours&#8230; Muito azul, vermelho e amarelo&#8230; E voc\u00ea vai encontrar de tudo: instala\u00e7\u00f5es bacan\u00e9rrimas de artistas brasileiros (Leonilson e Am\u00e9lia Toledo), V\u00eddeos Instala\u00e7\u00f5es, trabalhos liter\u00e1rios (Amo, sempre s\u00e3o super criativos, destaque para o trabalho de Cinthia Marcelle e Jonathas de Andrade), fotografias&#8230;<\/p>\n<p style=\"text-align: justify;\"><a href=\"http:\/\/www.closetonline.com.br\/blogcarla\/wp-content\/uploads\/2010\/09\/Jonathas-Andrade-29-Bienal-Sao-Paulo-2.jpg\"><img loading=\"lazy\" decoding=\"async\" class=\"alignnone size-medium wp-image-781\" title=\"Jonathas-Andrade-29-Bienal-Sao-Paulo (2)\" src=\"http:\/\/www.closetonline.com.br\/blogcarla\/wp-content\/uploads\/2010\/09\/Jonathas-Andrade-29-Bienal-Sao-Paulo-2-300x100.jpg\" alt=\"\" width=\"300\" height=\"100\" srcset=\"http:\/\/www.girosgourmet.com.br\/wp-content\/uploads\/2010\/09\/Jonathas-Andrade-29-Bienal-Sao-Paulo-2-300x100.jpg 300w, http:\/\/www.girosgourmet.com.br\/wp-content\/uploads\/2010\/09\/Jonathas-Andrade-29-Bienal-Sao-Paulo-2-150x50.jpg 150w, http:\/\/www.girosgourmet.com.br\/wp-content\/uploads\/2010\/09\/Jonathas-Andrade-29-Bienal-Sao-Paulo-2.jpg 628w\" sizes=\"auto, (max-width: 300px) 100vw, 300px\" \/><\/a><\/p>\n<p style=\"text-align: justify;\">Enfim, na Bienal tem de tudo que \u00e9 abusado para nossos pobres olhos mortais&#8230; hahahaha! Ficou dif\u00edcil de sentir? D\u00ea um pulo em S\u00e3o Paulo e seu senso criativo vai super disparar&#8230; risos&#8230; GARANTO!<\/p>\n<p style=\"text-align: justify;\">Se ainda n\u00e3o est\u00e1 convencido, falarei mais um pouco&#8230; A exposi\u00e7\u00e3o apresenta 850 obras de 159 artistas e vai at\u00e9 o dia 12 de dezembro (dia do n\u00edver da Mamys!).<\/p>\n<p style=\"text-align: justify;\">E mais um destaque para os poucos e bons: a instala\u00e7\u00e3o \u201cArroz e Feij\u00e3o\u201d, da artista Anna Maria Maiolino. A obra foi feita durante a ditadura militar brasileira e poucas vezes remontada desde a volta do regime democr\u00e1tico.<\/p>\n<p>Quer saber de toda a programa\u00e7\u00e3o? Acesse o site oficial <a href=\"http:\/\/www.29bienal.org.br\/\">www.29bienal.org.br<\/a><\/p>\n<p>E nos encontraremos l\u00e1, porque maravilhas assim, ir apenas uma vez \u00e9 pouco! E eu sou uma pessoa faminta&#8230; hahahaha! Beijossssssss<\/p>\n<p style=\"text-align: center;\"><a href=\"http:\/\/www.closetonline.com.br\/blogcarla\/wp-content\/uploads\/2010\/09\/Mateo-Lopez-Palacio-Del-Papel-29-Bienal-Sao-Paulo-2.jpg\"><img loading=\"lazy\" decoding=\"async\" class=\"alignnone size-medium wp-image-782\" title=\"Mateo-Lopez-Palacio-Del-Papel-29-Bienal-Sao-Paulo (2)\" src=\"http:\/\/www.closetonline.com.br\/blogcarla\/wp-content\/uploads\/2010\/09\/Mateo-Lopez-Palacio-Del-Papel-29-Bienal-Sao-Paulo-2-300x191.jpg\" alt=\"\" width=\"300\" height=\"191\" srcset=\"http:\/\/www.girosgourmet.com.br\/wp-content\/uploads\/2010\/09\/Mateo-Lopez-Palacio-Del-Papel-29-Bienal-Sao-Paulo-2-300x191.jpg 300w, http:\/\/www.girosgourmet.com.br\/wp-content\/uploads\/2010\/09\/Mateo-Lopez-Palacio-Del-Papel-29-Bienal-Sao-Paulo-2-150x95.jpg 150w, http:\/\/www.girosgourmet.com.br\/wp-content\/uploads\/2010\/09\/Mateo-Lopez-Palacio-Del-Papel-29-Bienal-Sao-Paulo-2.jpg 628w\" sizes=\"auto, (max-width: 300px) 100vw, 300px\" \/><\/a><\/p>\n<iframe src=\"http:\/\/www.facebook.com\/plugins\/like.php?href=http:\/\/www.girosgourmet.com.br\/index.php\/super-imperdivel-bienal-sao-paulo\/&amp;layout=standard&amp;show_faces=1&amp;width=450&amp;action=like&amp;colorscheme=light&amp;font=\" scrolling=\"no\" frameborder=\"0\" style=\"border:none; overflow:hidden; width:450px; height:60px\"><\/iframe>","protected":false},"excerpt":{"rendered":"<p>Tem programinha bacan\u00e9rrimo em Sampa City para este final de semana? E de gra\u00e7a? E com muita gente descolada e super cool?! Bem este lugar existe e se chama BIENAL DE S\u00c3O PAULO&#8230; O que mais posso dizer? Adoroooooooooo&#8230; Obriga\u00e7\u00e3o moral para os amantes das Artes Pl\u00e1sticas e das coisas [&hellip;]<\/p>\n","protected":false},"author":3,"featured_media":0,"comment_status":"open","ping_status":"open","sticky":false,"template":"","format":"standard","meta":{"footnotes":""},"categories":[40],"tags":[598,595,371,596,26,597],"class_list":["post-780","post","type-post","status-publish","format-standard","hentry","category-culturamodabelezabem-estar","tag-anna-maria-maiolino","tag-artistas-brasileiros","tag-bienal-de-sao-paulo","tag-cinthia-marcelle","tag-exposicao","tag-jonathas-de-andrade"],"_links":{"self":[{"href":"http:\/\/www.girosgourmet.com.br\/index.php\/wp-json\/wp\/v2\/posts\/780","targetHints":{"allow":["GET"]}}],"collection":[{"href":"http:\/\/www.girosgourmet.com.br\/index.php\/wp-json\/wp\/v2\/posts"}],"about":[{"href":"http:\/\/www.girosgourmet.com.br\/index.php\/wp-json\/wp\/v2\/types\/post"}],"author":[{"embeddable":true,"href":"http:\/\/www.girosgourmet.com.br\/index.php\/wp-json\/wp\/v2\/users\/3"}],"replies":[{"embeddable":true,"href":"http:\/\/www.girosgourmet.com.br\/index.php\/wp-json\/wp\/v2\/comments?post=780"}],"version-history":[{"count":6,"href":"http:\/\/www.girosgourmet.com.br\/index.php\/wp-json\/wp\/v2\/posts\/780\/revisions"}],"predecessor-version":[{"id":784,"href":"http:\/\/www.girosgourmet.com.br\/index.php\/wp-json\/wp\/v2\/posts\/780\/revisions\/784"}],"wp:attachment":[{"href":"http:\/\/www.girosgourmet.com.br\/index.php\/wp-json\/wp\/v2\/media?parent=780"}],"wp:term":[{"taxonomy":"category","embeddable":true,"href":"http:\/\/www.girosgourmet.com.br\/index.php\/wp-json\/wp\/v2\/categories?post=780"},{"taxonomy":"post_tag","embeddable":true,"href":"http:\/\/www.girosgourmet.com.br\/index.php\/wp-json\/wp\/v2\/tags?post=780"}],"curies":[{"name":"wp","href":"https:\/\/api.w.org\/{rel}","templated":true}]}}