{"id":7779,"date":"2017-07-11T01:14:52","date_gmt":"2017-07-11T04:14:52","guid":{"rendered":"http:\/\/www.girosgourmet.com.br\/?p=7779"},"modified":"2017-07-11T09:40:35","modified_gmt":"2017-07-11T12:40:35","slug":"especial-giros-gourmet-confira-nosso-roteiros-de-sopas-e-caldos-pela-capital-paulista","status":"publish","type":"post","link":"http:\/\/www.girosgourmet.com.br\/index.php\/especial-giros-gourmet-confira-nosso-roteiros-de-sopas-e-caldos-pela-capital-paulista\/","title":{"rendered":"Especial Giros &#8211; Festivais de sopas e caldos pela Capital Paulista"},"content":{"rendered":"<p style=\"text-align: center;\"><a href=\"http:\/\/www.girosgourmet.com.br\/index.php\/especial-giros-gourmet-confira-nosso-roteiros-de-sopas-e-caldos-pela-capital-paulista\/caldo-verde-com-couve-pimenta-biquinho-e-cebolinha-para-a-decoracao-1\/\" rel=\"attachment wp-att-7785\"><img loading=\"lazy\" decoding=\"async\" class=\"aligncenter size-full wp-image-7785\" src=\"http:\/\/www.girosgourmet.com.br\/wp-content\/uploads\/2017\/07\/Caldo-Verde-com-couve-\u2013-Pimenta-biquinho-e-cebolinha-para-a-decora\u00e7\u00e3o-1.jpg\" alt=\"\" width=\"3264\" height=\"1836\" srcset=\"http:\/\/www.girosgourmet.com.br\/wp-content\/uploads\/2017\/07\/Caldo-Verde-com-couve-\u2013-Pimenta-biquinho-e-cebolinha-para-a-decora\u00e7\u00e3o-1.jpg 3264w, http:\/\/www.girosgourmet.com.br\/wp-content\/uploads\/2017\/07\/Caldo-Verde-com-couve-\u2013-Pimenta-biquinho-e-cebolinha-para-a-decora\u00e7\u00e3o-1-300x169.jpg 300w, http:\/\/www.girosgourmet.com.br\/wp-content\/uploads\/2017\/07\/Caldo-Verde-com-couve-\u2013-Pimenta-biquinho-e-cebolinha-para-a-decora\u00e7\u00e3o-1-768x432.jpg 768w, http:\/\/www.girosgourmet.com.br\/wp-content\/uploads\/2017\/07\/Caldo-Verde-com-couve-\u2013-Pimenta-biquinho-e-cebolinha-para-a-decora\u00e7\u00e3o-1-1024x576.jpg 1024w\" sizes=\"auto, (max-width: 3264px) 100vw, 3264px\" \/><\/a><\/p>\n<p style=\"text-align: justify;\"><span style=\"color: #000000;\">Para mim Inverno gastron\u00f4mico \u00e9 sin\u00f4nimo de sopa, e nada mais reconfortante para nossa alma do que conferir um dos festivais de sopas que est\u00e3o espalhados pela cidade. Fomos conferir alguns lugares de Sampa, e separamos dicas valiosas para quem esta buscando receitas primorosas, sem pesar no bolso. Confira nosso roteiro;<\/span><\/p>\n<p style=\"text-align: justify;\"><span style=\"color: #000000;\"><strong>Bar do Juarez<\/strong><\/span><\/p>\n<p style=\"text-align: center;\"><a href=\"http:\/\/www.girosgourmet.com.br\/index.php\/especial-giros-gourmet-confira-nosso-roteiros-de-sopas-e-caldos-pela-capital-paulista\/bar-juarez-gugaabreu\/\" rel=\"attachment wp-att-7781\"><img loading=\"lazy\" decoding=\"async\" class=\"aligncenter size-full wp-image-7781\" src=\"http:\/\/www.girosgourmet.com.br\/wp-content\/uploads\/2017\/07\/bar-juarez-gugaabreu.jpeg\" alt=\"\" width=\"800\" height=\"533\" srcset=\"http:\/\/www.girosgourmet.com.br\/wp-content\/uploads\/2017\/07\/bar-juarez-gugaabreu.jpeg 800w, http:\/\/www.girosgourmet.com.br\/wp-content\/uploads\/2017\/07\/bar-juarez-gugaabreu-300x200.jpeg 300w, http:\/\/www.girosgourmet.com.br\/wp-content\/uploads\/2017\/07\/bar-juarez-gugaabreu-768x512.jpeg 768w\" sizes=\"auto, (max-width: 800px) 100vw, 800px\" \/><\/a><\/p>\n<p style=\"text-align: justify;\"><span style=\"color: #000000;\">O Bar do Juarez \u00e9 inspirado nos famosos botecos do centro velho da cidade, e h\u00e1 18 anos tem sido um dos lugares na capital paulista, onde um \u201cbom papo\u201d atravessa a madrugada e as pessoas curtem at\u00e9 de madrugada. Com quatro unidades na cidade de S\u00e3o Paulo &#8211; Itaim, Moema, Brooklin e Pinheiros \u2013 o Bar tem aquecido seus comensais nas noites frias de inverno com deliciosos <em>caldos<\/em> e\u00a0<em>sopas<\/em>.<\/span><\/p>\n<p style=\"text-align: justify;\"><span style=\"color: #000000;\">S\u00e3o v\u00e1rias op\u00e7\u00f5es de sabores para agradar todos os paladares: Sopa de Cebola (R$ 14,00), Caldinho de Feij\u00e3o, Caldo de Mandioquinha, Caldo de Ab\u00f3bora com Gorgonzola \u2013 cada um a R$ 15,00; e Caldo Verde e Sopa de Legumes, a R$ 18,00 cada.\u00a0<\/span><span style=\"color: #000000;\">Para acompanhar, uma \u00f3tima pedida \u00e9 o vinho quente que a casa prepara (R$ 15,00).<\/span><\/p>\n<p style=\"text-align: justify;\"><span style=\"color: #000000;\"><strong>Dona Mathilde Snooker Bar<\/strong><\/span><\/p>\n<p style=\"text-align: center;\"><a href=\"http:\/\/www.girosgourmet.com.br\/index.php\/especial-giros-gourmet-confira-nosso-roteiros-de-sopas-e-caldos-pela-capital-paulista\/download-1\/\" rel=\"attachment wp-att-7787\"><img loading=\"lazy\" decoding=\"async\" class=\"aligncenter wp-image-7787\" src=\"http:\/\/www.girosgourmet.com.br\/wp-content\/uploads\/2017\/07\/download-1.jpg\" alt=\"\" width=\"433\" height=\"238\" srcset=\"http:\/\/www.girosgourmet.com.br\/wp-content\/uploads\/2017\/07\/download-1.jpg 303w, http:\/\/www.girosgourmet.com.br\/wp-content\/uploads\/2017\/07\/download-1-300x165.jpg 300w\" sizes=\"auto, (max-width: 433px) 100vw, 433px\" \/><\/a><\/p>\n<p style=\"text-align: justify;\"><span style=\"color: #000000;\">Inverno chegou, temperatura abaixou e o Dona Mathilde trouxe a melhor solu\u00e7\u00e3o para esquentar seus clientes, com seu novo Festival de Sopas.<\/span><\/p>\n<p style=\"text-align: justify;\"><span style=\"color: #000000;\">Canjas, caldinho de mocot\u00f3, sopa de tomate com calabresa, ab\u00f3bora com carne de sol, capelleti in brodo ou mandioquinha. Essas s\u00e3o as op\u00e7\u00f5es que o cliente poder\u00e1 usufruir sem limite de acordo com os dois tipos de sopas dispon\u00edveis no dia. Complementando o prato, s\u00e3o servidos quatro acompanhamentos, sendo eles p\u00e3es, repolho e cebola curtidos na marinada e pimenta do chef baiano.<\/span><\/p>\n<p style=\"text-align: justify;\"><span style=\"color: #000000;\">Este festival de sopa faz parte de outras duas promo\u00e7\u00f5es que o bar oferece: o Open bier &amp; Festival de Comida di buteco e de sopas (R$25,00); e Festival de Comida di buteco e de sopas (R$40,00 mulher e R$60,00 homem). Para complementar a promo\u00e7\u00e3o \u00e9 poss\u00edvel levar para casa cervejas artesanais Dona Mathilde Bier em garrafa, na qual comprando uma, a segunda \u00e9 gr\u00e1tis.<\/span><\/p>\n<p style=\"text-align: justify;\"><span style=\"color: #000000;\"><strong>Terra\u00e7o It\u00e1lia<\/strong><\/span><\/p>\n<div id=\"attachment_7780\" style=\"width: 3010px\" class=\"wp-caption aligncenter\"><a href=\"http:\/\/www.girosgourmet.com.br\/index.php\/especial-giros-gourmet-confira-nosso-roteiros-de-sopas-e-caldos-pela-capital-paulista\/sopa-terraco-italia-2\/\" rel=\"attachment wp-att-7780\"><img loading=\"lazy\" decoding=\"async\" aria-describedby=\"caption-attachment-7780\" class=\"size-full wp-image-7780\" src=\"http:\/\/www.girosgourmet.com.br\/wp-content\/uploads\/2017\/07\/sopa-terraco-italia.jpg\" alt=\"\" width=\"3000\" height=\"2000\" srcset=\"http:\/\/www.girosgourmet.com.br\/wp-content\/uploads\/2017\/07\/sopa-terraco-italia.jpg 3000w, http:\/\/www.girosgourmet.com.br\/wp-content\/uploads\/2017\/07\/sopa-terraco-italia-300x200.jpg 300w, http:\/\/www.girosgourmet.com.br\/wp-content\/uploads\/2017\/07\/sopa-terraco-italia-768x512.jpg 768w, http:\/\/www.girosgourmet.com.br\/wp-content\/uploads\/2017\/07\/sopa-terraco-italia-1024x683.jpg 1024w\" sizes=\"auto, (max-width: 3000px) 100vw, 3000px\" \/><\/a><p id=\"caption-attachment-7780\" class=\"wp-caption-text\">Creme de aspargos e pancetta<\/p><\/div>\n<p style=\"text-align: justify;\"><span style=\"color: #000000;\">O inverno ja tomou conta de Sampa e o <strong>Terra\u00e7o It\u00e1lia Restaurante<\/strong> coloca \u00e0 disposi\u00e7\u00e3o do p\u00fablico seu tradicional festival de sopas. De domingo a ter\u00e7a-feira, quem for ao Piano Bar poder\u00e1 saborear um seleto menu elaborado pelo habilidoso chef Pasquale Mancini.<\/span><\/p>\n<p style=\"text-align: justify;\"><span style=\"color: #000000;\">Com menus diferentes para os tr\u00eas dias, o festival acontece das 19h \u00e1s 23h ao pre\u00e7o de R$ 89 por pessoa. N\u00e3o deixe de consultar a carta de vinhos e as op\u00e7\u00f5es da Enomatic, que estar\u00e1 \u00e0 disposi\u00e7\u00e3o para a harmoniza\u00e7\u00e3o perfeita com as deliciosas sopas e caldos do buffet.<\/span><\/p>\n<p style=\"text-align: justify;\"><span style=\"color: #000000;\">O festival acontece sempre de domingo a ter\u00e7a-feira at\u00e9 o dia 01 de agosto.<\/span><\/p>\n<p style=\"text-align: justify;\"><span style=\"color: #000000;\"><strong>Menu de sopas e programa\u00e7\u00e3o musical:<\/strong><\/span><\/p>\n<p style=\"text-align: justify;\"><span style=\"color: #000000;\"><u>Domingo:<\/u> Creme de cenoura com laranja e gengibre; Sopa de aspargos e alho por\u00f3; Creme de aipim, agri\u00e3o e 4 queijos; Sopa de batata doce, frango e aipo<\/span><\/p>\n<p style=\"text-align: justify;\"><span style=\"color: #000000;\"><em><u>*JAZZ, CONTEMPOR\u00c2NEO COM MARTIN QUARTETO &#8211; O projeto traz ao p\u00fablico uma releitura de cl\u00e1ssicos do jazz com toque contempor\u00e2neo. Um repert\u00f3rio descontra\u00eddo com \u00a0interpreta\u00e7\u00f5es pr\u00f3prias de artistas como David Bowie e Radiohead, passando pelo Jazz Brasileiro e Bossa Nova com um tempero de PopRock.<\/u><\/em><\/span><\/p>\n<p style=\"text-align: justify;\"><span style=\"color: #000000;\"><u>Segunda:<\/u> Creme de ervilha com ling\u00fci\u00e7a defumada e menta fresca; Sopa de cebola com curry; Creme de couve-flor com cogumelos e Sopa de legumes, quinoa e gr\u00e3o de bico (op\u00e7\u00e3o Vegana)<\/span><\/p>\n<p style=\"text-align: justify;\"><span style=\"color: #000000;\"><em><u>*CL\u00c1SSICOS DA MPB com Gra\u00e7a Cunha \u2013 A cantora interpreta cl\u00e1ssicos da MPB acompanhada da pianista T\u00e2nia Turibio e traz em seu repert\u00f3rio sucessos de Elis Regina.<\/u><\/em><\/span><\/p>\n<p style=\"text-align: justify;\"><span style=\"color: #000000;\"><u>Ter\u00e7a:<\/u> Creme de ab\u00f3bora, provolone e cebolinha verde, Sopa de pescado, Creme de batata com espinafre e mascarpone e Sopa cremosa de lentilha vermelha (op\u00e7\u00e3o Vegana)<\/span><\/p>\n<p style=\"text-align: justify;\"><span style=\"color: #000000;\"><em><u>* INTERNACIONAL E SAMBAS CL\u00c1SSICOS com Dani Mattos Trio &#8211; Repert\u00f3rio de can\u00e7\u00f5es francesas, italianas e espanholas com arranjos para trio; trabalham tamb\u00e9m a can\u00e7\u00e3o brasileira pr\u00e9-bossanova e bossanova, enaltecendo seus grandes nomes.<\/u><\/em><\/span><\/p>\n<p style=\"text-align: justify;\"><span style=\"color: #000000;\"><strong>Le Vin Bistro<\/strong><\/span><\/p>\n<p style=\"text-align: center;\"><a href=\"http:\/\/www.girosgourmet.com.br\/index.php\/especial-giros-gourmet-confira-nosso-roteiros-de-sopas-e-caldos-pela-capital-paulista\/sopas3\/\" rel=\"attachment wp-att-7782\"><img loading=\"lazy\" decoding=\"async\" class=\"aligncenter size-full wp-image-7782\" src=\"http:\/\/www.girosgourmet.com.br\/wp-content\/uploads\/2017\/07\/sopas3.jpg\" alt=\"\" width=\"640\" height=\"480\" srcset=\"http:\/\/www.girosgourmet.com.br\/wp-content\/uploads\/2017\/07\/sopas3.jpg 640w, http:\/\/www.girosgourmet.com.br\/wp-content\/uploads\/2017\/07\/sopas3-300x225.jpg 300w\" sizes=\"auto, (max-width: 640px) 100vw, 640px\" \/><\/a><\/p>\n<p style=\"text-align: justify;\"><span style=\"color: #000000;\">Para proporcionar um inverno aconchegante aos seus clientes, o Le Vin Bistro sugere a tradicional sopa de cebola francesa gratinada R$ 35,20 e a Sopa de legumes frescos R$ 35,20 servidas com p\u00e3es de fermenta\u00e7\u00e3o \u201clevain\u201d sa\u00eddos fresquinhos da boulangerie da casa, em companhia do genu\u00edno pat\u00ea de campagne. Para harmonizar, a sugest\u00e3o da sommeliere Giuliana Ferreira \u00e9 um Las Palmas Cabernet Sauvignon R$ 172.<\/span><\/p>\n<p style=\"text-align: justify;\"><span style=\"color: #000000;\">Para quem optar por desfrutar do terra\u00e7o ao ar livre do bistr\u00f4, as mantinhas de inverno j\u00e1 est\u00e3o \u00e0 postos em todas as cadeiras e os aquecedores posicionados, garantindo conforto e aconchego.<\/span><\/p>\n<p style=\"text-align: justify;\"><span style=\"color: #000000;\"><strong>Celeiro da Fazenda<\/strong><\/span><\/p>\n<div id=\"attachment_7783\" style=\"width: 3274px\" class=\"wp-caption aligncenter\"><a href=\"http:\/\/www.girosgourmet.com.br\/index.php\/especial-giros-gourmet-confira-nosso-roteiros-de-sopas-e-caldos-pela-capital-paulista\/sopa-de-legumes-com-macarrao-rest-celeiro-da-fazenda-chef-arturo-salano-2\/\" rel=\"attachment wp-att-7783\"><img loading=\"lazy\" decoding=\"async\" aria-describedby=\"caption-attachment-7783\" class=\"size-full wp-image-7783\" src=\"http:\/\/www.girosgourmet.com.br\/wp-content\/uploads\/2017\/07\/Sopa-de-legumes-com-macarr\u00e3o-Rest-Celeiro-da-Fazenda-Chef-Arturo-Salano-2.jpg\" alt=\"\" width=\"3264\" height=\"1836\" srcset=\"http:\/\/www.girosgourmet.com.br\/wp-content\/uploads\/2017\/07\/Sopa-de-legumes-com-macarr\u00e3o-Rest-Celeiro-da-Fazenda-Chef-Arturo-Salano-2.jpg 3264w, http:\/\/www.girosgourmet.com.br\/wp-content\/uploads\/2017\/07\/Sopa-de-legumes-com-macarr\u00e3o-Rest-Celeiro-da-Fazenda-Chef-Arturo-Salano-2-300x169.jpg 300w, http:\/\/www.girosgourmet.com.br\/wp-content\/uploads\/2017\/07\/Sopa-de-legumes-com-macarr\u00e3o-Rest-Celeiro-da-Fazenda-Chef-Arturo-Salano-2-768x432.jpg 768w, http:\/\/www.girosgourmet.com.br\/wp-content\/uploads\/2017\/07\/Sopa-de-legumes-com-macarr\u00e3o-Rest-Celeiro-da-Fazenda-Chef-Arturo-Salano-2-1024x576.jpg 1024w\" sizes=\"auto, (max-width: 3264px) 100vw, 3264px\" \/><\/a><p id=\"caption-attachment-7783\" class=\"wp-caption-text\">Sopa Legumes com macarr\u00e3o<\/p><\/div>\n<p style=\"text-align: justify;\"><span style=\"color: #000000;\">O II Festival de caldos do Celeiro da Fazenda,\u00a0 acontece at\u00e9 o dia 11 de agosto em duas das unidades do Grupo, que promove tamb\u00e9m esse ano um CAMPEONATO aos clientes com premia\u00e7\u00f5es. Uma equipe cronometrar\u00e1 o tempo e a pessoa que tomar a maior quantidade de sopa em menor tempo, no final do Festival ser\u00e1 o vencedor.<\/span><\/p>\n<p style=\"text-align: justify;\"><span style=\"color: #000000;\">Premia\u00e7\u00e3o ser\u00e1 um tablete ao ganhador final. \u00a0(Mais detalhes do campeonato no portal (<a href=\"http:\/\/www.celeirodafazenda.com.br\"><span style=\"color: #0000ff;\">www.celeirodafazenda.com.br<\/span><\/a>).<\/span><\/p>\n<p style=\"text-align: justify;\"><span style=\"color: #000000;\">O card\u00e1pio do festival \u00e9 rotativo e fica por conta do chef Arturo Salano, que todos os dias com sua equipe selecionam seis sabores a serem servidos.\u00a0<\/span><span style=\"color: #000000;\">Citando alguns; Caldinho de feij\u00e3o, Caldo de feij\u00e3o preto com calabresa,\u00a0<\/span><span style=\"color: #000000;\">Caldo verde, Caldo de mocot\u00f3, Sopa-creme de br\u00f3colis, ab\u00f3bora, cenoura, beterraba, entre outras. Todas com acompanhamentos especiais!<\/span><\/p>\n<p style=\"text-align: justify;\"><span style=\"color: #000000;\">Lembrando que o \u201cFestival\u201d agrega o Buffet di\u00e1rio, com mais de 100 variedades entre; saladas, pratos quentes, massas, churrascos e sobremesas.<\/span><\/p>\n<p style=\"text-align: justify;\"><span style=\"color: #000000;\"><strong>Servi\u00e7o<\/strong><\/span><\/p>\n<p style=\"text-align: justify;\"><span style=\"color: #000000;\">Bar do Juarez\u00a0\u00a0<strong>Moema<\/strong>\u00a0\u00a0&#8211;\u00a0\u00a0Avenida Jurema, 324\/332 &#8211; Moema. Telefone (11) 5052-4449 &#8211; Capacidade: 120\/200 lugares &#8211; Hor\u00e1rio: de segunda \u00e0 sexta-feira das 17 \u00e0 1h; s\u00e1bados, domingos e feriados das 12 \u00e0 1h<br \/>\nBar do Juarez\u00a0\u00a0<strong>Itaim<\/strong>\u00a0&#8211; Avenida Juscelino Kubitschek, 1164 esquina com a Rua At\u00edlio\u00a0Inocenti, 303 &#8211; Itaim. Telefone (11) 3078-3458 &#8211; Capacidade: 400\u00a0lugares \u2013 Hor\u00e1rio: todos os dias, das 12 \u00e0 1h<br \/>\nBar do Juarez Brooklin\u00a0&#8211; Rua Joaquim Nabuco,\u00a0325 &#8211; Brooklin. Telefone (11) 3969-4988 &#8211; Capacidade: 400 lugares &#8211; Hor\u00e1rio: de segunda \u00e0 sexta-feira das 17 \u00e0 1h; s\u00e1bados, domingos e feriados das 12 \u00e0 1h<br \/>\nBar do Juarez Pinheiros\u00a0\u00a0&#8211; Rua Deputado Lacerda\u00a0Franco,\u00a0642. Telefone (11) 3578-5228\u00a0&#8211; Capacidade: 210\u00a0lugares &#8211; Hor\u00e1rio: todos os dias, das 12 \u00e0 1h.<\/span><\/p>\n<p style=\"text-align: justify;\"><span style=\"color: #000000;\"><strong>Dona Mathilde Bier<\/strong> &#8211; Avenida Pompeia, 1415, Vila Pompeia, telefone: (11) 3672-4204. <a href=\"http:\/\/www.donamathilde.com.br\/\">www.donamathilde.com.br<\/a><\/span><\/p>\n<p style=\"text-align: justify;\"><span style=\"color: #000000;\"><strong>Terra\u00e7o It\u00e1lia Restaurante &#8211;\u00a0<\/strong><\/span><span style=\"color: #000000;\">Avenida Ipiranga, n\u00b0344 &#8211; 41\u00b0 e 42\u00ba &#8211; Centro &#8211; S\u00e3o Paulo -Reservas:\u00a0\u00a0SP (11) 2189-2929\u00a0<\/span><span style=\"color: #000000;\"><a href=\"http:\/\/www.terracoitalia.com.br\/\">www.terracoitalia.com.br<\/a><\/span><\/p>\n<p style=\"text-align: justify;\"><span style=\"color: #000000;\"><strong>Celeiro da Fazenda \u00a0\u2013 Santana &#8211;\u00a0<\/strong><\/span><span style=\"color: #000000;\">Endere\u00e7o: Av Luiz Dumont Villares, 651 \u2013 Santana \u2013 S\u00e3o Paulo &#8211; SP &#8211;\u00a0<\/span><span style=\"color: #000000;\">Tel. (11) 2950-6090<\/span><\/p>\n<p style=\"text-align: justify;\"><span style=\"color: #000000;\"><strong><u>Celeiro da Fazenda \u2013 Perdizes &#8211;\u00a0<\/u><\/strong><\/span><span style=\"color: #000000;\">Endere\u00e7o: Rua Jo\u00e3o Ramalho, 647 \u2013 Perdizes \u2013 S\u00e3o Paulo &#8211; SP &#8211;\u00a0<\/span><span style=\"color: #000000;\">Tel. (11) 3562-2006<\/span><\/p>\n<p>&nbsp;<\/p>\n<p>&nbsp;<\/p>\n<iframe src=\"http:\/\/www.facebook.com\/plugins\/like.php?href=http:\/\/www.girosgourmet.com.br\/index.php\/especial-giros-gourmet-confira-nosso-roteiros-de-sopas-e-caldos-pela-capital-paulista\/&amp;layout=standard&amp;show_faces=1&amp;width=450&amp;action=like&amp;colorscheme=light&amp;font=\" scrolling=\"no\" frameborder=\"0\" style=\"border:none; overflow:hidden; width:450px; height:60px\"><\/iframe>","protected":false},"excerpt":{"rendered":"<p>Para mim Inverno gastron\u00f4mico \u00e9 sin\u00f4nimo de sopa, e nada mais reconfortante para nossa alma do que conferir um dos festivais de sopas que est\u00e3o espalhados pela cidade. Fomos conferir alguns lugares de Sampa, e separamos dicas valiosas para quem esta buscando receitas primorosas, sem pesar no bolso. Confira nosso [&hellip;]<\/p>\n","protected":false},"author":3,"featured_media":0,"comment_status":"open","ping_status":"closed","sticky":false,"template":"","format":"standard","meta":{"footnotes":""},"categories":[39],"tags":[1747,1748,1216,1749,1670,726],"class_list":["post-7779","post","type-post","status-publish","format-standard","hentry","category-gastronomia","tag-caldos","tag-celeiro-da-fazenda","tag-festival-de-sopas","tag-le-vin-bistro","tag-sopa","tag-terraco-italia"],"_links":{"self":[{"href":"http:\/\/www.girosgourmet.com.br\/index.php\/wp-json\/wp\/v2\/posts\/7779","targetHints":{"allow":["GET"]}}],"collection":[{"href":"http:\/\/www.girosgourmet.com.br\/index.php\/wp-json\/wp\/v2\/posts"}],"about":[{"href":"http:\/\/www.girosgourmet.com.br\/index.php\/wp-json\/wp\/v2\/types\/post"}],"author":[{"embeddable":true,"href":"http:\/\/www.girosgourmet.com.br\/index.php\/wp-json\/wp\/v2\/users\/3"}],"replies":[{"embeddable":true,"href":"http:\/\/www.girosgourmet.com.br\/index.php\/wp-json\/wp\/v2\/comments?post=7779"}],"version-history":[{"count":7,"href":"http:\/\/www.girosgourmet.com.br\/index.php\/wp-json\/wp\/v2\/posts\/7779\/revisions"}],"predecessor-version":[{"id":7793,"href":"http:\/\/www.girosgourmet.com.br\/index.php\/wp-json\/wp\/v2\/posts\/7779\/revisions\/7793"}],"wp:attachment":[{"href":"http:\/\/www.girosgourmet.com.br\/index.php\/wp-json\/wp\/v2\/media?parent=7779"}],"wp:term":[{"taxonomy":"category","embeddable":true,"href":"http:\/\/www.girosgourmet.com.br\/index.php\/wp-json\/wp\/v2\/categories?post=7779"},{"taxonomy":"post_tag","embeddable":true,"href":"http:\/\/www.girosgourmet.com.br\/index.php\/wp-json\/wp\/v2\/tags?post=7779"}],"curies":[{"name":"wp","href":"https:\/\/api.w.org\/{rel}","templated":true}]}}