{"id":7770,"date":"2017-07-06T01:10:18","date_gmt":"2017-07-06T04:10:18","guid":{"rendered":"http:\/\/www.girosgourmet.com.br\/?p=7770"},"modified":"2017-07-04T20:18:06","modified_gmt":"2017-07-04T23:18:06","slug":"organic-food-fest-promove-1o-festival-de-pizzas-organicas","status":"publish","type":"post","link":"http:\/\/www.girosgourmet.com.br\/index.php\/organic-food-fest-promove-1o-festival-de-pizzas-organicas\/","title":{"rendered":"Organic Food Fest promove 1\u00ba Festival de Pizzas Org\u00e2nicas."},"content":{"rendered":"<div id=\"attachment_7771\" style=\"width: 1510px\" class=\"wp-caption aligncenter\"><a href=\"http:\/\/www.girosgourmet.com.br\/?attachment_id=7771\" rel=\"attachment wp-att-7771\"><img loading=\"lazy\" decoding=\"async\" aria-describedby=\"caption-attachment-7771\" class=\"size-full wp-image-7771\" src=\"http:\/\/www.girosgourmet.com.br\/wp-content\/uploads\/2017\/07\/gra\u00e7a-di-napolli_ambiente_cr\u00e9ditos-tadeu-brunelli_bx.jpg\" alt=\"\" width=\"1500\" height=\"990\" srcset=\"http:\/\/www.girosgourmet.com.br\/wp-content\/uploads\/2017\/07\/gra\u00e7a-di-napolli_ambiente_cr\u00e9ditos-tadeu-brunelli_bx.jpg 1500w, http:\/\/www.girosgourmet.com.br\/wp-content\/uploads\/2017\/07\/gra\u00e7a-di-napolli_ambiente_cr\u00e9ditos-tadeu-brunelli_bx-300x198.jpg 300w, http:\/\/www.girosgourmet.com.br\/wp-content\/uploads\/2017\/07\/gra\u00e7a-di-napolli_ambiente_cr\u00e9ditos-tadeu-brunelli_bx-768x507.jpg 768w, http:\/\/www.girosgourmet.com.br\/wp-content\/uploads\/2017\/07\/gra\u00e7a-di-napolli_ambiente_cr\u00e9ditos-tadeu-brunelli_bx-1024x676.jpg 1024w\" sizes=\"auto, (max-width: 1500px) 100vw, 1500px\" \/><\/a><p id=\"caption-attachment-7771\" class=\"wp-caption-text\">Foto: Tadeu Brunelli<\/p>\n<p><\/p><\/div>\n<p style=\"text-align: justify;\"><span style=\"color: #000000;\">Olha mais um festival voltado para os amantes da vida saud\u00e1vel, mas sem perder a ternura! Para comemorar o Dia Mundial da Pizza que rola oficialmente no dia 10 de julho, o evento <strong>Off Redondas, <\/strong>primeiro festival de pizzas org\u00e2nicas da Capital Paulista reunir\u00e1 10 pizzarias bacanas, com receitas in\u00e9ditas e sustent\u00e1veis<em>.<\/em><\/span><\/p>\n<p style=\"text-align: justify;\"><span style=\"color: #000000;\">A pizza, \u00edcone da gastronomia paulistana, ganha neste m\u00eas, n\u00e3o apenas um dia de festa, mas um festival inteiramente dedicado a ela! Voc\u00ea poder\u00e1 conferir entre os dias 09 a 23\/julho\/17, e detalhe curioso, come\u00e7a e termina num domingo, dia em que comer pizza \u00e9 o programa obrigat\u00f3rio dos paulistanos.<\/span><\/p>\n<p style=\"text-align: justify;\"><span style=\"color: #000000;\">Casas tradicionais oferecer\u00e3o, sempre no jantar, sabores exclusivos ao pre\u00e7o fixo de R$ 49 (brotinho, 04 peda\u00e7os) e R$ 79 (normal, 08 peda\u00e7os). Com o objetivo de aliar sabor e sa\u00fade, cada pizza do festival ter\u00e1 50% dos ingredientes de origem org\u00e2nica, proveni\u00eancia agroecol\u00f3gica ou de pequenos produtores.<\/span><\/p>\n<div id=\"attachment_7772\" style=\"width: 910px\" class=\"wp-caption aligncenter\"><a href=\"http:\/\/www.girosgourmet.com.br\/?attachment_id=7772\" rel=\"attachment wp-att-7772\"><img loading=\"lazy\" decoding=\"async\" aria-describedby=\"caption-attachment-7772\" class=\"size-full wp-image-7772\" src=\"http:\/\/www.girosgourmet.com.br\/wp-content\/uploads\/2017\/07\/Margherita-Artigianale_Gra\u00e7a-di-Napoli_-cr\u00e9ditos-Lu\u00eds-Simione-2.jpg\" alt=\"\" width=\"900\" height=\"600\" srcset=\"http:\/\/www.girosgourmet.com.br\/wp-content\/uploads\/2017\/07\/Margherita-Artigianale_Gra\u00e7a-di-Napoli_-cr\u00e9ditos-Lu\u00eds-Simione-2.jpg 900w, http:\/\/www.girosgourmet.com.br\/wp-content\/uploads\/2017\/07\/Margherita-Artigianale_Gra\u00e7a-di-Napoli_-cr\u00e9ditos-Lu\u00eds-Simione-2-300x200.jpg 300w, http:\/\/www.girosgourmet.com.br\/wp-content\/uploads\/2017\/07\/Margherita-Artigianale_Gra\u00e7a-di-Napoli_-cr\u00e9ditos-Lu\u00eds-Simione-2-768x512.jpg 768w\" sizes=\"auto, (max-width: 900px) 100vw, 900px\" \/><\/a><p id=\"caption-attachment-7772\" class=\"wp-caption-text\">Margherita Artigianale_<\/p><\/div>\n<p style=\"text-align: justify;\"><span style=\"color: #000000;\">A premiada<strong> Gra\u00e7a di Napolli<\/strong> (eleita melhor pizzaria da cidade pelo j\u00fari da <em>Comer e Beber<\/em>, da revista <em>Veja S\u00e3o Paulo<\/em>, em 2014, e melhor do Brasil pela revista <em>Gula<\/em>, em 2015), de Santana, \u00e9 uma das participantes. O restaurateur <strong>Tony Martin<\/strong> apresenta novidades como a lev\u00edssima <em>Cacio e Pepe<\/em>, uma vers\u00e3o de pizza sem molho. Com massa de fermenta\u00e7\u00e3o longa e natural, de gr\u00e3os especiais italianos, crocante e de bordas aeradas, a cobertura traz um mix queijo de cabra org\u00e2nico, pecorino fiore e pimenta-do-reino. Outra op\u00e7\u00e3o \u00e9 a <em>Capri Naturale<\/em>, que re\u00fane molho caseiro de tomate italiano, creme de ricota do chef, abobrinha org\u00e2nica e lascas de queijo de cabra org\u00e2nico.<\/span><\/p>\n<p style=\"text-align: justify;\"><span style=\"color: #000000;\">Na tradicional <strong>Mercearia do Conde<\/strong>, que acaba de completar 25 anos, um dos poucos restaurantes da cidade que abrem para o jantar aos domingos, apesar do card\u00e1pio variado e de diferentes sotaques, a pizza sempre fez sucesso. Para o festival, a colorida casa, do Jardim Paulistano, apresentar\u00e1 a <strong><em>Pizza do Conde<\/em><\/strong>, numa vers\u00e3o 100% org\u00e2nica: massa com farinha integral e org\u00e2nica, legumes grelhados da esta\u00e7\u00e3o, vindos de pequenos produtores, como abobrinha e berinjela, queijo de cabra org\u00e2nico e manjeric\u00e3o org\u00e2nico.<\/span><\/p>\n<p style=\"text-align: justify;\"><span style=\"color: #000000;\">Quem participa tamb\u00e9m do Festival \u00e9 a famosa pizzaria <strong>Cristal, <\/strong>a<strong> Vica Pota, Maremonti, <\/strong>a<strong> Pizza da Mooca,<\/strong> entre outros.<\/span><\/p>\n<p style=\"text-align: justify;\"><span style=\"color: #000000;\">Vale conferir neste inverno, o festival que aquecer\u00e1 nossa alma de forma leve e saud\u00e1vel!<\/span><\/p>\n<p style=\"text-align: justify;\"><span style=\"color: #000000;\">Servi\u00e7o:<\/span><br \/>\n<span style=\"color: #000000;\"><span style=\"font-size: 1rem;\">Organic Food Fest (Off)<br \/>\n<\/span><strong style=\"font-size: 1rem;\">www.organicfoodfest.com.br<br \/>\n<\/strong><span style=\"font-size: 1rem;\">Tel. 11 97390-6888<br \/>\n<\/span><span style=\"font-size: 1rem;\">Facebook: \/organicfoodfest<br \/>\n<\/span><span style=\"font-size: 1rem;\">Instagram: @organicfoodfest<br \/>\n<\/span><span style=\"font-size: 1rem;\">Twitter: @organicoff<\/span><\/span><\/p>\n<iframe src=\"http:\/\/www.facebook.com\/plugins\/like.php?href=http:\/\/www.girosgourmet.com.br\/index.php\/organic-food-fest-promove-1o-festival-de-pizzas-organicas\/&amp;layout=standard&amp;show_faces=1&amp;width=450&amp;action=like&amp;colorscheme=light&amp;font=\" scrolling=\"no\" frameborder=\"0\" style=\"border:none; overflow:hidden; width:450px; height:60px\"><\/iframe>","protected":false},"excerpt":{"rendered":"<p>Olha mais um festival voltado para os amantes da vida saud\u00e1vel, mas sem perder a ternura! Para comemorar o Dia Mundial da Pizza que rola oficialmente no dia 10 de julho, o evento Off Redondas, primeiro festival de pizzas org\u00e2nicas da Capital Paulista reunir\u00e1 10 pizzarias bacanas, com receitas in\u00e9ditas [&hellip;]<\/p>\n","protected":false},"author":3,"featured_media":0,"comment_status":"open","ping_status":"closed","sticky":false,"template":"","format":"standard","meta":{"footnotes":""},"categories":[39],"tags":[1597,1692,1741,1663],"class_list":["post-7770","post","type-post","status-publish","format-standard","hentry","category-gastronomia","tag-mercearia-do-conde","tag-organic-food-fest-off","tag-pizza-organica","tag-pizzas"],"_links":{"self":[{"href":"http:\/\/www.girosgourmet.com.br\/index.php\/wp-json\/wp\/v2\/posts\/7770","targetHints":{"allow":["GET"]}}],"collection":[{"href":"http:\/\/www.girosgourmet.com.br\/index.php\/wp-json\/wp\/v2\/posts"}],"about":[{"href":"http:\/\/www.girosgourmet.com.br\/index.php\/wp-json\/wp\/v2\/types\/post"}],"author":[{"embeddable":true,"href":"http:\/\/www.girosgourmet.com.br\/index.php\/wp-json\/wp\/v2\/users\/3"}],"replies":[{"embeddable":true,"href":"http:\/\/www.girosgourmet.com.br\/index.php\/wp-json\/wp\/v2\/comments?post=7770"}],"version-history":[{"count":1,"href":"http:\/\/www.girosgourmet.com.br\/index.php\/wp-json\/wp\/v2\/posts\/7770\/revisions"}],"predecessor-version":[{"id":7773,"href":"http:\/\/www.girosgourmet.com.br\/index.php\/wp-json\/wp\/v2\/posts\/7770\/revisions\/7773"}],"wp:attachment":[{"href":"http:\/\/www.girosgourmet.com.br\/index.php\/wp-json\/wp\/v2\/media?parent=7770"}],"wp:term":[{"taxonomy":"category","embeddable":true,"href":"http:\/\/www.girosgourmet.com.br\/index.php\/wp-json\/wp\/v2\/categories?post=7770"},{"taxonomy":"post_tag","embeddable":true,"href":"http:\/\/www.girosgourmet.com.br\/index.php\/wp-json\/wp\/v2\/tags?post=7770"}],"curies":[{"name":"wp","href":"https:\/\/api.w.org\/{rel}","templated":true}]}}